{"id":12247,"date":"2013-10-24T19:34:04","date_gmt":"2013-10-24T17:34:04","guid":{"rendered":"http:\/\/www.invarena.cz\/?p=12247"},"modified":"2013-10-24T19:34:04","modified_gmt":"2013-10-24T17:34:04","slug":"o-ucast-ve-volbach-je-zajem-v-domovech-pro-seniory-i-v-nemocnicich","status":"publish","type":"post","link":"https:\/\/www.invarena.cz\/?p=12247","title":{"rendered":"O \u00fa\u010dast ve volb\u00e1ch je z\u00e1jem v domovech pro seniory i v nemocnic\u00edch"},"content":{"rendered":"<p><strong>Tradi\u010dn\u011b nejv\u011bt\u0161\u00ed z\u00e1jem o \u00fa\u010dast v p\u0159ed\u010dasn\u00fdch parlamentn\u00edch volb\u00e1ch je v domovech pro seniory, v nemocnic\u00edch n\u00e1sledn\u00e9 p\u00e9\u010de a geriatrick\u00fdch centrech. Volit si p\u0159ej\u00ed i l\u00e1ze\u0148\u0161t\u00ed host\u00e9.<!--more--><\/strong><\/p>\n<p>&nbsp;<\/p>\n<p>Naproti tomu v\u00a0nemocnic\u00edch akutn\u00ed p\u00e9\u010de je v\u017edy z\u00e1jem men\u0161\u00ed. Seznam voli\u010d\u016f se toti\u017e uzav\u00edr\u00e1 p\u00e1r dn\u00ed p\u0159ed volbami, v dob\u011b voleb tak u\u017e \u0159ada pacient\u016f je propu\u0161t\u011bna a ti, kte\u0159\u00ed byli nov\u011b p\u0159ijati, u\u017e dops\u00e1ni b\u00fdt nemohou.<\/p>\n<p>Minim\u00e1ln\u00ed z\u00e1jem volit maj\u00ed nap\u0159. pacienti Karlovarsk\u00e9 krajsk\u00e9 nemocnice a.s., z 252 pacient\u016f\u00a0nemocnice v Karlov\u00fdch Varech jich chce volit deset, s nimi i jeden l\u00e9ka\u0159, z 226 pacient\u016f\u00a0nemocnice v Chebu cht\u011bl volit jeden, byl ale u\u017e propu\u0161t\u011bn dom\u016f, kde tak\u00e9 odvol\u00ed.<\/p>\n<p>T\u00e9m\u011b\u0159 v\u0161ichni, kdo volit mohou, cht\u011bj\u00ed volit v pra\u017esk\u00e9m Domov\u011b pro seniory H\u00e1je. Z 220 obyvatel \u017eije v domov\u011b 112 trvale a jsou ve st\u00e1l\u00e9m seznamu voli\u010d\u016f. Na zvl\u00e1\u0161tn\u00edm seznamu je 60 obyvatel, ostatn\u00edm znemo\u017e\u0148uje rozhodov\u00e1n\u00ed v\u011bt\u0161inou demence. Chod\u00edc\u00ed obyvatel\u00e9 p\u0159ijdou do volebn\u00ed m\u00edstnosti, ostatn\u00ed obejde volebn\u00ed komise.<\/p>\n<p>&#8222;Kdy\u017e se otev\u0159e volebn\u00ed m\u00edstnost, p\u0159ich\u00e1zej\u00ed obyvatel\u00e9 ve slavnostn\u00ed n\u00e1lad\u011b, p\u00e1nov\u00e9 v oblec\u00edch, d\u00e1my ve sv\u00e1te\u010dn\u00edch \u0161atech. Maj\u00ed zako\u0159en\u011bno, \u017ee j\u00edt volit je jejich demokratick\u00e1 povinnost. I na\u0161e nejstar\u0161\u00ed obyvatelka, 102-let\u00e1 d\u00e1ma, u\u017e se ptala, zda na ni nezapomeneme,&#8220; \u0159ekla vedouc\u00ed soci\u00e1ln\u011b aktiviza\u010dn\u00edho programu Gita Ruthov\u00e1.<\/p>\n<p>S vy\u0159\u00edzen\u00edm voli\u010dsk\u00fdch pr\u016fkaz\u016f pomohl pacient\u016fm person\u00e1l nap\u0159\u00edklad ve Fakultn\u00ed\u00a0nemocnici Olomouc, kde chce volit zhruba 150 pacient\u016f. Volebn\u00ed komise projde\u00a0nemocnici a zav\u00edt\u00e1 i na jednotku intenzivn\u00ed p\u00e9\u010de hemato-onkologick\u00e9 kliniky, kde le\u017e\u00ed pacienti po transplantaci kostn\u00ed d\u0159en\u011b. \u010clenov\u00e9 komise si budou muset p\u0159ed vstupem na pokoj obl\u00e9ct steriln\u00ed pr\u00e1dlo a rou\u0161ky, aby pacienty s oslabenou imunitou neohrozili infekc\u00ed.<\/p>\n<p>Zhruba stejn\u00fd z\u00e1jem jako v p\u0159edchoz\u00edch volb\u00e1ch je nap\u0159\u00edklad v pra\u017esk\u00e9\u00a0nemocnici Na Bulovce s tis\u00edcovkou l\u016f\u017eek, kde je podle mluv\u010d\u00edho Martina \u0160alka ve zvl\u00e1\u0161tn\u00edm seznamu 118 pacient\u016f, nejv\u00edc z ortopedie, 30, a z chirurgie 18. Zapsat se mohli i zam\u011bstnanci, kte\u0159\u00ed v dob\u011b voleb budou ve slu\u017eb\u011b, nebo si mohli vy\u0159\u00eddit voli\u010dsk\u00fd pr\u016fkaz. V prezidentsk\u00fdch volb\u00e1ch letos v lednu volilo v\u00a0nemocnici v prvn\u00edm kole 99 pacient\u016f, ve druh\u00e9m 131.<\/p>\n<p>V plze\u0148sk\u00e9 fakultn\u00ed\u00a0nemocnici projevilo podle mluv\u010d\u00ed Gabriely Levorov\u00e9 z\u00e1jem o \u00fa\u010dast ve volb\u00e1ch 94 pacient\u016f, dal\u0161\u00ed pr\u00fd p\u0159ijdou s voli\u010dsk\u00fdm pr\u016fkazem. P\u0159i prezidentsk\u00fdch volb\u00e1ch hlasovalo v\u00a0nemocnici 150 pacient\u016f. V\u00a0nemocnic\u00edch spravovan\u00fdch Plze\u0148sk\u00fdm krajem to podle mluv\u010d\u00edho holdingu Ji\u0159\u00edho Koko\u0161ky zat\u00edm vypad\u00e1 na \u00fa\u010dast zhruba o 30 procent ni\u017e\u0161\u00ed ne\u017e p\u0159i prezidentsk\u00fdch volb\u00e1ch. &#8222;Nap\u0159\u00edklad v rokycansk\u00e9\u00a0nemocnici m\u011blo z\u00e1jem o volbu prezidenta v prvn\u00edm kole 26 pacient\u016f, ve druh\u00e9m kole 17, nyn\u00ed zat\u00edm sedm,&#8220; \u0159ekl.<\/p>\n<p>Ve v\u011bt\u0161in\u011b\u00a0nemocnic maj\u00ed pacienti z\u00e1jem zhruba stejn\u00fd jako v posledn\u00edch parlamentn\u00edch volb\u00e1ch, plat\u00ed to i pro\u00a0nemocnice v \u010cesk\u00fdch Bud\u011bjovic\u00edch, Liberci, Ostrav\u011b-V\u00edtkovic\u00edch nebo \u010cesk\u00e9 L\u00edp\u011b, v n\u00ed\u017e se podle mluv\u010d\u00edho Petra Pokorn\u00e9ho zapsali do voli\u010dsk\u00fdch seznam\u016f tak\u00e9 lid\u00e9, kte\u0159\u00ed maj\u00ed na obdob\u00ed voleb napl\u00e1novanou operaci, t\u0159eba ky\u010dle. Pokud se nezapsali a ani si nevy\u0159\u00eddili p\u0159edem voli\u010dsk\u00fd pr\u016fkaz, volit nemohou, z\u00e1kon to neumo\u017e\u0148uje, shrnula mluv\u010d\u00ed jabloneck\u00e9\u00a0nemocnice<\/p>\n<p>&nbsp;<\/p>\n","protected":false},"excerpt":{"rendered":"<div class=\"mh-excerpt\"><p>Tradi\u010dn\u011b nejv\u011bt\u0161\u00ed z\u00e1jem o \u00fa\u010dast v p\u0159ed\u010dasn\u00fdch parlamentn\u00edch volb\u00e1ch je v domovech pro seniory, v nemocnic\u00edch n\u00e1sledn\u00e9 p\u00e9\u010de a geriatrick\u00fdch centrech. Volit si p\u0159ej\u00ed i <a class=\"mh-excerpt-more\" href=\"https:\/\/www.invarena.cz\/?p=12247\" title=\"O \u00fa\u010dast ve volb\u00e1ch je z\u00e1jem v domovech pro seniory i v nemocnic\u00edch\">[&#8230;]<\/a><\/p>\n<\/div>","protected":false},"author":1,"featured_media":0,"comment_status":"open","ping_status":"open","sticky":false,"template":"","format":"standard","meta":{"footnotes":""},"categories":[7],"tags":[],"class_list":["post-12247","post","type-post","status-publish","format-standard","hentry","category-spolecnost"],"_links":{"self":[{"href":"https:\/\/www.invarena.cz\/index.php?rest_route=\/wp\/v2\/posts\/12247","targetHints":{"allow":["GET"]}}],"collection":[{"href":"https:\/\/www.invarena.cz\/index.php?rest_route=\/wp\/v2\/posts"}],"about":[{"href":"https:\/\/www.invarena.cz\/index.php?rest_route=\/wp\/v2\/types\/post"}],"author":[{"embeddable":true,"href":"https:\/\/www.invarena.cz\/index.php?rest_route=\/wp\/v2\/users\/1"}],"replies":[{"embeddable":true,"href":"https:\/\/www.invarena.cz\/index.php?rest_route=%2Fwp%2Fv2%2Fcomments&post=12247"}],"version-history":[{"count":0,"href":"https:\/\/www.invarena.cz\/index.php?rest_route=\/wp\/v2\/posts\/12247\/revisions"}],"wp:attachment":[{"href":"https:\/\/www.invarena.cz\/index.php?rest_route=%2Fwp%2Fv2%2Fmedia&parent=12247"}],"wp:term":[{"taxonomy":"category","embeddable":true,"href":"https:\/\/www.invarena.cz\/index.php?rest_route=%2Fwp%2Fv2%2Fcategories&post=12247"},{"taxonomy":"post_tag","embeddable":true,"href":"https:\/\/www.invarena.cz\/index.php?rest_route=%2Fwp%2Fv2%2Ftags&post=12247"}],"curies":[{"name":"wp","href":"https:\/\/api.w.org\/{rel}","templated":true}]}}