{"id":12267,"date":"2013-10-26T00:37:07","date_gmt":"2013-10-25T22:37:07","guid":{"rendered":"http:\/\/www.invarena.cz\/?p=12267"},"modified":"2013-10-26T00:51:42","modified_gmt":"2013-10-25T22:51:42","slug":"zrusit-regulacni-poplatky-ve-zdravotnictvi-nebo-ne","status":"publish","type":"post","link":"https:\/\/www.invarena.cz\/?p=12267","title":{"rendered":"Zru\u0161it regula\u010dn\u00ed poplatky ve zdravotnictv\u00ed nebo ne?"},"content":{"rendered":"<p><strong>Radio\u017eurn\u00e1l vys\u00edlal posledn\u00ed tematickou debatu z\u00e1stupc\u016f politick\u00fdch stran a hnut\u00ed kandiduj\u00edc\u00edch do sn\u011bmovny s V\u00e1clavem Kr\u00e1sou, ministrem Franti\u0161kem Kon\u00ed\u010dkem, Lenkou Kohoutovou a dal\u0161\u00edmi.<!--more--><\/strong><\/p>\n<p><em>V\u00e1clav KR\u00c1SA, l\u00eddr KDU-\u010cSL v Plze\u0148sk\u00e9m kraji. Vedle n\u011bho sed\u00ed l\u00eddr kandid\u00e1tky hnut\u00ed \u00dasvit v Kr\u00e1lov\u00e9hradeck\u00e9m kraji Ji\u0159\u00ed \u0160t\u011btina.<\/em><\/p>\n<p><em>Miroslav Op\u00e1lka, l\u00eddr Komunistick\u00e9 strany \u010cech a Moravy v Moravskoslezsk\u00e9m kraji.<\/em><\/p>\n<p><em>Leo\u0161 Heger, l\u00eddr kandid\u00e1tky TOP 09 v Kr\u00e1lov\u00e9hradeck\u00e9m kraji.<\/em><\/p>\n<p><em>Franti\u0161ek Kon\u00ed\u010dek, dvojka na kandid\u00e1tce Strany Pr\u00e1v Ob\u010dan\u016f ve St\u0159edo\u010desk\u00e9m kraji, tak\u00e9 ministr pr\u00e1ce a soci\u00e1ln\u00edch v\u011bc\u00ed v demisi.<\/em><\/p>\n<p><em>\u010c\u00edslo 5 na pra\u017esk\u00e9 kandid\u00e1tce Ob\u010dansk\u00e9 demokratick\u00e9 strany, to je Lenka Kohoutov\u00e1.<\/em><\/p>\n<p><em>Pavol Skalka, \u010d\u00edslo 13 na kandid\u00e1tce hnut\u00ed ANO ve Zl\u00ednsk\u00e9m kraji.<\/em><\/p>\n<p>moder\u00e1tor:<strong> Aby bylo mo\u017eno v klidu zru\u0161it regula\u010dn\u00ed poplatky&#8230;.<\/strong><\/p>\n<p>Ji\u0159\u00ed B\u011aHOUNEK, l\u00eddr kandid\u00e1tky \u010cSSD v kraji Vyso\u010dina:<br \/>\nRegula\u010dn\u00ed poplatky nic nereguluj\u00ed. Podle statistik, kter\u00e9 jsou k dispozici z \u00daZISu, naopak stouply po\u010dty n\u00e1v\u0161t\u011bv a j\u00e1 jsem v\u00fdkonn\u00fd l\u00e9ka\u0159 a v\u00edm, \u017ee prost\u011b pro ty lidi 90 korun, kdy\u017e do t\u00fd nemocnice cht\u011bj\u00ed j\u00edt mimo norm\u00e1ln\u00ed ordina\u010dn\u00ed hodiny a nemus\u00ed j\u00edt k praktick\u00e9mu l\u00e9ka\u0159i, tak to b\u011b\u017en\u011b d\u00e1vaj\u00ed, tak\u017ee to nic &#8230;<\/p>\n<p><strong>soci\u00e1ln\u00ed demokrat\u00e9 jak tedy jako uva\u017euj\u00ed o regula\u010dn\u00edch poplatc\u00edch? Ponech\u00e1te je, kdy\u017e na to budete m\u00edt vliv?<\/strong><\/p>\n<p>Ji\u0159\u00ed B\u011aHOUNEK, l\u00eddr kandid\u00e1tky \u010cSSD v kraji Vyso\u010dina:<br \/>\nJ\u00e1 mysl\u00edm, \u017ee jsme jasn\u011b \u0159ekli, \u017ee ponech\u00e1me pouze platbu za pobyt v nemocnici, proto\u017ee &#8230;<\/p>\n<p><strong>pane hejtmane, vy jste \u0159ekl, \u017ee z va\u0161\u00ed praxe to lid\u00e9 r\u00e1di zaplat\u00ed i t\u011bch 90 korun, co\u017e je jakoby ta vy\u0161\u0161\u00ed sazba toho poplatku za n\u00e1v\u0161t\u011bvu mimo ordina\u010dn\u00ed hodiny nap\u0159\u00edklad, tak pro\u010d to ru\u0161it, kdy\u017e to lid\u00e9 r\u00e1di zaplat\u00ed?<\/strong><\/p>\n<p>Ji\u0159\u00ed B\u011aHOUNEK:<br \/>\nNo, proto\u017ee to nen\u00ed \u017e\u00e1dn\u00e1 regulace<\/p>\n<p>Pavol SKALKA, \u010d\u00edslo 13 na kandid\u00e1tce hnut\u00ed ANO ve Zl\u00ednsk\u00e9m kraji:<br \/>\nJ\u00e1 bych stra\u0161n\u011b r\u00e1d k tomu n\u011bco \u0159ekl, tady se bav\u00edme reguluj\u00ed &#8211; nereguluj\u00ed. V\u00edme, \u017ee o 40 % klesly n\u00e1v\u0161t\u011bvy pohotovosti, jo, tam to m\u00e1 smysl, proto\u017ee zmizely ty zbyte\u010dn\u00e9 n\u00e1v\u0161t\u011bvy, kdy si pacienti hledali cestu, jak obej\u00edt frontu v \u010dek\u00e1rn\u011b u praktika. Je o 4 % zhruba je vy\u010d\u00edsleno, \u017ee klesl po\u010det t\u011bch nadbyte\u010dn\u00fdch hospitalizac\u00ed, co\u017e je samoz\u0159ejm\u011b na m\u00edst\u011b. Ale proto\u017ee ty poplatky byly u n\u00e1s ud\u011blen\u00e9 tou \u010deskou cestou nesmyslnou, jsou zem\u011b, kde to funguje, tak t\u0159eba v ambulantn\u00edch n\u00e1v\u0161t\u011bv m\u00e1me po\u0159\u00e1d stejn\u011b, dokonce v\u00edc, ne\u017e jsme m\u011bli, a jsme zem\u011b, kde jich m\u00e1me stra\u0161n\u011b mnoho, tady je dvojn\u00e1sobek n\u00e1v\u0161t\u011bv u l\u00e9ka\u0159e proti t\u0159eba \u0160v\u00fdcarsku jako ro\u010dn\u011b.<\/p>\n<p>\u00dastava samoz\u0159ejm\u011b podle m\u011b by platit m\u011bla, my taky proto ty poplatky, hlavn\u011b ty nesmysln\u00e9 chceme zru\u0161it.<\/p>\n<p><strong>Kter\u00e9 jsou ty nesmysln\u00e9?<\/strong><\/p>\n<p>Pavol SKALKA<br \/>\nNesmysln\u00e9 jsou t\u0159eba ty n\u00e1v\u0161t\u011bvy v ambulanci, jak jsou nastaveny. Chronick\u00fd pacient chod\u00ed na n\u00e1v\u0161t\u011bvy t\u0159eba onkologick\u00e9 nebo n\u011bjak\u00fd a plat\u00ed po t\u0159icetikorun\u011b, co\u017e se pro n\u011bho stane u\u017e z\u00e1t\u011b\u017e\u00ed, administrativn\u011b to zat\u011b\u017euje a hlavn\u011b to nic nereguluje, proto\u017ee to je u n\u00e1s jako naprosto odli\u0161n\u00fd od jin\u00fd \u010d\u00e1sti sv\u011bta p\u0159\u00edjmem toho l\u00e9ka\u0159e, jinde to vrac\u00ed zp\u00e1tky do syst\u00e9mu a pak to reguluje. \/Nesrozumiteln\u00e9\/ t\u0159eba ve Finsku, &#8230;<\/p>\n<p><strong>nerozum\u00edm \u00fapln\u011b tomu, co se ud\u00e1lo ve va\u0161em volebn\u00edm programu, proto\u017ee on se ten v\u00e1\u0161 postoj k regula\u010dn\u00edm poplatk\u016fm zm\u011bnil. Na za\u010d\u00e1tku \u0159\u00edjnu \u0159ekn\u011bme bylo n\u011bco, te\u010f je ve va\u0161em programu naps\u00e1no: &#8222;Budeme prosazovat zm\u011bnu syst\u00e9mu regula\u010dn\u00edch poplatk\u016f, z\u00e1sadou bude spravedlnost a solid\u00e1rnost, aby nebyly znev\u00fdhodn\u011bni chroni\u010dt\u00ed a soci\u00e1ln\u011b slab\u0161\u00ed pacienti. Zru\u0161\u00edme poplatek za recept a v\u0161echny poplatky pro seniory.&#8220; Vypadl za posledn\u00edch p\u00e1r dn\u00ed od za\u010d\u00e1tku \u0159\u00edjna \u00famysl zru\u0161it poplatek za pobyt v nemocnici. Pro\u010d jste k tomu s\u00e1hli?<\/strong><\/p>\n<p>Pavol SKALKA:<br \/>\nRozhodl \u00dastavn\u00ed soud, tady u\u017e nemus\u00edme \u0159e\u0161it my, tady je to rozhodnut\u00ed. J\u00e1 mysl\u00edm, \u017ee je pot\u0159eba to respektovat. Ten zru\u0161il poplatek, ten zv\u00fd\u0161en\u00fd poplatek za nemocnici a hospitalizaci.<\/p>\n<p><strong>To nen\u00ed p\u0159ece \u00fapln\u011b korektn\u00ed informace, kdy\u017e k tomu dokonce v\u00edte, \u017ee jak sou\u010dasn\u00e1 vl\u00e1da, tak i ta p\u0159edchoz\u00ed v podstat\u011b u\u017e jsou p\u0159ichyst\u00e1ny z\u00e1kony, kter\u00e9 by to \u0159ekn\u011bme u\u017e v \u00fanoru nebo v b\u0159eznu vr\u00e1tily zp\u00e1tky?<\/strong><\/p>\n<p>Pavol SKALKA:<br \/>\nJsou p\u0159ichyst\u00e1ny, pokud se to ud\u011bl\u00e1 tak, \u017ee to bude skute\u010dn\u011b smyslupln\u00e9, to znamen\u00e1, bude to jak\u00fdsi p\u0159\u00edsp\u011bvek na j\u00eddlo, co\u017e ka\u017ed\u00fd nebo na tu stravu v nemocnici, ka\u017ed\u00fd akceptuje, to si mysl\u00edm, \u017ee nen\u00ed nic, co by se akceptovat nemohlo, ale mus\u00ed to b\u00fdt soci\u00e1ln\u011b \u00fanosn\u00e9, to znamen\u00e1, mus\u00ed to b\u00fdt limitovan\u00e9 n\u011bjak\u00fdm zp\u016fsobem. Prob\u00edhaj\u00ed diskuse. Jsme hnut\u00ed relativn\u011b nov\u00e9, m\u00e1me komisi zdravotn\u00ed, kde se o tom bav\u00edme a samoz\u0159ejm\u011b to dola\u010fujem postupn\u011b, m\u00e1me tam odborn\u00edky, tak\u017ee jak\u00fdsi v\u00fdvoj tady prob\u00edh\u00e1 podle m\u00e9ho n\u00e1zoru.<\/p>\n<p><strong>V\u00edte, co by m\u011b zaj\u00edmalo, kdy\u017e byste byli \u00fasp\u011b\u0161n\u00ed ve volb\u00e1ch, tak jestli budete takto dola\u010fovat i v\u011bci, kter\u00e9 budete jaksi u\u017e d\u011blat jako t\u0159eba z\u00e1konod\u00e1rci, jestli prost\u011b budete \u0159ekn\u011bme sly\u0161et hlas ve\u0159ejn\u00fdch pr\u016fzkum\u016f a budete m\u011bnit sv\u00e9 n\u00e1zory v pr\u016fb\u011bhu volebn\u00edho obdob\u00ed a tak d\u00e1le?<\/strong><\/p>\n<p>Pavol SKALKA:<br \/>\nPoplatky ambulantn\u00ed n\u00e1v\u0161t\u011bvy nic neregulovaly, ty chceme zru\u0161it jednozna\u010dn\u011b, tam nen\u00ed co \u0159e\u0161it. Poplatky za recept zregulovaly to, \u017ee se p\u00ed\u0161ou v\u011bt\u0161\u00ed balen\u00ed l\u00e9k\u016f a na ty recepty je stejn\u00e9 mno\u017estv\u00ed pen\u011bz po\u0159\u00e1d na ty l\u00e9ky, nezreguvalo to naprosto nic, zat\u00ed\u017eilo to nemocn\u00e9, zat\u00ed\u017eilo to chronicky nemocn\u00e9 i soci\u00e1ln\u011b slab\u00e9. To je poplatek, kter\u00fd nem\u00e1 \u017e\u00e1dn\u00fd smysl samoz\u0159ejm\u011b.<\/p>\n<p><strong>Lenka Kohoutov\u00e1 za ODS, jedna citace z va\u0161eho programu. ODS p\u00ed\u0161e: &#8222;Je v\u0161ak zcela nere\u00e1ln\u00e9 uhradit z ve\u0159ejn\u00e9ho zdravotn\u00edho poji\u0161t\u011bn\u00ed ve\u0161kerou z\u00e1kladn\u00ed i specializovanou p\u00e9\u010di a sou\u010dasn\u011b udr\u017eet jej\u00ed vysokou kvalitu. P\u0159i rozumn\u00e9 spolu\u00fa\u010dasti pacienta s mo\u017enost\u00ed komer\u010dn\u00edho p\u0159ipoji\u0161t\u011bn\u00ed to v\u0161ak za mo\u017en\u00e9 pova\u017eujeme.&#8220; Zaj\u00edm\u00e1 m\u011b ten term\u00edn rozumn\u00e1 spolu\u00fa\u010dast.<\/strong><\/p>\n<p>Lenka KOHOUTOV\u00c1<br \/>\nProto jsem se hl\u00e1sila, proto\u017ee \u0159\u00edk\u00e1me, \u017ee dob\u0159e, my bysme \u0161li na poplatek ve zdravotnictv\u00ed nebo v nemocnici za hospitalizaci 60 korun na den a dejme si na jednu misku vah tu podporu, kter\u00e1 je takovouto spolu\u00fa\u010dast\u00ed a na druhou misku vah, co se d\u00edky tomu m\u016f\u017ee st\u00e1t. Jeden den l\u00e9\u010dby na koron\u00e1rn\u00ed jednotce stoj\u00ed minim\u00e1ln\u011b 50 tis\u00edc korun. \u010clov\u011bk za sv\u016fj \u017eivot s pr\u016fm\u011brn\u00fdm platem odevzd\u00e1 zhruba 1,7 milion\u016f do zdravotn\u00edho poji\u0161t\u011bn\u00ed, \u017eena o n\u011bco m\u00e9n\u011b, pokud m\u00e1 d\u011bti, ta \u010d\u00e1stka a te\u010f j\u00e1 m\u00e1m maminku po t\u011b\u017ek\u00e9 operaci srdce, tak v\u00edm, \u017ee p\u00e9\u010de byla brilantn\u00ed, maminka p\u0159e\u017eila, \u017eije, bude m\u00edt kvalitn\u00ed \u017eivot, ale ta l\u00e9\u010dba a ta operace byla tak n\u00e1ro\u010dn\u00e1 a finan\u010dn\u011b n\u00e1ro\u010dn\u00e1, \u017ee podle m\u00e9ho n\u00e1zoru mus\u00edme d\u00e1vat na jednu misku vah pr\u00e1v\u011b to, \u017ee s malou spolu\u00fa\u010dast\u00ed, kter\u00e1 je 5,5 miliardy ro\u010dn\u011b a p\u0159i tomto v\u00fdpadku na druh\u00e9 stran\u011b se m\u016f\u017ee st\u00e1t, \u017ee nebudou l\u00e9\u010deni takto lidi, roztrou\u0161en\u00ed sklerotici.<\/p>\n<p><strong>co to je rozumn\u00e1 spolu\u00fa\u010dast pacienta?<\/strong><\/p>\n<p>Lenka KOHOUTOV\u00c1,:<br \/>\n\u0158\u00edk\u00e1m, \u017ee 60 korun na den na l\u016f\u017eko v hospitalizaci je spr\u00e1vn\u011b, stejn\u011b tak za ambulantn\u00ed p\u00e9\u010di nem\u011bnit tuto \u010d\u00e1stku a spolu\u00fa\u010dast jin\u00e1 je pouze nadstandardn\u00ed a my se domn\u00edv\u00e1me, \u017ee m\u00e1me hovo\u0159it zcela otev\u0159en\u011b o mo\u017enosti nadstandardu, kdy je jednozna\u010dn\u011b d\u00e1no to, co je standard. To, co je standard, je to, co m\u00e1me nyn\u00ed a cokoliv by bylo jin\u00e9ho nap\u0159\u00edklad odleh\u010den\u00e1 s\u00e1dra, robotick\u00e9 operace a podobn\u011b, tak to je potom u\u017e spolu\u00fa\u010dast a na to se \u010dlov\u011bk m\u016f\u017ee ale samoz\u0159ejm\u011b p\u0159ipojistit, komer\u010dn\u011b p\u0159ipojistit.<\/p>\n<p><strong>V programu KDU-\u010cSL, obrac\u00edm se na V\u00e1clava Kr\u00e1su, je naps\u00e1no v podstat\u011b n\u011bco podobn\u00e9ho jako je v mnoha dal\u0161\u00edch programech: &#8222;Prosad\u00edme soci\u00e1ln\u011b \u00fanosnou m\u00edru spolu\u00fa\u010dasti pacient\u016f.&#8220; Co to je?<\/strong><\/p>\n<p>V\u00e1clav KR\u00c1SA:<br \/>\nSamoz\u0159ejm\u011b to je velmi obecn\u00e9. My se pohybujeme dneska zhruba asi v 17 %, 18 % spolu\u00fa\u010dasti na zdravotn\u00ed p\u00e9\u010di, ten evropsk\u00fd standard je p\u0159es 20 % spolu\u00fa\u010dasti, j\u00e1 si v\u0161ak nemysl\u00edm, \u017ee cestou k t\u00e9 vy\u0161\u0161\u00ed spolu\u00fa\u010dasti jsou p\u0159\u00edli\u0161 poplatky. My m\u00e1me v programu 60 korun za pobyt v nemocnici nejd\u00e9le 30 dn\u00ed. J\u00e1 osobn\u011b, a to je m\u016fj n\u00e1zor, si mysl\u00edm, \u017ee v\u0161echny poplatky zat\u011b\u017euj\u00ed ty lidi, kte\u0159\u00ed jsou nejv\u00edce nemocn\u00ed, zpravidla, jakmile jsou \u010dasto nemocn\u00ed, tak jsou i ve slo\u017eit\u00e9 soci\u00e1ln\u00ed situaci a \u017ee jsou vlastn\u011b nespravedliv\u00ed v\u016f\u010di t\u011bm nejslab\u0161\u00edm, proto si obecn\u011b mysl\u00edm, \u017ee ty poplatky regula\u010dn\u00ed nemaj\u00ed smysl nebo jak\u00e9koliv takto, a dokonce v N\u011bmecku byly u\u017e zru\u0161eny. J\u00e1 jenom k tomu &#8230;<\/p>\n<p><strong>Pardon, pane Kr\u00e1so, dob\u0159e, ale nerozum\u00edm po\u0159\u00e1d t\u00e9 v\u011bt\u011b, kterou vy s\u00e1m jste ozna\u010dil za obecnou. Tak mi ji vysv\u011btlete, co to je soci\u00e1ln\u011b \u00fanosn\u00e1 m\u00edra?<\/strong><\/p>\n<p>V\u00e1clav KR\u00c1SA:<br \/>\nAno, a j\u00e1 \u0159eknu te\u010fko, j\u00e1 mysl\u00edm, \u017ee ta soci\u00e1ln\u011b \u00fanosn\u00e1 m\u00edra je takov\u00e1, \u017ee nesm\u00ed ten \u010dlov\u011bk b\u00fdt v situaci, kdy nem\u00e1 na \u00fahradu t\u00e9 spolu\u00fa\u010dasti. J\u00e1 osobn\u011b si p\u0159edstavuji, \u017ee ta spolu\u00fa\u010dast se m\u00e1 odv\u00edjet p\u0159edev\u0161\u00edm u l\u00e9k\u016f, kter\u00e9 obecn\u011b lid\u00e9 pot\u0159ebuj\u00ed na ch\u0159ipky, analgetika a tak d\u00e1le, v t\u00e9to oblasti, \u017ee se m\u00e1 ta spolu\u00fa\u010dast odv\u00edjet a u t\u011bch poplatk\u016f to m\u00e1 b\u00fdt skute\u010dn\u011b v minim\u00e1ln\u00ed m\u00ed\u0159e, ale nap\u0159\u00edklad to, co tady tro\u0161ku zazn\u011blo a nebylo &#8230;<\/p>\n<p><strong>Po\u010dkejte, pane Kr\u00e1so, j\u00e1 jsem mo\u017en\u00e1 \u00fapln\u011b \u0161patn\u011b poslouchal, ale tak je\u0161t\u011b jednou, soci\u00e1ln\u011b \u00fanosn\u00e1 m\u00edra, n\u011bjak\u00fd v\u00e1\u0161 vzkaz na\u0161im poslucha\u010d\u016fm a va\u0161im voli\u010d\u016fm?<\/strong><\/p>\n<p>V\u00e1clav KR\u00c1SA<br \/>\nMy to m\u00e1me p\u0159esn\u011b 2,5 tis\u00edce ro\u010dn\u011b u d\u016fchodc\u016f, to je ta soci\u00e1ln\u011b \u00fanosn\u00e1 m\u00edra. 5 tis\u00edc u t\u011bch ostatn\u00edch, to je ta \u00fanosn\u00e1 m\u00edra a to my m\u00e1me p\u0159esn\u011b takto vydefinov\u00e1no tyto standardy nebo tyto spolu\u00fa\u010dasti.<\/p>\n<p><strong>Ji\u0159\u00ed \u0160t\u011btina za hnut\u00ed \u00dasvit, v\u00e1\u0161 \u00famysl, co se regula\u010dn\u00edmi poplatky a spolu\u00fa\u010dast\u00ed?<\/strong><\/p>\n<p>Ji\u0159\u00ed \u0160T\u011aTINA:<br \/>\nTak ten je jednoduch\u00fd. J\u00e1 bych tady doplnil pana Kr\u00e1su, jak bychom to d\u011blali my. Samoz\u0159ejm\u011b ten poplatek za nezdravotnick\u00e9 slu\u017eby, proto\u017ee ten regula\u010dn\u00ed poplatek za pobyt, to je ta formulace velmi \u0161patn\u00e1 a j\u00e1 se domn\u00edv\u00e1m, \u017ee takov\u00e9hoto poplatku mus\u00ed b\u00fdt zbaveni nepracuj\u00edc\u00ed d\u016fchodci a za druh\u00e9 d\u011bti, to je v tom ta soci\u00e1lnost, jinak se domn\u00edv\u00e1m, \u017ee prost\u011b ty poplatky, kter\u00e9 jsou t\u011bch 60 korun, to je dneska stanoveno z\u00e1konem, to je stanoveno \u00dastavn\u00edm soudem, s t\u00edm asi te\u010f nic neud\u011bl\u00e1me, ale mus\u00edme \u0159\u00edct otev\u0159en\u011b, \u017ee to je m\u00e1lo. Kdo d\u011bl\u00e1 v nemocnici, tak v\u00ed, \u017ee prost\u011b ta p\u00e9\u010de, kter\u00e1 se poskytuje z ve\u0159ejn\u00e9ho zdravotn\u00edho poji\u0161t\u011bn\u00ed, to je n\u011bco \u00fapln\u011b jin\u00e9ho, ale ten pacient tam bydl\u00ed, n\u011bkdy t\u00fdden, n\u011bkdy 14 dn\u00ed, n\u011bkdy m\u011bs\u00edc i v\u00edce, dost\u00e1v\u00e1 ve\u0161ker\u00e9 tedy slu\u017eby, to znamen\u00e1 j\u00eddlo, teplo, v\u0161echno ostatn\u00ed, to v\u0161ichni v\u00edme, to nen\u00ed pot\u0159eba \u0159\u00edkat.<\/p>\n<p><strong>To mysl\u00edm v\u0161ichni v\u011bd\u00ed. To znamen\u00e1, m\u011bl by v\u00edc zaplatit?<\/strong><\/p>\n<p>Ji\u0159\u00ed \u0160T\u011aTINA:<br \/>\nM\u011bl by v\u00edc zaplatit. J\u00e1 se domn\u00edv\u00e1m, \u017ee stejn\u011b, a\u017e potom bude n\u011bjak\u00fdm zp\u016fsobem ustavena nov\u00e1 vl\u00e1da a nov\u00e1 sn\u011bmovna, tak bychom si takhle v\u0161ichni, pokud tam budeme, n\u011bkdo z n\u00e1s tam nebude, tak bychom si m\u011bli sednout a naprosto nepoliticky si \u0159\u00edct &#8211; v\u00e1\u017een\u00ed, s t\u00edm mus\u00edme n\u011bco ud\u011blat a dohodnout se prost\u011b, jak to ud\u011bl\u00e1me u\u017e kone\u010dn\u011b, je nejvy\u0161\u0161\u00ed \u010das.<\/p>\n<p><strong>A te\u010f ten \u00fadaj, ke kter\u00e9mu jste sm\u011b\u0159oval, kdy\u017e \u0159\u00edk\u00e1te, \u017ee za pobyt v nemocnici by si lid\u00e9 m\u011bli p\u0159iplatit, tak jak?<\/strong><\/p>\n<p>Ji\u0159\u00ed \u0160T\u011aTINA<br \/>\nTak samoz\u0159ejm\u011b natvrdo.<\/p>\n<p><strong>Ne, po\u010dkejte, pane \u0160t\u011btino, to j\u00e1 v\u00edm, ale jako kolik?<\/strong><\/p>\n<p>Ji\u0159\u00ed \u0160T\u011aTINA<br \/>\nNo, zat\u00edm je to t\u011bch 60 korun.<\/p>\n<p><strong>J\u00e1 se pt\u00e1m, co hnut\u00ed \u00dasvit si mysl\u00ed v t\u00e9to oblasti? Jako kolik? Kolik by m\u011bl den v nemocnici st\u00e1t?<\/strong><\/p>\n<p>Ji\u0159\u00ed \u0160T\u011aTINA,:<br \/>\nHnut\u00ed \u00dasvit samoz\u0159ejm\u011b respektuje to, co stanov\u00ed z\u00e1kony, to znamen\u00e1 60 korun.<\/p>\n<p><strong>Pane \u0160t\u011btino, vy jste mi te\u010f \u0159\u00edkal, \u017ee je to m\u00e1lo, \u017ee by se m\u011blo p\u0159iplatit, a j\u00e1 se pt\u00e1m, tak kolik?<\/strong><\/p>\n<p>Ji\u0159\u00ed \u0160T\u011aTINA<br \/>\nJ\u00e1 v\u00e1m to odpov\u00edd\u00e1m, \u017ee samoz\u0159ejm\u011b te\u010f mus\u00edme respektovat z\u00e1kon 60 korun, ale samoz\u0159ejm\u011b potom, a\u017e to vyd\u00e1me z\u00e1konem, tak &#8230; Tak nula ur\u010dit\u011b ne, s t\u00edm asi my taky nesouhlas\u00edme, proto\u017ee m\u00e1me &#8230;<\/p>\n<p><strong>Pane \u0160t\u011btino, je\u0161t\u011b jednou, jednoduch\u00e1 ot\u00e1zka. Vy jste \u0159ekl, \u017ee se ten poplatek za pobyt v nemocnici nebo jak to nazveme, \u017ee je to m\u00e1lo, tak kolik byste si myslel jako z\u00e1stupce hnut\u00ed \u00dasvit, \u017ee by to m\u011blo b\u00fdt?<\/strong><\/p>\n<p>Ji\u0159\u00ed \u0160T\u011aTINA<br \/>\nJsem, ale j\u00e1 si mysl\u00edm, \u017ee stokoruna, kter\u00e1 zde byla, \u017ee byla jaksi re\u00e1ln\u00e1 a \u017ee to nebylo nic asoci\u00e1ln\u00edho.<\/p>\n<p><strong>Franti\u0161ek Kon\u00ed\u010dek pozn\u00e1mka za Stranu Pr\u00e1v Ob\u010dan\u016f ZEMANOVCI.<\/strong><\/p>\n<p>Franti\u0161ek KON\u00cd\u010cEK<br \/>\nJ\u00e1 budu velmi stru\u010dn\u00fd. J\u00e1 chci \u0159\u00edct, \u017ee z\u00e1kon nem\u016f\u017ee naru\u0161ovat v podstat\u011b \u00fastavu, \u010dili jak\u00fdkoliv z\u00e1kon mus\u00ed j\u00edt v souladu, prvn\u00ed v\u011bc. Druh\u00e1 v\u011bc, to, co byly regula\u010dn\u00ed poplatky, kter\u00e9 nikdy nic neregulovaly, je t\u0159eba zru\u0161it, prost\u011b tak to je a j\u00e1 tady nevid\u00edm. Je to n\u011bco odli\u0161n\u00e9ho jako poplatky, j\u00e1 nechci \u0159\u00edct za hospitalizaci, tak, jak se to jmenuje, to je 2,1 miliardy z t\u011bch 5,5, ale lze to nazvat tak, jak to je, je to p\u0159\u00edsp\u011bvek na stravov\u00e1n\u00ed. O bydlen\u00ed a o elektrick\u00e9 energii, o teplu nen\u00ed t\u0159eba mluvit. P\u0159ece, kdy\u017e p\u016fjdete do nemocnice, tak jako ten byt jako ned\u00e1te do frcu na 14 dn\u016f, prost\u011b v\u00e1m po\u0159\u00e1d b\u011b\u017e\u00ed n\u00e1klady, kter\u00e9 souvis\u00ed s bydlen\u00edm. Ale pokud je tam \u010dlov\u011bk stravov\u00e1n, je to nezdravotn\u00ed slu\u017eba tohoto typu, nen\u00ed to v duchu proti \u00fastav\u011b, a tam si dok\u00e1\u017eu p\u0159edstavit, \u017ee 60 korun p\u0159\u00edsp\u011bvek na stravov\u00e1n\u00ed je zcela akceptovateln\u00fd, ostatn\u00ed poplatky si mysl\u00edm, kter\u00e9 nereguluj\u00ed, by bylo t\u0159eba zru\u0161it, \u010d\u00edm d\u0159\u00edv, t\u00edm l\u00edp.<\/p>\n<p>Miroslav OP\u00c1LKA, l\u00eddr KS\u010cM v Moravskoslezsk\u00e9m kraji:<br \/>\nmy jsme pro zru\u0161en\u00ed v\u0161ech regula\u010dn\u00edch poplatk\u016f.<\/p>\n<p>podle po\u0159adu Radio\u017eurn\u00e1lu zaznamenala invArena<\/p>\n","protected":false},"excerpt":{"rendered":"<div class=\"mh-excerpt\"><p>Radio\u017eurn\u00e1l vys\u00edlal posledn\u00ed tematickou debatu z\u00e1stupc\u016f politick\u00fdch stran a hnut\u00ed kandiduj\u00edc\u00edch do sn\u011bmovny s V\u00e1clavem Kr\u00e1sou, ministrem Franti\u0161kem Kon\u00ed\u010dkem, Lenkou Kohoutovou a dal\u0161\u00edmi.<\/p>\n<\/div>","protected":false},"author":1,"featured_media":0,"comment_status":"open","ping_status":"open","sticky":false,"template":"","format":"standard","meta":{"footnotes":""},"categories":[1,12],"tags":[],"class_list":["post-12267","post","type-post","status-publish","format-standard","hentry","category-nezarazene","category-rozhovory"],"_links":{"self":[{"href":"https:\/\/www.invarena.cz\/index.php?rest_route=\/wp\/v2\/posts\/12267","targetHints":{"allow":["GET"]}}],"collection":[{"href":"https:\/\/www.invarena.cz\/index.php?rest_route=\/wp\/v2\/posts"}],"about":[{"href":"https:\/\/www.invarena.cz\/index.php?rest_route=\/wp\/v2\/types\/post"}],"author":[{"embeddable":true,"href":"https:\/\/www.invarena.cz\/index.php?rest_route=\/wp\/v2\/users\/1"}],"replies":[{"embeddable":true,"href":"https:\/\/www.invarena.cz\/index.php?rest_route=%2Fwp%2Fv2%2Fcomments&post=12267"}],"version-history":[{"count":0,"href":"https:\/\/www.invarena.cz\/index.php?rest_route=\/wp\/v2\/posts\/12267\/revisions"}],"wp:attachment":[{"href":"https:\/\/www.invarena.cz\/index.php?rest_route=%2Fwp%2Fv2%2Fmedia&parent=12267"}],"wp:term":[{"taxonomy":"category","embeddable":true,"href":"https:\/\/www.invarena.cz\/index.php?rest_route=%2Fwp%2Fv2%2Fcategories&post=12267"},{"taxonomy":"post_tag","embeddable":true,"href":"https:\/\/www.invarena.cz\/index.php?rest_route=%2Fwp%2Fv2%2Ftags&post=12267"}],"curies":[{"name":"wp","href":"https:\/\/api.w.org\/{rel}","templated":true}]}}