{"id":12274,"date":"2013-10-25T22:47:39","date_gmt":"2013-10-25T20:47:39","guid":{"rendered":"http:\/\/www.invarena.cz\/?p=12274"},"modified":"2013-10-26T01:09:02","modified_gmt":"2013-10-25T23:09:02","slug":"maji-penize-duchodcu-v-soukromych-fondech-jistotu","status":"publish","type":"post","link":"https:\/\/www.invarena.cz\/?p=12274","title":{"rendered":"Maj\u00ed pen\u00edze d\u016fchodc\u016f v soukrom\u00fdch fondech jistotu?"},"content":{"rendered":"<p><strong>&#8222;Je mi jedno, jestli bude druh\u00fd pil\u00ed\u0159 d\u016fchodov\u00e9 reformy, nebo z\u016fstane jen t\u0159et\u00ed, ale zaru\u010d\u00ed mi n\u011bkdo definitivn\u00ed jistotu, kter\u00e1 vydr\u017e\u00ed v\u00edce ne\u017e jedno volebn\u00ed obdob\u00ed?&#8220; Na ot\u00e1zku odpov\u00eddali volebn\u00ed l\u00edd\u0159i v Radio\u017eurn\u00e1lu&#8230;<!--more--><br \/>\n<\/strong><\/p>\n<p><em>Miroslav Op\u00e1lka, l\u00eddr Komunistick\u00e9 strany \u010cech a Moravy v Moravskoslezsk\u00e9m kraji.<\/em><\/p>\n<p><em>Ji\u0159\u00ed B\u011aHOUNEK, l\u00eddr kandid\u00e1tky \u010cSSD v kraji Vyso\u010dina:<\/em><\/p>\n<p><strong>p\u0159i\u0161el dotaz, kter\u00fd zn\u00ed: &#8222;Je mi jedno, jestli bude druh\u00fd pil\u00ed\u0159 d\u016fchodov\u00e9 reformy, nebo z\u016fstane jen t\u0159et\u00ed, ale zaru\u010d\u00ed mi n\u011bkdo z v\u00e1s definitivn\u00ed jistotu, kter\u00e1 vydr\u017e\u00ed v\u00edce ne\u017e jedno volebn\u00ed obdob\u00ed?&#8220; Tak Ji\u0159\u00ed B\u011bhounek zastupuj\u00edc\u00ed \u010ceskou stranu soci\u00e1ln\u011b demokratickou?<\/strong><\/p>\n<p>Ji\u0159\u00ed B\u011aHOUNEK, l\u00eddr kandid\u00e1tky \u010cSSD v kraji Vyso\u010dina:<br \/>\nD\u011bkuju, proto\u017ee pan Potu\u017en\u00edk si vlastn\u011b odpov\u011bd\u011bl s\u00e1m, \u017ee zat\u00edm to bylo v\u017edycky jedno volebn\u00ed obdob\u00ed a pokud se skute\u010dn\u011b v\u0161echny relevantn\u00ed politick\u00e9 s\u00edly nedomluv\u00ed na tom, aby z\u00e1klad byl d\u00e9le ne\u017e jedno volebn\u00ed obdob\u00ed, tak mu to nikdo nezaru\u010d\u00ed a j\u00e1 ur\u010dit\u011b taky s\u00e1m ne.<\/p>\n<p><strong>Nebyla \u010dirou n\u00e1hodou \u010cSSD tou politickou stranou, kter\u00e1 hl\u00e1sila p\u0159i posledn\u00ed zm\u011bn\u011b \u0159ekn\u011bme penzijn\u00edho syst\u00e9mu, \u017ee ve chv\u00edli, kdy se dostane k moci, tak ten krok zru\u0161\u00ed?<\/strong><\/p>\n<p>Ji\u0159\u00ed B\u011aHOUNEK,<br \/>\nTak samoz\u0159ejm\u011b, \u017ee ano, ale &#8230;<\/p>\n<p><strong>To je mo\u017en\u00e1 ta jistota, o kter\u00e9 mluv\u00ed pan Potu\u017en\u00edk.<\/strong><\/p>\n<p>Ji\u0159\u00ed B\u011aHOUNEK<br \/>\nNen\u00ed mo\u017en\u00e9, aby soci\u00e1ln\u00ed demokracie p\u0159ipravila n\u011bjakou smysluplnou zm\u011bnu a p\u0159\u00ed\u0161t\u00ed vl\u00e1da, pokud ji vym\u011bn\u00ed, ji zase celou rozbourala, proto\u017ee to stoj\u00ed stra\u0161liv\u00e9 pen\u00edze a nakonec to tomu panu Potu\u017en\u00edkovi, ani \u017e\u00e1dn\u00e9mu jin\u00e9mu d\u016fchodci tu jeho jistotu nezaru\u010d\u00ed.<\/p>\n<p>Miroslav OP\u00c1LKA, l\u00eddr KS\u010cM v Moravskoslezsk\u00e9m kraji:<br \/>\nJ\u00e1 si mysl\u00edm, \u017ee v ruce to maj\u00ed voli\u010di, to jsou ti, kte\u0159\u00ed &#8230;bu\u010f budou stabiln\u011b hlasovat pro programy, kter\u00e9 vyjad\u0159ujou jejich z\u00e1jmy, pak ten syst\u00e9m bude stabiln\u00ed, anebo budou p\u0159eb\u00edhat z roku na rok z volebn\u00edho obdob\u00ed na volebn\u00ed obdob\u00ed a pak to bude poka\u017ed\u00e9 jinak.<\/p>\n<p><strong>tohle nen\u00ed \u00fapln\u011b jasn\u00e9.<\/strong><\/p>\n<p>Miroslav OP\u00c1LKA<br \/>\nNo, ne, je jasn\u00e9, \u017ee chceme zru\u0161it t\u0159eba my a soci\u00e1ln\u00ed demokracie druh\u00fd pil\u00ed\u0159, t\u0159et\u00ed pil\u00ed\u0159 nechat, v tom on m\u00e1 jasno podle t\u00e9 ot\u00e1zky, on nem\u00e1 jasno, co bude za 4 roky nebo t\u0159eba d\u0159\u00edv, kdy\u017e p\u0159ijde nov\u00e1 vl\u00e1da. J\u00e1 \u0159\u00edk\u00e1m, pokud si ob\u010dan\u00e9 vyberou, co je pro n\u011b, co h\u00e1j\u00ed jejich z\u00e1jmy, no, tak pak nem\u016f\u017eou ale od voleb k volb\u00e1m p\u0159ed\u00e1vat moc, kdy\u017e ty z\u00e1jmy ka\u017ed\u00fd vyjad\u0159uje pro jinou skupinu.<\/p>\n<p>&#8230;.<\/p>\n<p>podle po\u0159adu Radio\u017eurn\u00e1lu zaznamenala invArena<\/p>\n<p>&nbsp;<\/p>\n","protected":false},"excerpt":{"rendered":"<div class=\"mh-excerpt\"><p>&#8222;Je mi jedno, jestli bude druh\u00fd pil\u00ed\u0159 d\u016fchodov\u00e9 reformy, nebo z\u016fstane jen t\u0159et\u00ed, ale zaru\u010d\u00ed mi n\u011bkdo definitivn\u00ed jistotu, kter\u00e1 vydr\u017e\u00ed v\u00edce ne\u017e jedno volebn\u00ed <a class=\"mh-excerpt-more\" href=\"https:\/\/www.invarena.cz\/?p=12274\" title=\"Maj\u00ed pen\u00edze d\u016fchodc\u016f v soukrom\u00fdch fondech jistotu?\">[&#8230;]<\/a><\/p>\n<\/div>","protected":false},"author":1,"featured_media":0,"comment_status":"open","ping_status":"open","sticky":false,"template":"","format":"standard","meta":{"footnotes":""},"categories":[1,12],"tags":[],"class_list":["post-12274","post","type-post","status-publish","format-standard","hentry","category-nezarazene","category-rozhovory"],"_links":{"self":[{"href":"https:\/\/www.invarena.cz\/index.php?rest_route=\/wp\/v2\/posts\/12274","targetHints":{"allow":["GET"]}}],"collection":[{"href":"https:\/\/www.invarena.cz\/index.php?rest_route=\/wp\/v2\/posts"}],"about":[{"href":"https:\/\/www.invarena.cz\/index.php?rest_route=\/wp\/v2\/types\/post"}],"author":[{"embeddable":true,"href":"https:\/\/www.invarena.cz\/index.php?rest_route=\/wp\/v2\/users\/1"}],"replies":[{"embeddable":true,"href":"https:\/\/www.invarena.cz\/index.php?rest_route=%2Fwp%2Fv2%2Fcomments&post=12274"}],"version-history":[{"count":0,"href":"https:\/\/www.invarena.cz\/index.php?rest_route=\/wp\/v2\/posts\/12274\/revisions"}],"wp:attachment":[{"href":"https:\/\/www.invarena.cz\/index.php?rest_route=%2Fwp%2Fv2%2Fmedia&parent=12274"}],"wp:term":[{"taxonomy":"category","embeddable":true,"href":"https:\/\/www.invarena.cz\/index.php?rest_route=%2Fwp%2Fv2%2Fcategories&post=12274"},{"taxonomy":"post_tag","embeddable":true,"href":"https:\/\/www.invarena.cz\/index.php?rest_route=%2Fwp%2Fv2%2Ftags&post=12274"}],"curies":[{"name":"wp","href":"https:\/\/api.w.org\/{rel}","templated":true}]}}