{"id":1238,"date":"2013-02-22T20:21:46","date_gmt":"2013-02-22T19:21:46","guid":{"rendered":"http:\/\/www.invarena.cz\/?p=1238"},"modified":"2014-10-20T20:14:48","modified_gmt":"2014-10-20T18:14:48","slug":"firma-kvuli-okopirovani-napadu-na-skarty-zaluje-ministerstvo","status":"publish","type":"post","link":"https:\/\/www.invarena.cz\/?p=1238","title":{"rendered":"Firma kv\u016fli okop\u00edrov\u00e1n\u00ed sKarty \u017ealuje ministerstvo"},"content":{"rendered":"<p>Ministerstvo pr\u00e1ce a soci\u00e1ln\u00edch v\u011bc\u00ed m\u00e1 dal\u0161\u00ed probl\u00e9m s sKartou. Princip, na jak\u00e9m karta funguje, m\u00e1 toti\u017e patentov\u00e1n jedna \u010desk\u00e1 firma, kter\u00e1 te\u010f na MPSV podala \u017ealobu kv\u016fli ukraden\u00e9mu patentu.<br \/>\n<!--more--><br \/>\nD\u011bdictv\u00ed b\u00fdval\u00e9ho ministra pr\u00e1ce a soci\u00e1ln\u00edch v\u011bc\u00ed Jarom\u00edra Dr\u00e1bka (TOP 09) a jeho prvn\u00edho n\u00e1m\u011bstka Vladim\u00edra \u0160i\u0161ky, kter\u00fd skon\u010dil ve vazb\u011b, st\u00edh\u00e1 r\u00e1na za ranou. Nyn\u00ed projekt sKaret napadla firma, kter\u00e1 dokazuje, \u017ee na velmi podobn\u00fd syst\u00e9m dr\u017e\u00ed u\u017e \u0159adu let \u0159\u00e1dn\u011b p\u0159ihl\u00e1\u0161en\u00fd patent.<\/p>\n<p>MF DNES m\u00e1 k dispozici \u017ealobu na ochranu pr\u016fmyslov\u00fdch pr\u00e1v a u\u017eitn\u00fdch vzor\u016f, kter\u00e1 \u0161la k soudu 6. \u00fanora leto\u0161n\u00edho roku. Podala ji firma Ro\u017emit\u00e1l Development CZ, jinak vlastn\u00edk patentu na takzvan\u00e9 SD karty (soci\u00e1ln\u00ed d\u00e1vky). Z\u00e1rove\u0148 tak\u00e9 spole\u010dnost podala trestn\u00ed ozn\u00e1men\u00ed na policii na nezn\u00e1m\u00e9ho pachatele, kv\u016fli zneu\u017eit\u00ed jejich n\u00e1padu.<\/p>\n<p>Podle informac\u00ed MF DNES spole\u010dnost jednala na ja\u0159e roku 2010 s prvn\u00edm n\u00e1m\u011bstkem ministra Dr\u00e1bka Vladim\u00edrem \u0160i\u0161kou, kter\u00fd m\u011bl v\u0161echny v\u011bci ohledn\u011b IT technologi\u00ed na starosti. A sv\u00e9 \u0159e\u0161en\u00ed v\u00fdplaty soci\u00e1ln\u00edch d\u00e1vek za pomoci karet mu nab\u00eddla.<\/p>\n<p>Z popisu u\u017eitn\u00e9ho vzoru, kter\u00fd je na patentov\u00e9m \u00fa\u0159ad\u011b, a z \u017ealoby je p\u0159itom patrn\u00e9, \u017ee kdyby ministerstvo p\u0159evzalo n\u00e1pad firmy kompletn\u011b, probl\u00e9my s sKartou, jak\u00e9 jsou dnes, nemusely v\u016fbec vzniknout. Nav\u00edc by v syst\u00e9mu mimo jin\u00e9 fungovalo i to, co m\u011blo b\u00fdt p\u016fvodn\u00edm smyslem sKaret, ale ministerstvo ani \u010cesk\u00e1 spo\u0159itelna to zat\u00edm nedok\u00e1zaly za\u0159\u00eddit: zabr\u00e1nit n\u00e1kup\u016fm alkoholu, cigaret a podle \u0159e\u0161en\u00ed firmy Ro\u017emit\u00e1l Development t\u0159eba i elektroniky lidem s d\u00e1vkami hmotn\u00e9 nouze. Mimo jin\u00e9 by tak\u00e9 karty nebyly v\u00e1z\u00e1ny na bankomaty banky, jako je to nyn\u00ed, ale na platebn\u00ed termin\u00e1ly obchod\u016f. A tak\u00e9 by platby lidem na d\u00e1vk\u00e1ch \u0161ly p\u0159\u00edmo od statn\u00ed instituce, a ne p\u0159es komer\u010dn\u00ed firmu.<\/p>\n<p>Ro\u017emit\u00e1l Development CZ se nyn\u00ed k \u017ealob\u011b vyjad\u0159ovat nechce. &#8222;Ponech\u00e1me to na rozhodnut\u00ed soud\u016f a policie,&#8220; vzk\u00e1zali pouze jej\u00ed spole\u010dn\u00edci na dotazy MF DNES s t\u00edm, \u017ee je spole\u010dnost odhodl\u00e1na sv\u016fj patent, kter\u00fd vyvinula ve spolupr\u00e1ci s finsk\u00fdm spole\u010dn\u00edkem v roce 2002, br\u00e1nit.<\/p>\n<p><strong>Firma \u017e\u00e1d\u00e1 n\u00e1hradu \u0161kody<br \/>\n<\/strong><br \/>\nN\u00e1vrh na p\u0159edb\u011b\u017en\u00e9 opat\u0159en\u00ed dokonce po\u010d\u00edt\u00e1 s t\u00edm, \u017ee cel\u00fd syst\u00e9m sKaret by se m\u011bl zastavit a firma se krom\u011b toho dom\u00e1h\u00e1 n\u00e1hrady vznikl\u00e9 \u0161kody u\u017e\u00edv\u00e1n\u00edm jej\u00edho patentu. Do projektu toti\u017e spole\u010dnost vlo\u017eila sv\u00e9 pen\u00edze a syst\u00e9m byl v pilotu odzkou\u0161en v ji\u017en\u00edch \u010cech\u00e1ch roku 2002. Byl tedy p\u0159ipraven k okam\u017eit\u00e9mu spu\u0161t\u011bn\u00ed, proto\u017ee v\u0161echna technick\u00e1 \u0159e\u0161en\u00ed existovala, a to v\u010detn\u011b zaji\u0161t\u011bn\u00ed dod\u00e1vek lacin\u00fdch plastov\u00fdch karet z \u010c\u00edny. Projekt po\u010d\u00edtal s t\u00edm, \u017ee p\u0159\u00edjemci d\u00e1vek v hmotn\u00e9 nouzi by sm\u011bli vybrat jen polovinu \u010d\u00e1stky v hotovosti, zbytek by \u0161el bezhotovostn\u011b, pouze na p\u0159edem definovan\u00e9 \u00fa\u010dely, jako jsou n\u00e1jemn\u00e9, \u0161kolka a podobn\u011b.<\/p>\n<p>Z\u00e1jem o n\u011bj m\u011bly jak \u010derpac\u00ed stanice, nap\u0159\u00edklad OMV \u010di Benzina, tak i Jiho\u010desk\u00e1 energetika pro sv\u00e9 pobo\u010dky na \u00fahradu maloodb\u011bratelsk\u00e9 energie nebo \u010cSOB, \u010cesk\u00e9 dr\u00e1hy \u010di \u010cepro. V\u010detn\u011b \u010cesk\u00e9 spr\u00e1vy soci\u00e1ln\u00edho zabezpe\u010den\u00ed.<br \/>\nJak zjistila MF DNES, \u017ealobu M\u011bstsk\u00fd soud v Praze zam\u00edtl kv\u016fli form\u00e1ln\u00ed chyb\u011b, kterou firma ji\u017e napravila a nyn\u00ed se chyst\u00e1 podat \u017ealobu znovu. Proto tak\u00e9 MPSV o \u017ealob\u011b zat\u00edm nev\u00ed.<\/p>\n<p>Kdo je na ministerstvu pr\u00e1ce a soci\u00e1ln\u00edch v\u011bc\u00ed autorem n\u00e1padu na sKarty v t\u00e9 podob\u011b, jak byly zavedeny, nen\u00ed jasn\u00e9.<br \/>\n&#8222;O hlavn\u00edm autorovi projektu nem\u00e1m nyn\u00ed konkr\u00e9tn\u00ed informace,&#8220; sd\u011blila pouze mluv\u010d\u00ed \u00fa\u0159adu \u0160t\u011bp\u00e1nka Filipov\u00e1.<\/p>\n<p>Jak se bude ministerstvo h\u00e1jit a co ud\u011bl\u00e1 v p\u0159\u00edpad\u011b, \u017ee soud vyhov\u00ed majiteli patentu a p\u0159edb\u011b\u017en\u00fdm opat\u0159en\u00edm skute\u010dn\u011b na\u0159\u00edd\u00ed zastaven\u00ed projektu sKaret? &#8222;V sou\u010dasn\u00e9 dob\u011b t\u011b\u017eko p\u0159edj\u00edmat, nejd\u0159\u00edve se MPSV mus\u00ed se \u017ealobou sezn\u00e1mit a pak je mo\u017en\u00e9 d\u011blat z\u00e1v\u011bry,&#8220; komentovala to mluv\u010d\u00ed Filipov\u00e1.<\/p>\n<p>Exn\u00e1m\u011bstek Vladim\u00edr \u0160i\u0161ka, jeho\u017e si policie odvedla p\u0159\u00edmo z pracovny na ministerstvu, MF DNES dlouhodob\u011b nebere telefon.<\/p>\n<p>Lenka Petr\u00e1\u0161ov\u00e1<br \/>\nMlad\u00e1 fronta DNES<\/p>\n","protected":false},"excerpt":{"rendered":"<div class=\"mh-excerpt\"><p>Ministerstvo pr\u00e1ce a soci\u00e1ln\u00edch v\u011bc\u00ed m\u00e1 dal\u0161\u00ed probl\u00e9m s sKartou. Princip, na jak\u00e9m karta funguje, m\u00e1 toti\u017e patentov\u00e1n jedna \u010desk\u00e1 firma, kter\u00e1 te\u010f na MPSV <a class=\"mh-excerpt-more\" href=\"https:\/\/www.invarena.cz\/?p=1238\" title=\"Firma kv\u016fli okop\u00edrov\u00e1n\u00ed sKarty \u017ealuje ministerstvo\">[&#8230;]<\/a><\/p>\n<\/div>","protected":false},"author":1,"featured_media":0,"comment_status":"open","ping_status":"open","sticky":false,"template":"","format":"standard","meta":{"footnotes":""},"categories":[1,6],"tags":[],"class_list":["post-1238","post","type-post","status-publish","format-standard","hentry","category-nezarazene","category-politika"],"_links":{"self":[{"href":"https:\/\/www.invarena.cz\/index.php?rest_route=\/wp\/v2\/posts\/1238","targetHints":{"allow":["GET"]}}],"collection":[{"href":"https:\/\/www.invarena.cz\/index.php?rest_route=\/wp\/v2\/posts"}],"about":[{"href":"https:\/\/www.invarena.cz\/index.php?rest_route=\/wp\/v2\/types\/post"}],"author":[{"embeddable":true,"href":"https:\/\/www.invarena.cz\/index.php?rest_route=\/wp\/v2\/users\/1"}],"replies":[{"embeddable":true,"href":"https:\/\/www.invarena.cz\/index.php?rest_route=%2Fwp%2Fv2%2Fcomments&post=1238"}],"version-history":[{"count":0,"href":"https:\/\/www.invarena.cz\/index.php?rest_route=\/wp\/v2\/posts\/1238\/revisions"}],"wp:attachment":[{"href":"https:\/\/www.invarena.cz\/index.php?rest_route=%2Fwp%2Fv2%2Fmedia&parent=1238"}],"wp:term":[{"taxonomy":"category","embeddable":true,"href":"https:\/\/www.invarena.cz\/index.php?rest_route=%2Fwp%2Fv2%2Fcategories&post=1238"},{"taxonomy":"post_tag","embeddable":true,"href":"https:\/\/www.invarena.cz\/index.php?rest_route=%2Fwp%2Fv2%2Ftags&post=1238"}],"curies":[{"name":"wp","href":"https:\/\/api.w.org\/{rel}","templated":true}]}}