{"id":12441,"date":"2013-10-30T22:29:03","date_gmt":"2013-10-30T21:29:03","guid":{"rendered":"http:\/\/www.invarena.cz\/?p=12441"},"modified":"2013-10-30T22:38:22","modified_gmt":"2013-10-30T21:38:22","slug":"bezne-nachlazeni-si-tri-ctvrtiny-lidi-leci-sami","status":"publish","type":"post","link":"https:\/\/www.invarena.cz\/?p=12441","title":{"rendered":"B\u011b\u017en\u00e9 nachlazen\u00ed si t\u0159i \u010dtvrtiny lid\u00ed l\u00e9\u010d\u00ed sami"},"content":{"rendered":"<p><strong>B\u011b\u017en\u00e9 nachlazen\u00ed si 78 procent \u010ce\u0161ek a \u010cech\u016f l\u00e9\u010d\u00ed sami, v\u00edce ne\u017e polovina, 54 procent, u\u017e\u00edv\u00e1 voln\u011b prodejn\u00e9 l\u00e9ky z dom\u00e1c\u00edch z\u00e1sob, p\u0159\u00edpadn\u011b si koup\u00ed vhodn\u00fd p\u0159\u00edpravek po porad\u011b v l\u00e9k\u00e1rn\u00edkem. Zjistil to pr\u016fzkum Zentivy.<!--more--><\/strong><\/p>\n<p>&nbsp;<\/p>\n<p>Hork\u00fdm \u010dajem a pobytem v teple se l\u00e9\u010d\u00ed 24 procent nachlazen\u00fdch, s l\u00e9ka\u0159em se rad\u00ed jen 16 procent. Zjistil to \u0159\u00edjnov\u00fd pr\u016fzkum v\u00fdrobce l\u00e9k\u016f Zentiva, v n\u011bm\u017e odpov\u011bd\u011blo 1003 lid\u00ed.<\/p>\n<p>Samol\u00e9\u010dbou \u0159e\u0161\u00ed 65 procent dot\u00e1zan\u00fdch tak\u00e9 vir\u00f3zy spojen\u00e9 s hore\u010dkou. T\u0159etina p\u0159itom s\u00e1hne po l\u00e9ku z dom\u00e1c\u00ed l\u00e9k\u00e1rni\u010dky, 19 procent si zakoup\u00ed l\u00e9k v l\u00e9k\u00e1rn\u011b a s l\u00e9ka\u0159em se porad\u00ed 27 procent.<\/p>\n<p>Pr\u016fzkum rovn\u011b\u017e uk\u00e1zal, \u017ee b\u011b\u017en\u011b p\u0159ech\u00e1z\u00ed nemoc i s vysokou teplotou 23 procent lid\u00ed, hlavn\u011b ekonomicky aktivn\u00edch s vy\u0161\u0161\u00edmi p\u0159\u00edjmy ve v\u011bku 30 a\u017e 59 let. Dovolenou si k vyl\u00e9\u010den\u00ed bere 21 procent lid\u00ed, neschopenku si od l\u00e9ka\u0159e vy\u017e\u00e1d\u00e1 22 procent.<\/p>\n<p>B\u011b\u017en\u00e9 nachlazen\u00ed, jako jsou r\u00fdma, bolest v krku \u010di ka\u0161el, potr\u00e1p\u00ed b\u011bhem roku v\u011bt\u0161inu lid\u00ed, jen 15 procent tyto obt\u00ed\u017ee nepostihly. Vysokou hore\u010dku m\u011blo v uplynul\u00fdch 12 m\u011bs\u00edc\u00edch 47 procent obyvatel \u010cR, antibiotika u\u017e\u00edvalo 28 procent &#8211; nap\u0159\u00edklad na z\u00e1pal plic, ang\u00ednu \u010di z\u00e1n\u011bt pr\u016fdu\u0161ek.<\/p>\n","protected":false},"excerpt":{"rendered":"<div class=\"mh-excerpt\"><p>B\u011b\u017en\u00e9 nachlazen\u00ed si 78 procent \u010ce\u0161ek a \u010cech\u016f l\u00e9\u010d\u00ed sami, v\u00edce ne\u017e polovina, 54 procent, u\u017e\u00edv\u00e1 voln\u011b prodejn\u00e9 l\u00e9ky z dom\u00e1c\u00edch z\u00e1sob, p\u0159\u00edpadn\u011b si koup\u00ed <a class=\"mh-excerpt-more\" href=\"https:\/\/www.invarena.cz\/?p=12441\" title=\"B\u011b\u017en\u00e9 nachlazen\u00ed si t\u0159i \u010dtvrtiny lid\u00ed l\u00e9\u010d\u00ed sami\">[&#8230;]<\/a><\/p>\n<\/div>","protected":false},"author":1,"featured_media":0,"comment_status":"open","ping_status":"open","sticky":false,"template":"","format":"standard","meta":{"footnotes":""},"categories":[11],"tags":[],"class_list":["post-12441","post","type-post","status-publish","format-standard","hentry","category-zdravi"],"_links":{"self":[{"href":"https:\/\/www.invarena.cz\/index.php?rest_route=\/wp\/v2\/posts\/12441","targetHints":{"allow":["GET"]}}],"collection":[{"href":"https:\/\/www.invarena.cz\/index.php?rest_route=\/wp\/v2\/posts"}],"about":[{"href":"https:\/\/www.invarena.cz\/index.php?rest_route=\/wp\/v2\/types\/post"}],"author":[{"embeddable":true,"href":"https:\/\/www.invarena.cz\/index.php?rest_route=\/wp\/v2\/users\/1"}],"replies":[{"embeddable":true,"href":"https:\/\/www.invarena.cz\/index.php?rest_route=%2Fwp%2Fv2%2Fcomments&post=12441"}],"version-history":[{"count":0,"href":"https:\/\/www.invarena.cz\/index.php?rest_route=\/wp\/v2\/posts\/12441\/revisions"}],"wp:attachment":[{"href":"https:\/\/www.invarena.cz\/index.php?rest_route=%2Fwp%2Fv2%2Fmedia&parent=12441"}],"wp:term":[{"taxonomy":"category","embeddable":true,"href":"https:\/\/www.invarena.cz\/index.php?rest_route=%2Fwp%2Fv2%2Fcategories&post=12441"},{"taxonomy":"post_tag","embeddable":true,"href":"https:\/\/www.invarena.cz\/index.php?rest_route=%2Fwp%2Fv2%2Ftags&post=12441"}],"curies":[{"name":"wp","href":"https:\/\/api.w.org\/{rel}","templated":true}]}}