{"id":12454,"date":"2013-12-10T06:28:13","date_gmt":"2013-12-10T05:28:13","guid":{"rendered":"http:\/\/www.invarena.cz\/?p=12454"},"modified":"2014-10-20T20:05:05","modified_gmt":"2014-10-20T18:05:05","slug":"peti-postizenym-dala-firma-praci-dalsim-poskytuje-slevu","status":"publish","type":"post","link":"https:\/\/www.invarena.cz\/?p=12454","title":{"rendered":"P\u011bti posti\u017een\u00fdm dala firma pr\u00e1ci, dal\u0161\u00edm poskytuje slevu"},"content":{"rendered":"<p><strong>P\u011bti lidem, kte\u0159\u00ed by se na b\u011b\u017en\u00e9m pracovn\u00edm trhu uplatnili jen velmi t\u011b\u017eko, dala pr\u00e1ci nov\u00e1 soci\u00e1ln\u00ed firma v Kadani. Firm\u00e1m i jednotlivc\u016fm nab\u00edz\u00ed pran\u00ed a \u017eehlen\u00ed pr\u00e1dla. Staraj\u00ed se o to t\u011blesn\u011b posti\u017een\u00ed, k nim\u017e od prosince firma p\u0159ibere je\u0161t\u011b dal\u0161\u00ed dva pracovn\u00edky.<\/strong><\/p>\n<p><!--more--><\/p>\n<p>&#8222;Zam\u011bstn\u00e1v\u00e1me zat\u00edm t\u011blesn\u011b posti\u017een\u00e9, ale tak\u00e9 m\u016f\u017eeme p\u0159ijmout n\u011bkoho s ment\u00e1ln\u00edm posti\u017een\u00edm, kter\u00fd pr\u00e1ci zvl\u00e1dne, p\u0159\u00edpadn\u011b m\u016f\u017eeme zam\u011bstnat i mlad\u00e9 lidi ze soci\u00e1ln\u011b znev\u00fdhodn\u011bn\u00e9ho prost\u0159ed\u00ed. Soci\u00e1ln\u00ed firmy se zam\u011b\u0159uj\u00ed na lidi, kte\u0159\u00ed maj\u00ed hor\u0161\u00ed uplatn\u011bn\u00ed na trhu pr\u00e1ce,&#8220; \u0159\u00edk\u00e1 spolumajitel firmy Jan Hud\u00e1k, komu a pro\u010d d\u00e1v\u00e1 pr\u00e1ci.<\/p>\n<p>Hud\u00e1k je z\u00e1rove\u0148 p\u0159edsedou ob\u010dansk\u00e9ho sdru\u017een\u00ed Sv\u011btlo, kter\u00e9 v Kadani \u010di Chomutov\u011b pom\u00e1h\u00e1 chud\u00fdm rodin\u00e1m \u010di drogov\u011b z\u00e1visl\u00fdm. A pr\u00e1v\u011b ze Sv\u011btla tak\u00e9 \u010d\u00e1st zam\u011bstnanky\u0148 do firmy p\u0159i\u0161la. U\u017e ve sdru\u017een\u00ed pom\u00e1haly t\u0159eba s pran\u00edm pro narkomany \u010di bezdomovce.<\/p>\n<p>Sou\u010d\u00e1st\u00ed nab\u00eddky firmy je i tzv. hodinov\u00fd man\u017eel. Vedouc\u00ed pr\u00e1delny z\u00e1kazn\u00edk\u016fm zajist\u00ed drobn\u00e9 dom\u00e1c\u00ed pr\u00e1ce nebo strojn\u00ed vy\u010di\u0161t\u011bn\u00ed koberc\u016f a \u010daloun\u011bn\u00ed. &#8222;Zat\u00edm zam\u011bstn\u00e1v\u00e1me jen \u017eeny, ale nebr\u00e1n\u00edme se ani pr\u00e1ci pro mu\u017ee. Ten je pot\u0159eba nap\u0159\u00edklad p\u0159i rozv\u00e1\u017een\u00ed nebo p\u0159en\u00e1\u0161en\u00ed pr\u00e1dla,&#8220; upozornil Hud\u00e1k.<\/p>\n<p>Firma, kter\u00e1 pere a \u017eehl\u00ed pr\u00e1dlo v budov\u011b n\u011bkdej\u0161\u00ed telefonn\u00ed \u00fast\u0159edny mezi panel\u00e1ky v Chomutovsk\u00e9 ulici, se chov\u00e1 vst\u0159\u00edcn\u011b i k z\u00e1kazn\u00edk\u016fm s omezen\u00fdmi p\u0159\u00edjmy \u010di n\u011bjak\u00fdm handicapem. T\u0159eba d\u016fchodc\u016fm a t\u011blesn\u011b posti\u017een\u00fdm zaji\u0161\u0165uje dopravu pr\u00e1dla zdarma. &#8222;Cena je od 17 korun za kilogram, b\u011b\u017en\u00fd ko\u0161 pr\u00e1dla vyjde asi na 200 korun,&#8220; p\u0159ibli\u017euje ceny Hud\u00e1k.<\/p>\n<p>Vytvo\u0159en\u00ed firmy podpo\u0159il Evropsk\u00fd soci\u00e1ln\u00ed fond a \u010desk\u00e9 ministerstvo pr\u00e1ce a soci\u00e1ln\u00edch v\u011bc\u00ed svou dotac\u00ed. Na mzdy a n\u011bkter\u00e9 dal\u0161\u00ed n\u00e1klady b\u011bhem dvou let p\u0159ijde dotace 4,2 milionu korun. &#8222;Cht\u011bli bychom z\u00edskat co nejv\u00edc zak\u00e1zek, abychom p\u0159\u00edpadn\u011b mohli p\u0159ijmout v\u00edc lid\u00ed a d\u00e1t jim pr\u00e1ci, p\u0159esto\u017ee to nen\u00ed podm\u00ednka projektu,&#8220; dodal Hud\u00e1k.<\/p>\n<p>Mlad\u00e1 fronta DNES<\/p>\n","protected":false},"excerpt":{"rendered":"<div class=\"mh-excerpt\"><p>P\u011bti lidem, kte\u0159\u00ed by se na b\u011b\u017en\u00e9m pracovn\u00edm trhu uplatnili jen velmi t\u011b\u017eko, dala pr\u00e1ci nov\u00e1 soci\u00e1ln\u00ed firma v Kadani. Firm\u00e1m i jednotlivc\u016fm nab\u00edz\u00ed pran\u00ed <a class=\"mh-excerpt-more\" href=\"https:\/\/www.invarena.cz\/?p=12454\" title=\"P\u011bti posti\u017een\u00fdm dala firma pr\u00e1ci, dal\u0161\u00edm poskytuje slevu\">[&#8230;]<\/a><\/p>\n<\/div>","protected":false},"author":1,"featured_media":0,"comment_status":"open","ping_status":"open","sticky":false,"template":"","format":"standard","meta":{"footnotes":""},"categories":[7],"tags":[],"class_list":["post-12454","post","type-post","status-publish","format-standard","hentry","category-spolecnost"],"_links":{"self":[{"href":"https:\/\/www.invarena.cz\/index.php?rest_route=\/wp\/v2\/posts\/12454","targetHints":{"allow":["GET"]}}],"collection":[{"href":"https:\/\/www.invarena.cz\/index.php?rest_route=\/wp\/v2\/posts"}],"about":[{"href":"https:\/\/www.invarena.cz\/index.php?rest_route=\/wp\/v2\/types\/post"}],"author":[{"embeddable":true,"href":"https:\/\/www.invarena.cz\/index.php?rest_route=\/wp\/v2\/users\/1"}],"replies":[{"embeddable":true,"href":"https:\/\/www.invarena.cz\/index.php?rest_route=%2Fwp%2Fv2%2Fcomments&post=12454"}],"version-history":[{"count":0,"href":"https:\/\/www.invarena.cz\/index.php?rest_route=\/wp\/v2\/posts\/12454\/revisions"}],"wp:attachment":[{"href":"https:\/\/www.invarena.cz\/index.php?rest_route=%2Fwp%2Fv2%2Fmedia&parent=12454"}],"wp:term":[{"taxonomy":"category","embeddable":true,"href":"https:\/\/www.invarena.cz\/index.php?rest_route=%2Fwp%2Fv2%2Fcategories&post=12454"},{"taxonomy":"post_tag","embeddable":true,"href":"https:\/\/www.invarena.cz\/index.php?rest_route=%2Fwp%2Fv2%2Ftags&post=12454"}],"curies":[{"name":"wp","href":"https:\/\/api.w.org\/{rel}","templated":true}]}}