{"id":12517,"date":"2013-11-01T18:11:32","date_gmt":"2013-11-01T17:11:32","guid":{"rendered":"http:\/\/www.invarena.cz\/?p=12517"},"modified":"2013-11-01T18:11:32","modified_gmt":"2013-11-01T17:11:32","slug":"americky-zpevak-lou-reed-zemrel-pri-taici","status":"publish","type":"post","link":"https:\/\/www.invarena.cz\/?p=12517","title":{"rendered":"Americk\u00fd zp\u011bv\u00e1k Lou Reed zem\u0159el p\u0159i tai\u010di"},"content":{"rendered":"<p><strong>Slavn\u00fd rocker Lou Reed (foto) zem\u0159el b\u011bhem cvi\u010den\u00ed tai\u010di. Reed (\u202071 let) pr\u00fd sv\u00e9 posledn\u00ed dny pro\u017eil ve \u0161t\u011bst\u00ed a &#8222;om\u00e1men kr\u00e1sou, moc\u00ed a jemnost\u00ed p\u0159\u00edrody&#8220;.<!--more--><\/strong><\/p>\n<p>&nbsp;<\/p>\n<p>Napsala to jeho man\u017eelka Laurie Andersonov\u00e1 v nekrologu pro region\u00e1ln\u00ed list East Hampton Star. Reed, kter\u00fd zem\u0159el v 71 letech, pr\u00fd byl mistrem \u010d\u00ednsk\u00e9ho bojov\u00e9ho um\u011bn\u00ed a sv\u00e9 posledn\u00ed dny pro\u017eil ve \u0161t\u011bst\u00ed a &#8222;om\u00e1men kr\u00e1sou, moc\u00ed a jemnost\u00ed p\u0159\u00edrody&#8220;.<\/p>\n<p>&#8222;Zem\u0159el v ned\u011bli r\u00e1no, kdy\u017e se d\u00edval na stromy a pohyby sv\u00fdch muzikantsk\u00fdch rukou ve vzduchu prov\u00e1d\u011bl slavn\u00fdch 21 forem tai\u010di,&#8220; napsala Andersonov\u00e1.<\/p>\n<p>Tai\u010di, spr\u00e1vn\u011bji tchaj-\u0165i, je \u010d\u00ednsk\u00e9 bojov\u00e9 um\u011bn\u00ed, kter\u00e9 dnes lid\u00e9 p\u011bstuj\u00ed jako cvi\u010den\u00ed pro zdrav\u00ed a zlep\u0161en\u00ed kvality \u017eivota.<\/p>\n<p>V t\u00fddnu p\u0159ed smrt\u00ed Andersonov\u00e1 Reedovi sl\u00edbila, \u017ee si ho vezme z nemocnice zp\u00e1tky do jejich spole\u010dn\u00e9ho domu ve m\u011bst\u011b East Hampton. &#8222;A tak jsme u\u010dinili,&#8220; potvrdila \u017eena.<\/p>\n<p>Na luxusn\u00edm p\u0159edm\u011bst\u00ed New Yorku na poloostrov\u011b Long Island pr\u00fd spolu oba str\u00e1vili spoustu \u010dasu. &#8222;I kdy\u017e jsme lid\u00e9 m\u011bsta, je to n\u00e1\u0161 spiritu\u00e1ln\u00ed domov,&#8220; napsala zp\u011bva\u010dka a houslistka.<\/p>\n<p>&#8222;V\u00edm, \u017ee jeho p\u00edsn\u011b, kter\u00e9 jsou o bolesti a o kr\u00e1se sv\u011bta, napln\u00ed mnoho lid\u00ed neuv\u011b\u0159itelnou radost\u00ed, kterou c\u00edtil ze \u017eivota,&#8220; v\u011b\u0159\u00ed Andersonov\u00e1.<\/p>\n<p>Spoluzakladateli legend\u00e1rn\u00ed kapely The Velvet Underground, kter\u00fd se proslavil hity jako Walk On The Wild Side a Perfect Day, vzdalo hold mnoho hudebn\u00edk\u016f a dal\u0161\u00edch osobnost\u00ed &#8211; od kolegy Davida Bowieho, p\u0159es spisovatele Salmana Rushdieho a\u017e po vatik\u00e1nsk\u00e9ho &#8222;ministra kultury&#8220;, kardin\u00e1la Gianfranka Ravasiho, kter\u00fd na Twitteru ocitoval cel\u00fd ver\u0161 z p\u00edsn\u011b Perfect Day a odm\u00edtl interpretace, \u017ee pojedn\u00e1v\u00e1 o drog\u00e1ch.<\/p>\n<p>Reed podle sv\u00e9ho okol\u00ed zem\u0159el kv\u016fli probl\u00e9m\u016fm s j\u00e1try. Jako dlouholet\u00fd velk\u00fd konzument alkoholu a drog prod\u011blal hudebn\u00edk v kv\u011btnu transplantaci jater.<\/p>\n<p>Reed byl bl\u00edzk\u00fdm p\u0159\u00edtelem V\u00e1clava Havla a \u010dasto nav\u0161t\u011bvoval \u010ceskou republiku.<\/p>\n","protected":false},"excerpt":{"rendered":"<div class=\"mh-excerpt\"><p>Slavn\u00fd rocker Lou Reed (foto) zem\u0159el b\u011bhem cvi\u010den\u00ed tai\u010di. Reed (\u202071 let) pr\u00fd sv\u00e9 posledn\u00ed dny pro\u017eil ve \u0161t\u011bst\u00ed a &#8222;om\u00e1men kr\u00e1sou, moc\u00ed a jemnost\u00ed <a class=\"mh-excerpt-more\" href=\"https:\/\/www.invarena.cz\/?p=12517\" title=\"Americk\u00fd zp\u011bv\u00e1k Lou Reed zem\u0159el p\u0159i tai\u010di\">[&#8230;]<\/a><\/p>\n<\/div>","protected":false},"author":1,"featured_media":12518,"comment_status":"open","ping_status":"open","sticky":false,"template":"","format":"standard","meta":{"footnotes":""},"categories":[7],"tags":[],"class_list":["post-12517","post","type-post","status-publish","format-standard","has-post-thumbnail","hentry","category-spolecnost"],"_links":{"self":[{"href":"https:\/\/www.invarena.cz\/index.php?rest_route=\/wp\/v2\/posts\/12517","targetHints":{"allow":["GET"]}}],"collection":[{"href":"https:\/\/www.invarena.cz\/index.php?rest_route=\/wp\/v2\/posts"}],"about":[{"href":"https:\/\/www.invarena.cz\/index.php?rest_route=\/wp\/v2\/types\/post"}],"author":[{"embeddable":true,"href":"https:\/\/www.invarena.cz\/index.php?rest_route=\/wp\/v2\/users\/1"}],"replies":[{"embeddable":true,"href":"https:\/\/www.invarena.cz\/index.php?rest_route=%2Fwp%2Fv2%2Fcomments&post=12517"}],"version-history":[{"count":0,"href":"https:\/\/www.invarena.cz\/index.php?rest_route=\/wp\/v2\/posts\/12517\/revisions"}],"wp:featuredmedia":[{"embeddable":true,"href":"https:\/\/www.invarena.cz\/index.php?rest_route=\/wp\/v2\/media\/12518"}],"wp:attachment":[{"href":"https:\/\/www.invarena.cz\/index.php?rest_route=%2Fwp%2Fv2%2Fmedia&parent=12517"}],"wp:term":[{"taxonomy":"category","embeddable":true,"href":"https:\/\/www.invarena.cz\/index.php?rest_route=%2Fwp%2Fv2%2Fcategories&post=12517"},{"taxonomy":"post_tag","embeddable":true,"href":"https:\/\/www.invarena.cz\/index.php?rest_route=%2Fwp%2Fv2%2Ftags&post=12517"}],"curies":[{"name":"wp","href":"https:\/\/api.w.org\/{rel}","templated":true}]}}