{"id":12533,"date":"2013-11-01T19:57:01","date_gmt":"2013-11-01T18:57:01","guid":{"rendered":"http:\/\/www.invarena.cz\/?p=12533"},"modified":"2013-11-01T19:57:01","modified_gmt":"2013-11-01T18:57:01","slug":"regiojet-hodil-vozickare-pres-palubu","status":"publish","type":"post","link":"https:\/\/www.invarena.cz\/?p=12533","title":{"rendered":"RegioJet hodil voz\u00ed\u010dk\u00e1\u0159e p\u0159es palubu"},"content":{"rendered":"<p><strong>Hendikepovan\u00ed se v\u010dera p\u0159i\u0161li symbolicky rozlou\u010dit s vlaky RegioJet brn\u011bnsk\u00e9ho podnikatele Radima Jan\u010dury. Spole\u010dnost od listopadu zru\u0161ila objedn\u00e1vku plo\u0161in pro nakl\u00e1d\u00e1n\u00ed voz\u00ed\u010dk\u00e1\u0159\u016f do vlaku.<!--more--><\/strong><\/p>\n<p>Jan\u010dura m\u00edsto toho nab\u00edz\u00ed, \u017ee bude cestuj\u00edc\u00ed s posti\u017een\u00edm nakl\u00e1dat palubn\u00ed person\u00e1l ru\u010dn\u011b. To je ale pro cestuj\u00edc\u00ed na voz\u00edku nep\u0159ijateln\u00fd a ned\u016fstojn\u00fd zp\u016fsob, \u0159ekl v\u010dera Erik \u010cipera ze sdru\u017een\u00ed Asistence, kter\u00e9 osob\u00e1m s posti\u017een\u00edm zaji\u0161\u0165uje asisten\u010dn\u00ed slu\u017eby.<\/p>\n<p>T\u00edm, \u017ee Jan\u010dura objedn\u00e1vku plo\u0161in zru\u0161il, dal posti\u017een\u00fdm najevo, \u017ee o n\u011b nestoj\u00ed, proto\u017ee jsou pro n\u011bj p\u0159\u00edli\u0161 n\u00e1ro\u010dn\u00ed, dodal \u010cipera.<\/p>\n<p>Sdru\u017een\u00ed podle \u010cipery RegioJet rozezlil p\u0159edev\u0161\u00edm zp\u016fsob, jak\u00fdm omezen\u00ed pro p\u0159epravu cestuj\u00edc\u00edch RegioJet prezentoval. V prohl\u00e1\u0161en\u00ed vyv\u011b\u0161en\u00e9m na internetov\u00fdch str\u00e1nk\u00e1ch uvedl, \u017ee lid\u00e9 s posti\u017een\u00edm zdr\u017euj\u00ed a \u017ee kv\u016fli nim vznikaj\u00ed zpo\u017ed\u011bn\u00ed vlak\u016f. To je podle \u010cipery neskute\u010dn\u00e1 nestoudnost.<\/p>\n<p>RegioJet v\u010dera uspo\u0159\u00e1dal ve\u0159ejnou zkou\u0161ku nakl\u00e1d\u00e1n\u00ed voz\u00ed\u010dk\u00e1\u0159\u016f, kter\u00e1 skon\u010dila trapn\u00fdm fiaskem. Dvou\u010dlenn\u00fd t\u00fdm stevard\u016f dokonce musel po\u017e\u00e1dat o pomoc p\u0159ihl\u00ed\u017eej\u00edc\u00ed novin\u00e1\u0159e. Nakonec situaci nedok\u00e1zal vy\u0159e\u0161it jinak, ne\u017e \u017ee nalo\u017eil posti\u017een\u00e9ho a voz\u00edk zvl\u00e1\u0161\u0165.<\/p>\n<p>Tereza Dole\u017ealov\u00e1, koordin\u00e1torka vzd\u011bl\u00e1v\u00e1n\u00ed v N\u00e1rodn\u00ed rad\u011b osob se zdravotn\u00edm posti\u017een\u00edm, v\u0161ak upozornila, \u017ee existuje \u0159ada lid\u00ed, kter\u00e9 nen\u00ed kv\u016fli jejich diagn\u00f3ze mo\u017en\u00e9 jen tak p\u0159en\u00e1\u0161et a zam\u011bstnanci dopravce nejsou na manipulaci s takto posti\u017een\u00fdmi lidmi pro\u0161koleni.<\/p>\n","protected":false},"excerpt":{"rendered":"<div class=\"mh-excerpt\"><p>Hendikepovan\u00ed se v\u010dera p\u0159i\u0161li symbolicky rozlou\u010dit s vlaky RegioJet brn\u011bnsk\u00e9ho podnikatele Radima Jan\u010dury. Spole\u010dnost od listopadu zru\u0161ila objedn\u00e1vku plo\u0161in pro nakl\u00e1d\u00e1n\u00ed voz\u00ed\u010dk\u00e1\u0159\u016f do vlaku.<\/p>\n<\/div>","protected":false},"author":1,"featured_media":12141,"comment_status":"open","ping_status":"open","sticky":false,"template":"","format":"standard","meta":{"footnotes":""},"categories":[7],"tags":[],"class_list":["post-12533","post","type-post","status-publish","format-standard","has-post-thumbnail","hentry","category-spolecnost"],"_links":{"self":[{"href":"https:\/\/www.invarena.cz\/index.php?rest_route=\/wp\/v2\/posts\/12533","targetHints":{"allow":["GET"]}}],"collection":[{"href":"https:\/\/www.invarena.cz\/index.php?rest_route=\/wp\/v2\/posts"}],"about":[{"href":"https:\/\/www.invarena.cz\/index.php?rest_route=\/wp\/v2\/types\/post"}],"author":[{"embeddable":true,"href":"https:\/\/www.invarena.cz\/index.php?rest_route=\/wp\/v2\/users\/1"}],"replies":[{"embeddable":true,"href":"https:\/\/www.invarena.cz\/index.php?rest_route=%2Fwp%2Fv2%2Fcomments&post=12533"}],"version-history":[{"count":0,"href":"https:\/\/www.invarena.cz\/index.php?rest_route=\/wp\/v2\/posts\/12533\/revisions"}],"wp:featuredmedia":[{"embeddable":true,"href":"https:\/\/www.invarena.cz\/index.php?rest_route=\/wp\/v2\/media\/12141"}],"wp:attachment":[{"href":"https:\/\/www.invarena.cz\/index.php?rest_route=%2Fwp%2Fv2%2Fmedia&parent=12533"}],"wp:term":[{"taxonomy":"category","embeddable":true,"href":"https:\/\/www.invarena.cz\/index.php?rest_route=%2Fwp%2Fv2%2Fcategories&post=12533"},{"taxonomy":"post_tag","embeddable":true,"href":"https:\/\/www.invarena.cz\/index.php?rest_route=%2Fwp%2Fv2%2Ftags&post=12533"}],"curies":[{"name":"wp","href":"https:\/\/api.w.org\/{rel}","templated":true}]}}