{"id":12541,"date":"2013-11-01T20:32:02","date_gmt":"2013-11-01T19:32:02","guid":{"rendered":"http:\/\/www.invarena.cz\/?p=12541"},"modified":"2013-11-01T20:32:02","modified_gmt":"2013-11-01T19:32:02","slug":"vlaky-regiojet-nebudou-vozickarum-nabizet-plosiny","status":"publish","type":"post","link":"https:\/\/www.invarena.cz\/?p=12541","title":{"rendered":"Vlaky RegioJet nebudou voz\u00ed\u010dk\u00e1\u0159\u016fm nab\u00edzet plo\u0161iny"},"content":{"rendered":"<p><strong>Vlaky RegioJet\u00a0 od p\u00e1tku nenab\u00edz\u00ed voz\u00ed\u010dk\u00e1\u0159\u016fm plo\u0161iny, pomoc\u00ed kter\u00fdch se handicapovan\u00ed mohli dostat do vlak\u016f. M\u00edsto toho jim nab\u00edz\u00ed, \u017ee jim bude pom\u00e1hat p\u0159\u00edmo palubn\u00ed person\u00e1l. <!--more--><\/strong><\/p>\n<p>&nbsp;<\/p>\n<p>report\u00e9rka TV Prima Filipa \u0160ebov\u00e1 to vyzkou\u0161ela spolu s voz\u00ed\u010dk\u00e1\u0159i Terezou a Michalem.<\/p>\n<p>Posledn\u00ed \u0159\u00edjnov\u00fd den a posledn\u00ed mo\u017enost pro voz\u00ed\u010dk\u00e1\u0159e cestovat pomoc\u00ed plo\u0161iny. Od p\u00e1tku bude cestov\u00e1n\u00ed o hodn\u011b slo\u017eit\u011bj\u0161\u00ed. Skupina handicapovan\u00fdch si dnes \u0161la nov\u00e9 cestov\u00e1n\u00ed soukrom\u00fdm RegioJetem vyzkou\u0161et. Tohle jsou Tereza a Michal. Oba dva maj\u00ed elektrick\u00e9 voz\u00edky. Po\u017e\u00e1dali o asistenci s n\u00e1stupem.<\/p>\n<p>Robin FRY\u0160, stevard RegioJetu:&#8220;Ur\u010dit\u011b to nen\u00ed samoz\u0159ejm\u011b probl\u00e9m. My ty klienty samoz\u0159ejm\u011b nalo\u017e\u00edme a p\u0159eprav\u00edme.<\/p>\n<p>Tereza DOLE\u017dALOV\u00c1, handicapovan\u00e1:&#8220;Boj\u00edm se hodn\u011b. Nev\u00edm, jestli v\u00edc o sebe nebo o voz\u00edk, ale o oboje.<\/p>\n<p><strong>Kolik v\u00e1\u017e\u00ed ten voz\u00edk?<\/strong><\/p>\n<p>Tereza DOLE\u017dALOV\u00c1,&#8220;Voz\u00edk v\u00e1\u017e\u00ed p\u0159es 100 kilo a j\u00e1 v\u00e1\u017e\u00edm 75 kilo, tak\u017ee p\u00e1nov\u00e9 si zamakaj\u00ed.<\/p>\n<p>Zanedlouho se vrac\u00ed stevard s posilou. Chv\u00edli jim v\u016fbec trv\u00e1 vymyslet, jak Terezu do vlaku dostat. Nakonec se rozhodnou p\u0159en\u00e9st pouze ji, a pak voz\u00edk. Tereza je po celou dobu ve velmi nep\u0159\u00edjemn\u00e9 pozici.<\/p>\n<p>stevard RegioJetu:&#8220;Pros\u00edm v\u00e1s, na\u0161el by se n\u011bkdo &#8230;<\/p>\n<p>Tereza nakonec mus\u00ed sama os\u00e1dku upozornit, \u017ee si pot\u0159ebuje sednout. Pak p\u0159ich\u00e1z\u00ed na \u0159adu voz\u00edk. S t\u00edm bylo n\u011bkolik minut pr\u00e1ce.<\/p>\n<p>Tereza DOLE\u017dALOV\u00c1&#8220;P\u00e1nov\u00e9 se velmi sna\u017eili. Oni nem\u016f\u017eou v\u011bd\u011bt, jak n\u011bjak\u00e9ho klienta mohou \u010di nemohou uchopit.<\/p>\n<p>Robin FRY\u0160, stevard RegioJetu:&#8220;Ubl\u00ed\u017eit si sice m\u016f\u017eeme, ale j\u00e1 si mysl\u00edm, \u017ee pokud jsme \u0161ikovn\u00ed a m\u00e1me k tomu n\u011bjak\u00e9 kompetence, tak ur\u010dit\u011b ne.&#8220;<\/p>\n<p>Michal by cestu nezvl\u00e1dl. Michal PRAGER, handicapovan\u00fd:&#8220;J\u00e1 m\u00e1m velkou lomivost kost\u00ed, tak\u017ee m\u011b kdyby takhle vzali do ruky, tak mi pravd\u011bpodobn\u011b hnedka zlom\u00ed ruku. Tak\u017ee j\u00e1 ten voz\u00edk vlastn\u011b nem\u016f\u017eu opustit.<\/p>\n<p>RegioJet u\u017e nebude nab\u00edzet plo\u0161iny kv\u016fli pen\u011bz\u016fm. Pronaj\u00edm\u00e1 si je od \u010cesk\u00fdch drah a mus\u00ed za ka\u017ed\u00e9ho voz\u00ed\u010dk\u00e1\u0159e platit a\u017e 7200 korun. Majitel Radim Jan\u010dura t\u00edm tla\u010d\u00ed na sn\u00ed\u017een\u00ed cen.<\/p>\n<p>Radim JAN\u010cURA, majitel RegioJetu:&#8220;Aby ten poplatek za zvednut\u00ed jednoho voz\u00ed\u010dk\u00e1\u0159e \u0161el na n\u011bjakou akceptovatelnou cenu, t\u0159eba jeden tis\u00edc korun.&#8220;<\/p>\n<p>Jen\u017ee \u010cesk\u00e9 dr\u00e1hy s cenou za plo\u0161inu nehodlaj\u00ed h\u00fdbat.<\/p>\n<p>Petr \u0160\u0164\u00c1HLAVSK\u00dd, mluv\u010d\u00ed \u010cesk\u00fdch drah:&#8220;Plo\u0161iny jsou ve spr\u00e1v\u011b majetku \u010cesk\u00fdch drah a osobn\u00ed doprava \u010cesk\u00fdch drah si je mus\u00ed pronaj\u00edmat podobn\u011b, jako to d\u011bl\u00e1 pan Jan\u010dura. Samoz\u0159ejm\u011b osobn\u00ed doprava za to tak\u00e9 plat\u00ed a ty \u010d\u00e1stky jsou srovnateln\u00e9.&#8220;<\/p>\n<p>A tak zat\u00edmco RegioJet bude s drahami bojovat o ceny, handicapovan\u00ed se stanou necht\u011bn\u00fdmi rukojm\u00edmi. V\u011bt\u0161ina z nich tak se soukromou firmou jezdit zkr\u00e1tka nebude.<\/p>\n<p>Michaela KRUNCLOV\u00c1, handicapovan\u00e1:&#8220;Cestuju s \u010ceskejma drahama a bezbari\u00e9rovost tam funguje dob\u0159e. A kdy\u017e jsem vid\u011bla dne\u0161n\u00ed n\u00e1stup do RegioJetu, tak jsem r\u00e1da, \u017ee m\u00e1m svoje auto a m\u016f\u017eu jezdit autem, proto\u017ee to bylo \u00fapln\u011b bez \u00farovn\u011b.&#8220;<\/p>\n<p>podle report\u00e1\u017ee Prima FTV zaznamenala invArena<\/p>\n","protected":false},"excerpt":{"rendered":"<div class=\"mh-excerpt\"><p>Vlaky RegioJet\u00a0 od p\u00e1tku nenab\u00edz\u00ed voz\u00ed\u010dk\u00e1\u0159\u016fm plo\u0161iny, pomoc\u00ed kter\u00fdch se handicapovan\u00ed mohli dostat do vlak\u016f. M\u00edsto toho jim nab\u00edz\u00ed, \u017ee jim bude pom\u00e1hat p\u0159\u00edmo palubn\u00ed <a class=\"mh-excerpt-more\" href=\"https:\/\/www.invarena.cz\/?p=12541\" title=\"Vlaky RegioJet nebudou voz\u00ed\u010dk\u00e1\u0159\u016fm nab\u00edzet plo\u0161iny\">[&#8230;]<\/a><\/p>\n<\/div>","protected":false},"author":1,"featured_media":0,"comment_status":"open","ping_status":"open","sticky":false,"template":"","format":"standard","meta":{"footnotes":""},"categories":[7],"tags":[],"class_list":["post-12541","post","type-post","status-publish","format-standard","hentry","category-spolecnost"],"_links":{"self":[{"href":"https:\/\/www.invarena.cz\/index.php?rest_route=\/wp\/v2\/posts\/12541","targetHints":{"allow":["GET"]}}],"collection":[{"href":"https:\/\/www.invarena.cz\/index.php?rest_route=\/wp\/v2\/posts"}],"about":[{"href":"https:\/\/www.invarena.cz\/index.php?rest_route=\/wp\/v2\/types\/post"}],"author":[{"embeddable":true,"href":"https:\/\/www.invarena.cz\/index.php?rest_route=\/wp\/v2\/users\/1"}],"replies":[{"embeddable":true,"href":"https:\/\/www.invarena.cz\/index.php?rest_route=%2Fwp%2Fv2%2Fcomments&post=12541"}],"version-history":[{"count":0,"href":"https:\/\/www.invarena.cz\/index.php?rest_route=\/wp\/v2\/posts\/12541\/revisions"}],"wp:attachment":[{"href":"https:\/\/www.invarena.cz\/index.php?rest_route=%2Fwp%2Fv2%2Fmedia&parent=12541"}],"wp:term":[{"taxonomy":"category","embeddable":true,"href":"https:\/\/www.invarena.cz\/index.php?rest_route=%2Fwp%2Fv2%2Fcategories&post=12541"},{"taxonomy":"post_tag","embeddable":true,"href":"https:\/\/www.invarena.cz\/index.php?rest_route=%2Fwp%2Fv2%2Ftags&post=12541"}],"curies":[{"name":"wp","href":"https:\/\/api.w.org\/{rel}","templated":true}]}}