{"id":12566,"date":"2013-11-02T12:14:28","date_gmt":"2013-11-02T11:14:28","guid":{"rendered":"http:\/\/www.invarena.cz\/?p=12566"},"modified":"2014-10-20T20:07:42","modified_gmt":"2014-10-20T18:07:42","slug":"smutna-uvaha-o-mrtvych","status":"publish","type":"post","link":"https:\/\/www.invarena.cz\/?p=12566","title":{"rendered":"Smutn\u00e1 \u00favaha o mrtv\u00fdch"},"content":{"rendered":"<p><strong>&#8222;V m\u00e9m d\u011btstv\u00ed byl m\u011bs\u00edc listopad spojen nejen s \u010dasn\u011bj\u0161\u00edm soumrakem, ale p\u0159edev\u0161\u00edm se z\u00e1hadn\u00fdm sv\u00e1tkem &#8222;du\u0161i\u010dek&#8220;, p\u0159i kter\u00e9m si lid\u00e9 p\u0159ipom\u00ednaj\u00ed du\u0161e v\u0161ech zem\u0159el\u00fdch,&#8220; p\u00ed\u0161e \u00favodem histori\u010dka a filosofka Ji\u0159ina \u0160iklov\u00e1. <!--more--><\/strong><\/p>\n<p>&nbsp;<\/p>\n<p>Samoz\u0159ejm\u011b jsem chodila se sv\u00fdmi rodi\u010di opakovan\u011b na h\u0159bitov, kde cesty byly pln\u00e9 popadan\u00e9ho list\u00ed, kter\u00e9 \u0161ustilo a ob\u010das se v\u011btrem zvedlo a krou\u017eilo kolem hrob\u016f. U ka\u017ed\u00e9ho z nich u cesty bylo \u010d\u00edslo, jako by evidence mrtv\u00fdch nesta\u010dila jen dle jm\u00e9na rodiny \u010di t\u011bch, kte\u0159\u00ed tam byli vytes\u00e1ni.<\/p>\n<p><strong>Zbyly jen du\u0161i\u010dky<\/strong><\/p>\n<p>Sem tam byli u hrob\u016f sklon\u011bni lid\u00e9, v\u011bt\u0161inou \u017eeny, a skoro na ka\u017ed\u00e9m sv\u00edtila sv\u00ed\u010dka. Sv\u011btla z nich se mihotala a j\u00e1 si dlouho myslela, \u017ee pr\u00e1v\u011b ta sv\u011btla jsou ty oslavovan\u00e9 du\u0161i\u010dky. Co jin\u00e9ho, viditeln\u00e9ho, vlastn\u011b z t\u011bch mrtv\u00fdch zbylo?<\/p>\n<p>T\u011blo \u010di popel pod hl\u00ednou nebo n\u00e1hrobn\u00edm kamenem? Ur\u010dit\u011b tam byly, ale nebylo je vid\u011bt. Sv\u011btla pro mne p\u0159edstavovaly viditeln\u00e9 du\u0161i\u010dky.<\/p>\n<p>V\u0161ude kolem na\u0161eho hrobu \u2013 daleko jsem chodit nesm\u011bla, a taky jsem se trochu b\u00e1la \u2013 byly sv\u00ed\u010dky, a kdy\u017e n\u011bkter\u00e1 ji\u017e skom\u00edrala, tak jsem tam sm\u011bla k t\u00e9 doho\u0159\u00edvaj\u00edc\u00ed p\u0159isadit dal\u0161\u00ed, novou, kterou jsem si p\u0159inesla z domova.<\/p>\n<p>N\u011bkdy to v\u0161ak nesta\u010dilo, tak jsem sv\u00ed\u010dku rozp\u016flila a rozd\u011blila ji mezi dva nebo\u017et\u00edky. Aby ta druh\u00e1 \u010d\u00e1st ho\u0159ela, musela jsem ji se\u0159\u00edznout, asi jako tu\u017eku, odhalit kousek knotu, a teprve pak to \u0161lo zap\u00e1lit. Taky jste to tak d\u011bl\u00e1vali?<\/p>\n<p>K tomu jsem \u0159e\u0161ila mor\u00e1ln\u00ed dilema. Vzala jsem a rozdala kus sv\u00ed\u010dky, kter\u00e1 pat\u0159ila, \u010di m\u011bla ho\u0159et, na hrobu na\u0161ich p\u0159\u00edbuzn\u00fdch a p\u0159edk\u016f. Zap\u00e1lila jsem ji na hrob\u011b \u00fapln\u011b ciz\u00edm lidem.<\/p>\n<p>Sou\u010dasn\u011b s t\u00edm mi v\u017edy v mysli vytanula nep\u0159\u00edjemn\u00e1 ot\u00e1zka. Pro\u010d t\u011bmto mrtv\u00fdm nikdo z jejich d\u011bt\u00ed a p\u0159\u00edbuzn\u00fdch sv\u00ed\u010dku v tento pam\u00e1tn\u00fd den nerozsv\u00edtil?<\/p>\n<p>\u0160patn\u011b si vychovali d\u011bti, byli na n\u011b zl\u00ed a ty jim to nyn\u00ed opl\u00e1cej\u00ed t\u00edm, \u017ee jim ani sv\u00ed\u010dku nerozsv\u00edt\u00ed? Na \u010d\u00ed stranu bych se m\u011bla postavit? T\u011bch mrtv\u00fdch, kte\u0159\u00ed asi nebyli dobr\u00fdmi rodi\u010di, nebo na stranu t\u011bch d\u011bt\u00ed, kter\u00e9 na n\u011b nejsp\u00ed\u0161 pr\u00e1vem ka\u0161laly?<\/p>\n<p>Maminka na m\u016fj dotaz odpov\u011bd\u011bla, \u017ee se ty d\u011bti d\u00e1vno n\u011bkam odst\u011bhovaly, t\u0159eba do Ameriky, nebo ji\u017e v\u0161ichni z rodiny zem\u0159eli.<\/p>\n<p><strong>Ka\u017ed\u00fd jednou zem\u0159e <\/strong><\/p>\n<p>Hned mi bylo jasn\u00e9, \u017ee pokud zem\u0159ou v\u0161ichni \u010dlenov\u00e9 rodiny, tak to znamen\u00e1, \u017ee jednou zem\u0159u i j\u00e1, p\u0159esto\u017ee jsem je\u0161t\u011b mal\u00e1. Kone\u010dn\u011b, u vchodu na \u010dtvrt\u00e9 pole h\u0159bitova st\u00e1l hrob hol\u010di\u010dky, kter\u00e1 tam m\u011bla svoji fotografii v ov\u00e1ln\u00e9m r\u00e1me\u010dku. Byla jen o trochu star\u0161\u00ed, ne\u017e jsem tehdy byla j\u00e1.<\/p>\n<p>Smutn\u00e9 pozn\u00e1n\u00ed m\u011b vedlo k ot\u00e1zce, zda bych cht\u011bla m\u00edt na sv\u00e9m hrob\u011b rozsv\u00edcenou sv\u00ed\u010dku na Du\u0161i\u010dky. Z\u00e1v\u011br byl jednozna\u010dn\u00fd. Cht\u011bla, a tak jsem honem hledala dal\u0161\u00ed opu\u0161t\u011bn\u00fd hrob a t\u011b\u0161ila se, \u017ee a\u017e se nau\u010d\u00edm \u010d\u00edslice, zjist\u00edm, jak sta\u0159\u00ed ti lid\u00e9 zem\u0159eli. A pak budu d\u00e1vat sv\u00ed\u010dky p\u0159edev\u0161\u00edm na hroby d\u011bt\u00ed a mlad\u00fdch lid\u00ed, proto\u017ee ti si za \u017eivota na t\u00e9to zemi u\u017eili ur\u010dit\u011b m\u00e9n\u011b Je\u017e\u00ed\u0161k\u016f, v\u00e1no\u010dn\u00edch strome\u010dk\u016f, d\u00e1rk\u016f a dort\u016f ne\u017e ti, kte\u0159\u00ed zem\u0159eli jako sta\u0159\u00ed.<\/p>\n<p>Zd\u00e1lo se mi to spravedliv\u00e9, a tak jsem rozd\u00e1vala dal\u0161\u00ed a dal\u0161\u00ed sv\u00ed\u010dky, zapalovala je a pak \u0161la zp\u011bt s rodi\u010di ji\u017e \u00fapln\u011b setm\u011blou cestou k hlavn\u00edmu v\u00fdchodu ze h\u0159bitova.<\/p>\n<p>V\u017edycky jsme to sta\u010dili a dve\u0159e je\u0161t\u011b byly otev\u0159en\u00e9. P\u0159es noc bych necht\u011bla z\u016fstat na h\u0159bitov\u011b, i kdy\u017e ty osv\u011btlen\u00e9 hroby p\u016fsobily kr\u00e1sn\u011b. Jak\u00e1si p\u0159edzv\u011bst v\u00e1no\u010dn\u00edho strome\u010dku. Zd\u00e1 se v\u00e1m, \u017ee je to smutn\u00e1 \u00favaha?Je smutn\u00e1, ale pro\u010d by m\u011bla b\u00fdt vesel\u00e1, kdy\u017e dnes slav\u00edme sv\u00e1tek Du\u0161i\u010dek, tedy sv\u00e1tek v\u0161ech mrtv\u00fdch.<\/p>\n<p>O autorovi: Ji\u0159ina \u0160iklov\u00e1 Vystudovala historii a filozofii na Filozofick\u00e9 fakult\u011b Univerzity Karlovy v Praze. Pozd\u011bji tu spoluzakl\u00e1dala katedru sociologie. Po roce 1969 opustila KS\u010c a byla za to perzekvov\u00e1na. Po zm\u011bn\u011b re\u017eimu v roce 1989 iniciovala zalo\u017een\u00ed katedry soci\u00e1ln\u00ed pr\u00e1ce na FF UK v Praze, kterou do roku 2000 vedla.<\/p>\n<p>Mlad\u00e1 fronta Dnes<\/p>\n<p><a href=\"http:\/\/zpravy.idnes.cz\/mfdnes.asp\" target=\"_blank\">http:\/\/zpravy.idnes.cz\/ mfdnes.asp<\/a> <a href=\"http:\/\/muj.anopress.cz\/Search\/PagesFree\/GetPageWithKeywords.aspx?page=http:\/\/zpravy.idnes.cz\/mfdnes.asp\" target=\"_blank\"><img decoding=\"async\" alt=\"\" src=\"http:\/\/muj.anopress.cz\/Search\/img\/misc\/hyperkeyw.gif\" border=\"0\" \/><\/a><\/p>\n","protected":false},"excerpt":{"rendered":"<div class=\"mh-excerpt\"><p>&#8222;V m\u00e9m d\u011btstv\u00ed byl m\u011bs\u00edc listopad spojen nejen s \u010dasn\u011bj\u0161\u00edm soumrakem, ale p\u0159edev\u0161\u00edm se z\u00e1hadn\u00fdm sv\u00e1tkem &#8222;du\u0161i\u010dek&#8220;, p\u0159i kter\u00e9m si lid\u00e9 p\u0159ipom\u00ednaj\u00ed du\u0161e v\u0161ech zem\u0159el\u00fdch,&#8220; <a class=\"mh-excerpt-more\" href=\"https:\/\/www.invarena.cz\/?p=12566\" title=\"Smutn\u00e1 \u00favaha o mrtv\u00fdch\">[&#8230;]<\/a><\/p>\n<\/div>","protected":false},"author":1,"featured_media":12567,"comment_status":"open","ping_status":"open","sticky":false,"template":"","format":"standard","meta":{"footnotes":""},"categories":[4],"tags":[],"class_list":["post-12566","post","type-post","status-publish","format-standard","has-post-thumbnail","hentry","category-nazory"],"_links":{"self":[{"href":"https:\/\/www.invarena.cz\/index.php?rest_route=\/wp\/v2\/posts\/12566","targetHints":{"allow":["GET"]}}],"collection":[{"href":"https:\/\/www.invarena.cz\/index.php?rest_route=\/wp\/v2\/posts"}],"about":[{"href":"https:\/\/www.invarena.cz\/index.php?rest_route=\/wp\/v2\/types\/post"}],"author":[{"embeddable":true,"href":"https:\/\/www.invarena.cz\/index.php?rest_route=\/wp\/v2\/users\/1"}],"replies":[{"embeddable":true,"href":"https:\/\/www.invarena.cz\/index.php?rest_route=%2Fwp%2Fv2%2Fcomments&post=12566"}],"version-history":[{"count":0,"href":"https:\/\/www.invarena.cz\/index.php?rest_route=\/wp\/v2\/posts\/12566\/revisions"}],"wp:featuredmedia":[{"embeddable":true,"href":"https:\/\/www.invarena.cz\/index.php?rest_route=\/wp\/v2\/media\/12567"}],"wp:attachment":[{"href":"https:\/\/www.invarena.cz\/index.php?rest_route=%2Fwp%2Fv2%2Fmedia&parent=12566"}],"wp:term":[{"taxonomy":"category","embeddable":true,"href":"https:\/\/www.invarena.cz\/index.php?rest_route=%2Fwp%2Fv2%2Fcategories&post=12566"},{"taxonomy":"post_tag","embeddable":true,"href":"https:\/\/www.invarena.cz\/index.php?rest_route=%2Fwp%2Fv2%2Ftags&post=12566"}],"curies":[{"name":"wp","href":"https:\/\/api.w.org\/{rel}","templated":true}]}}