{"id":12605,"date":"2013-11-04T07:49:16","date_gmt":"2013-11-04T06:49:16","guid":{"rendered":"http:\/\/www.invarena.cz\/?p=12605"},"modified":"2013-11-04T07:50:08","modified_gmt":"2013-11-04T06:50:08","slug":"drasticke-dokumenty-o-poruchach-prijmu-potravy-ve-zline","status":"publish","type":"post","link":"https:\/\/www.invarena.cz\/?p=12605","title":{"rendered":"Drastick\u00e9 dokumenty o poruch\u00e1ch p\u0159\u00edjmu potravy ve Zl\u00edn\u011b"},"content":{"rendered":"<p><strong>Ve Zl\u00edn\u011b bude m\u00edt premi\u00e9ru p\u011btid\u00edln\u00fd dokument\u00e1rn\u00ed cyklus s n\u00e1zvem<em> J\u00eddlo jako nemoc?<\/em> o poruch\u00e1ch p\u0159\u00edjmu potravy. Vytvo\u0159ila jej obecn\u011b prosp\u011b\u0161n\u00e1 spole\u010dnost Anabell, kter\u00e1 se touto problematikou zab\u00fdv\u00e1. Bude prom\u00edt\u00e1n od 22. listopadu.<!--more--><\/strong><\/p>\n<p>&nbsp;<\/p>\n<p>Poprv\u00e9 bude cel\u00fd cyklus prom\u00edtnut 22. listopadu odborn\u00e9 ve\u0159ejnosti, pak jej budou moci zhl\u00e9dnout ostatn\u00ed lid\u00e9 i na jin\u00fdch m\u00edstech, sd\u011blila dnes \u010cTK mluv\u010d\u00ed spole\u010dnosti Anabell Dagmar Kulaviakov\u00e1.<\/p>\n<p>Dokumenty p\u0159ibl\u00ed\u017e\u00ed problematiku z n\u011bkolika pohled\u016f. &#8222;Nap\u0159\u00edklad prvn\u00ed d\u00edl jsme pojmenovali Fat\u00e1ln\u011b \u0161t\u00edhl\u00e1 a \u0159e\u0161\u00ed se v n\u011bm dnes \u010dasto zmi\u0148ovan\u00e1 rovnice, \u017ee \u00fasp\u011b\u0161n\u00e1 rovn\u00e1 se \u0161t\u00edhl\u00e1,&#8220; uved re\u017eis\u00e9r dokumentu Petr Sladk\u00fd.<\/p>\n<p>V p\u011bti p\u016flhodinov\u00fdch \u010d\u00e1stech vystupuje des\u00edtka odborn\u00edk\u016f, psychologov\u00e9, nutri\u010dn\u00ed specialist\u00e9, psychoterapeuti, tak\u00e9 fotograf, modelka a lid\u00e9, kte\u0159\u00ed s poruchami p\u0159\u00edjmu potravy bojovali nebo st\u00e1le bojuj\u00ed.<\/p>\n<p>&#8222;Velmi siln\u00e9 je t\u0159eba vypr\u00e1v\u011bn\u00ed slep\u00e9ho a rozveden\u00e9ho otce, kter\u00fd dlouho nemohl zjistit, \u017ee jeho dcera trp\u00ed t\u011bmito probl\u00e9my. V dal\u0161\u00edm p\u0159\u00edpad\u011b se zase jedna n\u00e1mi osloven\u00e1 klientka sebepo\u0161kozovala a jej\u00ed p\u0159\u00edtel to nafotil, tak\u017ee v dokumentu jsou autentick\u00e9 z\u00e1b\u011bry, jak se \u0159e\u017ee. Drastick\u00fd p\u0159\u00edb\u011bh pak vypr\u00e1v\u00ed jedna pan\u00ed doktorka, je\u017e zmi\u0148uje svou klientku, kter\u00e1 si brala tolik proj\u00edmadel, a\u017e potratila. Nechceme z dokumentu v \u017e\u00e1dn\u00e9m p\u0159\u00edpad\u011b d\u011blat bulv\u00e1r, ale tak\u00e9 nechceme nic zast\u00edrat a zleh\u010dovat,&#8220; podotkl Sladk\u00fd.<\/p>\n<p>Prim\u00e1rn\u011b byl dokument nato\u010den pro zdravotn\u00ed sestry a nutri\u010dn\u00ed poradce Zl\u00ednsk\u00e9ho kraje. &#8222;Jednotliv\u00e9 filmy maj\u00ed zdravotnick\u00fdm pracovn\u00edk\u016fm v\u00fdsti\u017en\u011b p\u0159ibl\u00ed\u017eit kontext ment\u00e1ln\u00ed anorexie a ment\u00e1ln\u00ed bulimie, tak jak se s t\u011bmito nemocemi a p\u0159edev\u0161\u00edm klienty mohou setk\u00e1vat na sv\u00fdch pracovi\u0161t\u00edch.<\/p>\n<p>C\u00edlem je nejen vzd\u011bl\u00e1v\u00e1n\u00ed v t\u00e9to oblasti, ale tak\u00e9 jist\u00e1 destigmatizace t\u011bchto nemoc\u00ed a p\u0159ibl\u00ed\u017een\u00ed vnit\u0159n\u00edho nap\u011bt\u00ed a pot\u00ed\u017e\u00ed klient\u016f, kte\u0159\u00ed, jak zn\u00e1mo, o sv\u00fdch probl\u00e9mech se stravov\u00e1n\u00edm jen velmi obt\u00ed\u017en\u011b hovo\u0159\u00ed,&#8220; uvedla \u0159editelka sdru\u017een\u00ed Anabell Jana Sladk\u00e1 \u0160ev\u010d\u00edkov\u00e1.<\/p>\n<p>Anabell chce dokumenty nab\u00eddnout n\u011bkter\u00e9 z televizn\u00edch stanic a kabelov\u00fdch televiz\u00ed nebo ve form\u011b DVD poskytnout vysok\u00fdm \u0161kol\u00e1m. Podle ned\u00e1vn\u00e9ho pr\u016fzkumu sdru\u017een\u00ed m\u00e1 osobn\u00ed zku\u0161enost s n\u011bkterou z poruch p\u0159\u00edjmu potravy 15 procent dotazovan\u00fdch. Odpov\u00eddalo 3000 respondent\u016f. 61 procent dotazovan\u00fdch uvedlo, \u017ee zn\u00e1 ve sv\u00e9m okol\u00ed n\u011bkoho, kdo trp\u00ed v\u00e1\u017enou poruchou.<\/p>\n","protected":false},"excerpt":{"rendered":"<div class=\"mh-excerpt\"><p>Ve Zl\u00edn\u011b bude m\u00edt premi\u00e9ru p\u011btid\u00edln\u00fd dokument\u00e1rn\u00ed cyklus s n\u00e1zvem J\u00eddlo jako nemoc? o poruch\u00e1ch p\u0159\u00edjmu potravy. Vytvo\u0159ila jej obecn\u011b prosp\u011b\u0161n\u00e1 spole\u010dnost Anabell, kter\u00e1 se <a class=\"mh-excerpt-more\" href=\"https:\/\/www.invarena.cz\/?p=12605\" title=\"Drastick\u00e9 dokumenty o poruch\u00e1ch p\u0159\u00edjmu potravy ve Zl\u00edn\u011b\">[&#8230;]<\/a><\/p>\n<\/div>","protected":false},"author":1,"featured_media":0,"comment_status":"open","ping_status":"open","sticky":false,"template":"","format":"standard","meta":{"footnotes":""},"categories":[17,11],"tags":[],"class_list":["post-12605","post","type-post","status-publish","format-standard","hentry","category-kultura","category-zdravi"],"_links":{"self":[{"href":"https:\/\/www.invarena.cz\/index.php?rest_route=\/wp\/v2\/posts\/12605","targetHints":{"allow":["GET"]}}],"collection":[{"href":"https:\/\/www.invarena.cz\/index.php?rest_route=\/wp\/v2\/posts"}],"about":[{"href":"https:\/\/www.invarena.cz\/index.php?rest_route=\/wp\/v2\/types\/post"}],"author":[{"embeddable":true,"href":"https:\/\/www.invarena.cz\/index.php?rest_route=\/wp\/v2\/users\/1"}],"replies":[{"embeddable":true,"href":"https:\/\/www.invarena.cz\/index.php?rest_route=%2Fwp%2Fv2%2Fcomments&post=12605"}],"version-history":[{"count":0,"href":"https:\/\/www.invarena.cz\/index.php?rest_route=\/wp\/v2\/posts\/12605\/revisions"}],"wp:attachment":[{"href":"https:\/\/www.invarena.cz\/index.php?rest_route=%2Fwp%2Fv2%2Fmedia&parent=12605"}],"wp:term":[{"taxonomy":"category","embeddable":true,"href":"https:\/\/www.invarena.cz\/index.php?rest_route=%2Fwp%2Fv2%2Fcategories&post=12605"},{"taxonomy":"post_tag","embeddable":true,"href":"https:\/\/www.invarena.cz\/index.php?rest_route=%2Fwp%2Fv2%2Ftags&post=12605"}],"curies":[{"name":"wp","href":"https:\/\/api.w.org\/{rel}","templated":true}]}}