{"id":12644,"date":"2013-11-12T09:37:35","date_gmt":"2013-11-12T08:37:35","guid":{"rendered":"http:\/\/www.invarena.cz\/?p=12644"},"modified":"2013-12-18T22:35:36","modified_gmt":"2013-12-18T21:35:36","slug":"jak-s-vozikem-na-postu-pro-zasilku","status":"publish","type":"post","link":"https:\/\/www.invarena.cz\/?p=12644","title":{"rendered":"Jak s voz\u00edkem na po\u0161tu v Plze\u0148sk\u00e9 pro z\u00e1silku"},"content":{"rendered":"<p><strong> Pobo\u010dka po\u0161ty na Plze\u0148sk\u00e9 ulici v Praze 5. Tady se soust\u0159e\u010fuj\u00ed z\u00e1silky ze zahrani\u010d\u00ed, kter\u00e9 pro\u0161ly celn\u00ed kontrolou. Pro voz\u00ed\u010dk\u00e1\u0159e je ale nedobytnou pevnost\u00ed. Jak si m\u016f\u017ee voz\u00ed\u010dk\u00e1\u0159 vyzvednout z\u00e1silku ze zahrani\u010d\u00ed&#8230;o tom informovala \u010cT.<!--more--><\/strong><\/p>\n<p>Vjezd do budovy, i kdy\u017e se to mo\u017en\u00e1 nezd\u00e1, je pro lidi na voz\u00edku nep\u0159\u00edstupn\u00fd. Rampa je p\u0159\u00edli\u0161 strm\u00e1 a mnoz\u00ed voz\u00ed\u010dk\u00e1\u0159i nemaj\u00ed \u0161anci ji zdolat a hroz\u00ed, \u017ee se p\u0159eklop\u00ed.<\/p>\n<p>David LUKE\u0160, jednatel; \u010cesk\u00e1 asociace paraplegik\u016f:&#8220;J\u00e1 to nevyjedu. Lidi s minim\u00e1ln\u00edm handicapem,<br \/>\nmysl\u00edm, \u017ee jsou schopni zdolat tu rampu, ale jinak je to stra\u0161n\u011b nebezpe\u010dn\u00fd.&#8220;<\/p>\n<p>Jakub VIN\u0160, asistent:&#8220;Sta\u010dil by men\u0161\u00ed sklon a bylo by po probl\u00e9mu stoprocentn\u011b.<\/p>\n<p>David LUKE\u0160, &#8222;Voz\u00ed\u010dk\u00e1\u0159i b\u011bhem posledn\u00edch dvou let po\u0161t\u011b navrhovali, aby mohli do budovy vj\u00ed\u017ed\u011bt aspo\u0148 slu\u017eebn\u00edm vchodem u parkovi\u0161t\u011b. Panovala na tom shoda, a pak \u010cesk\u00e1 po\u0161ta p\u0159i\u0161la s t\u00edm, \u017ee z d\u016fvodu instalace n\u011bjak\u00fdch bezpe\u010dnostn\u00edch prvk\u016f to nejde.&#8220;<\/p>\n<p>Lid\u00e9 na voz\u00edku se c\u00edt\u00ed b\u00fdt znev\u00fdhodn\u011bni, na pobo\u010dku se dostanou jen s asistentem nebo mus\u00ed pov\u011b\u0159it pracovn\u00edka po\u0161ty, aby bal\u00ed\u010dek ze zahrani\u010dn\u00ed vyzvedl. Jen\u017ee ka\u017ed\u00e9 zastupov\u00e1n\u00ed stoj\u00ed skoro 200 korun.<\/p>\n<p>Hana SIXTOV\u00c1, soci\u00e1ln\u00ed pracovnice; \u010cesk\u00e1 asociace paraplegik\u016f:&#8220;\u010cty\u0159ikr\u00e1t jsme jednali s r\u016fzn\u00fdmi p\u0159edstaviteli \u010cesk\u00e9 po\u0161ty o zpro\u0161t\u011bn\u00ed poplatk\u016f do\u010dasn\u00e9, ne\u017e bude bezbari\u00e9rov\u00fd p\u0159\u00edstup. U\u017e jsme te\u010fko ve f\u00e1zi, \u017ee vlastn\u011b sh\u00e1n\u00edme pr\u00e1vn\u00edka, abysme podali \u017ealobu.&#8220;<\/p>\n<p>Paraplegiky v jejich boji za bezbari\u00e9rov\u00fd vchod podpo\u0159il i magistr\u00e1t.<\/p>\n<p>Tereza KR\u00c1LOV\u00c1, mluv\u010d\u00ed; Magistr\u00e1t hlavn\u00edho m\u011bsta Prahy:&#8220;Z\u00e1rove\u0148 doporu\u010dil \u010cesk\u00e9 po\u0161t\u011b, aby si podala \u017e\u00e1dost na z\u00edsk\u00e1n\u00ed grantu na odstra\u0148ov\u00e1n\u00ed bari\u00e9r ve ve\u0159ejn\u00e9m prostoru.<\/p>\n<p>Marta SELICHAROV\u00c1, mluv\u010d\u00ed; \u010cesk\u00e1 po\u0161ta:&#8220;V lo\u0148sk\u00e9m roce jsme instalovali v\u00fdtahy, kter\u00e9 jsou pro imobiln\u00ed ob\u010dany. A v leto\u0161n\u00edm roce u\u017e m\u00e1me p\u0159ipraven\u00fd projektov\u00fd z\u00e1m\u011br. Po\u010d\u00edt\u00e1me s t\u00edm, \u017ee nejpozd\u011bji na po\u010d\u00e1tku p\u0159\u00ed\u0161t\u00edho roku tam bude instalov\u00e1na plo\u0161ina a dve\u0159e, kter\u00e9 se samy otev\u00edraj\u00ed, tak aby se lid\u00e9 na tu po\u0161tu dostali.&#8220;<\/p>\n<p>V \u010cesku je 3 200 pobo\u010dek \u010cesk\u00e9 po\u0161ty, bezbari\u00e9rov\u00fd vstup m\u00e1 jen zhruba t\u0159etina z nich.<\/p>\n<p>podle \u010cesk\u00e9 televize zaznamenala invArena<\/p>\n","protected":false},"excerpt":{"rendered":"<div class=\"mh-excerpt\"><p>Pobo\u010dka po\u0161ty na Plze\u0148sk\u00e9 ulici v Praze 5. Tady se soust\u0159e\u010fuj\u00ed z\u00e1silky ze zahrani\u010d\u00ed, kter\u00e9 pro\u0161ly celn\u00ed kontrolou. Pro voz\u00ed\u010dk\u00e1\u0159e je ale nedobytnou pevnost\u00ed. Jak <a class=\"mh-excerpt-more\" href=\"https:\/\/www.invarena.cz\/?p=12644\" title=\"Jak s voz\u00edkem na po\u0161tu v Plze\u0148sk\u00e9 pro z\u00e1silku\">[&#8230;]<\/a><\/p>\n<\/div>","protected":false},"author":1,"featured_media":11993,"comment_status":"open","ping_status":"open","sticky":false,"template":"","format":"standard","meta":{"footnotes":""},"categories":[7],"tags":[],"class_list":["post-12644","post","type-post","status-publish","format-standard","has-post-thumbnail","hentry","category-spolecnost"],"_links":{"self":[{"href":"https:\/\/www.invarena.cz\/index.php?rest_route=\/wp\/v2\/posts\/12644","targetHints":{"allow":["GET"]}}],"collection":[{"href":"https:\/\/www.invarena.cz\/index.php?rest_route=\/wp\/v2\/posts"}],"about":[{"href":"https:\/\/www.invarena.cz\/index.php?rest_route=\/wp\/v2\/types\/post"}],"author":[{"embeddable":true,"href":"https:\/\/www.invarena.cz\/index.php?rest_route=\/wp\/v2\/users\/1"}],"replies":[{"embeddable":true,"href":"https:\/\/www.invarena.cz\/index.php?rest_route=%2Fwp%2Fv2%2Fcomments&post=12644"}],"version-history":[{"count":0,"href":"https:\/\/www.invarena.cz\/index.php?rest_route=\/wp\/v2\/posts\/12644\/revisions"}],"wp:featuredmedia":[{"embeddable":true,"href":"https:\/\/www.invarena.cz\/index.php?rest_route=\/wp\/v2\/media\/11993"}],"wp:attachment":[{"href":"https:\/\/www.invarena.cz\/index.php?rest_route=%2Fwp%2Fv2%2Fmedia&parent=12644"}],"wp:term":[{"taxonomy":"category","embeddable":true,"href":"https:\/\/www.invarena.cz\/index.php?rest_route=%2Fwp%2Fv2%2Fcategories&post=12644"},{"taxonomy":"post_tag","embeddable":true,"href":"https:\/\/www.invarena.cz\/index.php?rest_route=%2Fwp%2Fv2%2Ftags&post=12644"}],"curies":[{"name":"wp","href":"https:\/\/api.w.org\/{rel}","templated":true}]}}