{"id":12674,"date":"2013-11-06T10:41:23","date_gmt":"2013-11-06T09:41:23","guid":{"rendered":"http:\/\/www.invarena.cz\/?p=12674"},"modified":"2013-11-06T10:42:47","modified_gmt":"2013-11-06T09:42:47","slug":"nema-nohu-prispevek-na-auto-ale-nedostane","status":"publish","type":"post","link":"https:\/\/www.invarena.cz\/?p=12674","title":{"rendered":"Nem\u00e1 nohu. P\u0159\u00edsp\u011bvek na auto ale nedostane"},"content":{"rendered":"<p><strong>M\u00e1lokdo um\u00ed bojovat s rakovinou tak jako dev\u00edtilet\u00fd Alex. P\u0159i\u0161el kv\u016fli n\u00ed o nohu. Jen\u017ee byrokracie je nemilosrdn\u00e1. Jeho posti\u017een\u00ed nen\u00ed tak z\u00e1va\u017en\u00e9, aby z\u00edskal p\u0159\u00edsp\u011bvek na auto. <\/strong>\/ilustra\u010dn\u00ed sn\u00edmek\/<!--more--><\/p>\n<p>&nbsp;<\/p>\n<p><strong>Uvid\u00edte v report\u00e1\u017ei St\u00e1ni Raupachov\u00e9 v po\u0159adu \u010cT.<\/strong><\/p>\n<p>Olga OHAROV\u00c1, maminka Alexe:&#8220;P\u0159i\u0161lo se a \u0159eklo se, tak, jak to je, bu\u010f bude\u0161 muset d\u00e1t no\u017ei\u010dku pry\u010d, anebo vlastn\u011b um\u0159e\u0161. Tak\u017ee jsme si zabre\u010deli a nechali jsme nohu d\u00e1t pry\u010d.&#8220;<\/p>\n<p>Alexovi je 9 let. Je\u0161t\u011b loni v l\u00e9t\u011b byl jako ka\u017ed\u00fd jin\u00fd mal\u00fd chlapec. B\u011bhal po vesnici, d\u011blal skopi\u010diny a p\u0159edev\u0161\u00edm hodn\u011b sportoval. Pat\u0159il mezi mlad\u00e9 nad\u011bje fotbalov\u00e9ho klubu ve st\u0159edo\u010desk\u00e9 Hostouni. To, co oto\u010dilo jeho \u017eivot naruby, je rakovina. Agresivn\u00ed, t\u011b\u017ece poraziteln\u00fd osteosarkom.<\/p>\n<p>Olga OHAROV\u00c1,&#8220;Za\u010dal si st\u011b\u017eovat, \u017ee ho ob\u010das bol\u00ed noha. A v\u0161imli jsme si, \u017ee m\u00e1 pod kolenem, \u017ee se mu utvo\u0159ila takov\u00e1 tvrd\u00e1 boule.&#8220;<\/p>\n<p>Josef MALI\u0160, d\u011btsk\u00fd onkolog, FN Motol: &#8222;Pod t\u00edm kolenn\u00edm kloubem je to, co tam nepat\u0159\u00ed, \u010dili n\u00e1dorem zm\u011bn\u011bn\u00e1 kost. Tento typ onemocn\u011bn\u00ed, kter\u00fd m\u00e1 Alex, nen\u00ed typick\u00fd pro jeho v\u011bkov\u00e9 obdob\u00ed, je tedy extr\u00e9mn\u011b vz\u00e1cn\u00fd. To jsou jednotliv\u00ed pacienti.&#8220;<\/p>\n<p>V\u00e1clav OHAR, tat\u00ednek Alexe:&#8220;To prvotn\u00ed asi je dost velkej \u0161ok,\u00a0 ale pak \u010dlov\u011bk mus\u00ed n\u011bjak \u017e\u00edt d\u00e1l a n\u011bco s t\u00edm d\u011blat, \u017ee &#8230;&#8220;<\/p>\n<p>L\u00e9ka\u0159i v motolsk\u00e9 nemocnici za\u010dali bojovat o Alex\u016fv \u017eivot. Nasadili s\u00e9rii 6 chemoterapi\u00ed, aby n\u00e1dorov\u00e9 bujen\u00ed co nejd\u0159\u00edve zastavili. Povedlo se. Pak ale l\u00e9ka\u0159i rozhodli, \u017ee i poz\u016fstatek n\u00e1doru mus\u00ed pry\u010d, \u017ee Alexovu nohu je t\u0159eba amputovat.<\/p>\n<p>Operac\u00ed ale Alexovo tr\u00e1pen\u00ed neskon\u010dilo. U\u017e 4 dny po amputaci za\u010dala zaji\u0161\u0165ovac\u00ed chemoterapie. P\u0159ed n\u00edm bylo 12 d\u00e1vek a mnoho m\u011bs\u00edc\u016f v nemocnici.<\/p>\n<p>Alex ztratil kontakt s kamar\u00e1dy a milovan\u00fd fotbal se stal vzpom\u00ednkou. Z vesel\u00e9ho nad\u011bjn\u00e9ho sportovce se stal uzav\u0159en\u00fd chlapec. Jakmile se pah\u00fdl zahojil, dostal Alex prot\u00e9zu a za\u010dal se u\u010dit chodit.<\/p>\n<p>Alex nikdy nez\u016fstal v nemocnici s\u00e1m, v\u017edy s n\u00edm byl jeden z rodi\u010d\u016f. Maminka se musela vzd\u00e1t pr\u00e1ce \u00fapln\u011b, otec, drobn\u00fd \u0159emesln\u00edk, od\u0159\u00edkal zak\u00e1zky. S p\u00e9\u010d\u00ed o Alexovu sest\u0159i\u010dku Zuzanku pom\u00e1hala cel\u00e9 rodina. Ke starostem o synovo zdrav\u00ed se p\u0159idaly i finan\u010dn\u00ed pot\u00ed\u017ee. Jen za poplatek za pobyt v nemocnici Oharovi zaplatili p\u0159es 23 tis\u00edc korun.<\/p>\n<p>Josef MALI\u0160, d\u011btsk\u00fd onkolog, FN Motol:&#8220;I kdy\u017e ta rodina nemus\u00ed pat\u0159it k n\u011bjak\u00fdm takzvan\u011b chud\u00fdm nebo finan\u010dn\u011b nedob\u0159e zaji\u0161t\u011bn\u00fdm, tak toto je v\u00fdznamn\u00fd z\u00e1sah do rozpo\u010dtu t\u00e9 rodiny. Na\u0161t\u011bst\u00ed dneska existuj\u00ed i r\u016fzn\u00e9 nada\u010dn\u00ed skupiny, nap\u0159\u00edklad Dobr\u00fd and\u011bl, a mnoho podobn\u00fdch dobro\u010dinn\u00fdch charitativn\u00edch organizac\u00ed, kter\u00e9 dok\u00e1\u017e\u00ed velmi v\u00fdznamn\u011b t\u011bmto rodin\u00e1m pomoct.&#8220;<\/p>\n<p>Dal\u0161\u00ed finan\u010dn\u00ed pomoc\u00ed je pro Oharovy p\u0159\u00edsp\u011bvek na p\u00e9\u010di. P\u0159\u00edsp\u011bvek na n\u00e1kup auta jim ale \u00da\u0159ad pr\u00e1ce v Kladn\u011b zam\u00edtl, a to na z\u00e1klad\u011b zpr\u00e1vy posudkov\u00e9ho l\u00e9ka\u0159e. Auto ale Oharovi koupit museli. Ze st\u0159edo\u010desk\u00e9 Hostoun\u011b jezd\u00ed se synem i n\u011bkolikr\u00e1t t\u00fddn\u011b do Prahy na rehabilitace, protetiku, \u0161kolu ch\u016fze a mnoho odborn\u00fdch vy\u0161et\u0159en\u00ed.<\/p>\n<p><strong>Jestli tady dob\u0159e cituju ze zd\u016fvodn\u011bn\u00ed posudkov\u00e9ho l\u00e9ka\u0159e, nejde o osobu, kter\u00e1 m\u00e1 t\u011b\u017ekou vadu nosn\u00e9ho nebo pohybov\u00e9ho \u00fastroj\u00ed.<\/strong><\/p>\n<p>Ji\u0159\u00ed DAVID, \u0159editel \u00da\u0159adu pr\u00e1ce Kladno:&#8220;Ano.&#8220;<\/p>\n<p><strong>Dob\u0159e, a kdy\u017e se t\u0159eba kouknete tady na obr\u00e1zek Alexe, kter\u00fd vlastn\u011b tam nem\u00e1 t\u00e9m\u011b\u0159 celou kon\u010detinu, mysl\u00edte si, \u017ee je to spr\u00e1vn\u00e9, to rozhodnut\u00ed?<\/strong><\/p>\n<p>Ji\u0159\u00ed DAVID,&#8220;Nejsem l\u00e9ka\u0159 l\u00e9ka\u0159sk\u00e9 posudkov\u00e9 slu\u017eby, tak\u017ee o tom nem\u016f\u017eu rozhodovat.&#8220;<\/p>\n<p>Josef MALI\u0160, d\u011btsk\u00fd onkolog, FN Motol:&#8220;Jednozna\u010dn\u011b to je t\u011b\u017ek\u00e1 vada. Ten pacient skute\u010dn\u011b m\u00e1 t\u011b\u017ekou poruchu pohybov\u00e9ho apar\u00e1tu. A rozhodn\u011b si mysl\u00edm, \u017ee rodina s takov\u00fdmto pacientem funk\u010dn\u00ed automobil pot\u0159ebuje.&#8220;<\/p>\n<p>Jana BURA\u0147OV\u00c1, mluv\u010d\u00ed \u010cesk\u00e9 spr\u00e1vy soci\u00e1ln\u00edho zabezpe\u010den\u00ed:&#8220;Ne v\u0161echna zdravotn\u00ed posti\u017een\u00ed, kter\u00e1 vlastn\u011b od\u016fvod\u0148uj\u00ed p\u0159izn\u00e1n\u00ed p\u0159\u00edsp\u011bvku na zvl\u00e1\u0161tn\u00ed pom\u016fcku, jsou i d\u016fvodem k tomu, aby osob\u011b, kter\u00e1 m\u00e1 t\u011b\u017ekou vadu pohybov\u00e9ho \u00fastroj\u00ed, byl p\u0159izn\u00e1n p\u0159\u00edsp\u011bvek na automobil.&#8220;<\/p>\n<p>Jasn\u011b \u0159e\u010deno, z\u00e1kon nepova\u017euje ztr\u00e1tu doln\u00ed kon\u010detiny za tak t\u011b\u017ek\u00e9 po\u0161kozen\u00ed, aby oprav\u0148ovalo k vyplacen\u00ed p\u0159\u00edsp\u011bvku na automobil. Oharovi se odvolali k nad\u0159\u00edzen\u00e9mu ministerstvu pr\u00e1ce a soci\u00e1ln\u00edch v\u011bc\u00ed. To ale vych\u00e1z\u00ed ze stejn\u00e9 legislativy a odvol\u00e1n\u00ed zam\u00edtlo.<\/p>\n<p>\u0160t\u011bp\u00e1nka FILIPOV\u00c1, mluv\u010d\u00ed Ministerstva pr\u00e1ce a soci\u00e1ln\u00edch v\u011bc\u00ed:&#8220;My jsme tak\u00e9 navrhli pot\u0159ebnou zm\u011bnu legislativy a tady v t\u00e9to v\u011bci by se m\u011bla cel\u00e1 z\u00e1le\u017eitost zm\u011bnit od za\u010d\u00e1tku p\u0159\u00ed\u0161t\u00edho roku.&#8220;<\/p>\n<p><strong>Tak\u017ee Alex nebo respektive jeho rodina maj\u00ed je\u0161t\u011b \u0161anci, \u017ee by jim t\u0159eba mohl b\u00fdt ten p\u0159\u00edsp\u011bvek na auto p\u0159izn\u00e1n?<\/strong><\/p>\n<p>\u0160t\u011bp\u00e1nka FILIPOV\u00c1, &#8222;M\u016f\u017ee to tak b\u00fdt. J\u00e1 samoz\u0159ejm\u011b nemohu mluvit k tomu konkr\u00e9tn\u00edmu p\u0159\u00edpadu.&#8220;<\/p>\n<p>P\u0159\u00e1tel\u00e9 rodiny na \u017e\u00e1dn\u00e9 ministersk\u00e9 mo\u017en\u00e1 ne\u010dekali. Rozhodli se, \u017ee Ohar\u016fm pomohou sami.<\/p>\n<p>V\u00e1clav KOSTELECK\u00dd, rodinn\u00fd p\u0159\u00edtel:&#8220;M\u00e1m p\u0159ibli\u017en\u011b stejn\u011b starou vnu\u010dku, jako je ten mal\u00fd Alex. Po\u0159\u00e1d v hlav\u011b mi proch\u00e1zelo, co bych d\u011blal j\u00e1, kdyby se tohle to stalo v na\u0161\u00ed rodin\u011b, jak bych se k tomu zachoval.&#8220;<\/p>\n<p>A tak V\u00e1clav Kosteleck\u00fd posb\u00edral Alexovy fotky a vytvo\u0159il let\u00e1\u010dek s \u010d\u00edslem jeho \u00fa\u010dtu. O finan\u010dn\u00ed pomoc pro chlapce a jeho rodinu po\u017e\u00e1dal p\u0159\u00e1tele a zn\u00e1m\u00e9. Za p\u00e1r m\u011bs\u00edc\u016f se na \u00fa\u010dtu shrom\u00e1\u017edilo kolem 40 tis\u00edc korun.<\/p>\n<p>V\u00e1clav KOSTELECK\u00dd, rodinn\u00fd p\u0159\u00edtel:&#8220;Ty let\u00e1\u010dky jsme dali i do \u0161kol, do mate\u0159sk\u00fdch \u0161kolek, prost\u011b kam jsem byl schopen ty let\u00e1\u010dky doru\u010dit, tak jsem opravdu pro to d\u011blal v\u0161echno, aby ty let\u00e1\u010dky byly prost\u011b mezi lidma.<\/p>\n<p>Zpr\u00e1va o Alexovi se dostala i do pra\u017esk\u00e9 z\u00e1kladn\u00ed \u0161koly v Lond\u00fdnsk\u00e9. Tam se d\u011bti rozhoduj\u00ed, zda to bude pr\u00e1v\u011b on, komu po\u0161lou pen\u00edze ze sv\u00fdch pravideln\u00fdch charitativn\u00edch akc\u00ed.<\/p>\n<p>Zuzana RICHTERMOCOV\u00c1, koordin\u00e1torka \u0160koln\u00edho parlamentu, Z\u0160 Lond\u00fdnsk\u00e1:&#8220;Alex m\u00e1 ur\u010dit\u011b \u0161anci z\u00edskat od n\u00e1s podporu. Bu\u010f v projektu v\u00ed\u010dek, anebo ve v\u00e1no\u010dn\u00edch trz\u00edch, t\u011bch projekt\u016f je v\u00edc, tak\u017ee budem dr\u017eet palce.&#8220;<\/p>\n<p>Olga OHAROV\u00c1, &#8222;N\u00e1s to hodn\u011b povzbudilo, bylo to pro n\u00e1s p\u0159\u00edjemn\u00fd, \u017ee maj lidi o n\u00e1s starost a \u017ee se o n\u00e1s zaj\u00edmaj, a bylo n\u00e1m to opravdu mil\u00fd.&#8220;<\/p>\n<p>Co Alexovi nejv\u00edc chyb\u00ed, je sport. D\u011btsk\u00e1 prot\u00e9za, kterou dostal, umo\u017e\u0148uje jen ch\u016fzi. Kdy\u017e chce jet na kole, mus\u00ed ji odlo\u017eit, aby mu nep\u0159ek\u00e1\u017eela.<\/p>\n<p>Olga OHAROV\u00c1,&#8220;My hlavn\u011b te\u010f \u0159e\u0161\u00edme tu nohu, a cht\u011bli bysme, aby m\u011bl lep\u0161\u00ed prot\u00e9zu. \u017de v\u0161echny pen\u00edze, co budou, tak by \u0161lo na tu prot\u00e9zu, kter\u00e1 by mohla bejt lep\u0161\u00ed. Se prost\u011b \u010dlov\u011bk ob\u00e1v\u00e1, jak to bude do budoucna, \u017ee.&#8220;<\/p>\n<p>Prot\u00e9za pro dosp\u011bl\u00e9 stoj\u00ed 600 tis\u00edc.<\/p>\n<p>Mechanicky dokonalej\u0161\u00ed prot\u00e9zu poji\u0161\u0165ovny propl\u00e1cej\u00ed od 18 let. Pokud v\u0161ak Alex prok\u00e1\u017ee, \u017ee ji zvl\u00e1dne, a protetik to potvrd\u00ed, jej\u00edmu zaplacen\u00ed se br\u00e1nit nebudeme, slibuje zdravotn\u00ed poji\u0161\u0165ovna \u00fasty sv\u00e9ho mluv\u010d\u00edho.<\/p>\n<p>Mario B\u00d6HME, mluv\u010d\u00ed Oborov\u00e9 zdravotn\u00ed poji\u0161\u0165ovny:&#8220;Je zcela ur\u010dit\u011b mo\u017en\u00e9, \u017ee potom, jak l\u00e9ka\u0159, tak protetik, i poji\u0161\u0165ovna se mohou shodnout na tom, \u017ee by bylo dobr\u00e9 pou\u017e\u00edt a perspektivn\u011b pou\u017e\u00edt i lep\u0161\u00ed typ prot\u00e9zy a i d\u0159\u00edve ne\u017e t\u0159eba p\u0159ed t\u00edm 18. rokem v\u011bku.&#8220;<\/p>\n<p>Brzk\u00e9 nad\u011bje na lep\u0161\u00ed prot\u00e9zu poh\u0159bilo n\u00e1sleduj\u00edc\u00ed l\u00e9ka\u0159sk\u00e9 vy\u0161et\u0159en\u00ed. Ultrazvuk odhalil, \u017ee se Alexovi na konci pah\u00fdlu za\u010dala hromadit tekutina. Ne\u017e l\u00e9ka\u0159i tento probl\u00e9m vy\u0159e\u0161\u00ed, nem\u016f\u017ee pou\u017e\u00edvat \u017e\u00e1dnou prot\u00e9zu.<\/p>\n<p>Kdy se Alex bude moci na prot\u00e9zu znovu postavit, nikdo nev\u00ed. Dokonalej\u0161\u00ed n\u00e1hrada z\u016fst\u00e1v\u00e1 zat\u00edm jen nespln\u011bn\u00fdm p\u0159\u00e1n\u00edm. Nejde ale jen o ni. Alexe \u010dekaj\u00ed celo\u017eivotn\u00ed l\u00e9ka\u0159sk\u00e9 kontroly. Navzdory radik\u00e1ln\u00ed l\u00e9\u010db\u011b nemaj\u00ed odborn\u00edci jistotu, \u017ee se rakovina neobjev\u00ed znovu.<\/p>\n<p>Josef MALI\u0160, d\u011btsk\u00fd onkolog, FN Motol:&#8220;80 a\u017e 90 procent pacient\u016f s takov\u00fdmto typem onemocn\u011bn\u00ed, takto reaguj\u00edc\u00ed na l\u00e9\u010dbu a takto o\u0161et\u0159eni maj\u00ed \u0161anci, \u017ee budou \u017e\u00edt naprosto norm\u00e1ln\u00edm<\/p>\n<p>podle po\u0159adu Report\u00e9\u0159i \u010cT v zkr\u00e1cen\u00e9 podob\u011b zaznamenala invArena<\/p>\n","protected":false},"excerpt":{"rendered":"<div class=\"mh-excerpt\"><p>M\u00e1lokdo um\u00ed bojovat s rakovinou tak jako dev\u00edtilet\u00fd Alex. P\u0159i\u0161el kv\u016fli n\u00ed o nohu. Jen\u017ee byrokracie je nemilosrdn\u00e1. Jeho posti\u017een\u00ed nen\u00ed tak z\u00e1va\u017en\u00e9, aby z\u00edskal <a class=\"mh-excerpt-more\" href=\"https:\/\/www.invarena.cz\/?p=12674\" title=\"Nem\u00e1 nohu. P\u0159\u00edsp\u011bvek na auto ale nedostane\">[&#8230;]<\/a><\/p>\n<\/div>","protected":false},"author":1,"featured_media":12696,"comment_status":"open","ping_status":"open","sticky":false,"template":"","format":"standard","meta":{"footnotes":""},"categories":[7],"tags":[],"class_list":["post-12674","post","type-post","status-publish","format-standard","has-post-thumbnail","hentry","category-spolecnost"],"_links":{"self":[{"href":"https:\/\/www.invarena.cz\/index.php?rest_route=\/wp\/v2\/posts\/12674","targetHints":{"allow":["GET"]}}],"collection":[{"href":"https:\/\/www.invarena.cz\/index.php?rest_route=\/wp\/v2\/posts"}],"about":[{"href":"https:\/\/www.invarena.cz\/index.php?rest_route=\/wp\/v2\/types\/post"}],"author":[{"embeddable":true,"href":"https:\/\/www.invarena.cz\/index.php?rest_route=\/wp\/v2\/users\/1"}],"replies":[{"embeddable":true,"href":"https:\/\/www.invarena.cz\/index.php?rest_route=%2Fwp%2Fv2%2Fcomments&post=12674"}],"version-history":[{"count":0,"href":"https:\/\/www.invarena.cz\/index.php?rest_route=\/wp\/v2\/posts\/12674\/revisions"}],"wp:featuredmedia":[{"embeddable":true,"href":"https:\/\/www.invarena.cz\/index.php?rest_route=\/wp\/v2\/media\/12696"}],"wp:attachment":[{"href":"https:\/\/www.invarena.cz\/index.php?rest_route=%2Fwp%2Fv2%2Fmedia&parent=12674"}],"wp:term":[{"taxonomy":"category","embeddable":true,"href":"https:\/\/www.invarena.cz\/index.php?rest_route=%2Fwp%2Fv2%2Fcategories&post=12674"},{"taxonomy":"post_tag","embeddable":true,"href":"https:\/\/www.invarena.cz\/index.php?rest_route=%2Fwp%2Fv2%2Ftags&post=12674"}],"curies":[{"name":"wp","href":"https:\/\/api.w.org\/{rel}","templated":true}]}}