{"id":12711,"date":"2013-11-06T17:17:45","date_gmt":"2013-11-06T16:17:45","guid":{"rendered":"http:\/\/www.invarena.cz\/?p=12711"},"modified":"2013-11-06T17:29:04","modified_gmt":"2013-11-06T16:29:04","slug":"belgicti-lekari-chteji-eutanazii-i-pro-nezletile","status":"publish","type":"post","link":"https:\/\/www.invarena.cz\/?p=12711","title":{"rendered":"Belgi\u010dt\u00ed l\u00e9ka\u0159i cht\u011bj\u00ed eutanazii i pro nezletil\u00e9"},"content":{"rendered":"<p><strong>Skupina d\u011btsk\u00fdch l\u00e9ka\u0159\u016f v Belgii dnes vyzvala z\u00e1konod\u00e1rce, aby roz\u0161\u00ed\u0159ili pr\u00e1vo na eutanazii i na nemocn\u00e9 d\u011bti. P\u0159edstavitel\u00e9 hlavn\u00edch c\u00edrkv\u00ed v zemi se ale podle agentury AFP postavili proti.<!--more--><\/strong><\/p>\n<p>Eutanazii povoluje v Belgii z\u00e1kon od roku 2002, ale t\u00fdk\u00e1 se jen dosp\u011bl\u00fdch pacient\u016f. &#8222;Ka\u017ed\u00e9 rozhodnut\u00ed o ukon\u010den\u00ed \u017eivota je aktem lidskosti, kter\u00fd p\u0159ipad\u00e1 v \u00favahu jen jako \u00fapln\u011b posledn\u00ed \u0159e\u0161en\u00ed. Pro\u010d p\u0159ipravovat nezletilce o tuto nejzaz\u0161\u00ed mo\u017enost?&#8220; pt\u00e1 se v otev\u0159en\u00e9m dopise na adresu poslanc\u016f 16 d\u011btsk\u00fdch l\u00e9ka\u0159\u016f.<\/p>\n<p>Podle nejnov\u011bj\u0161\u00edho pr\u016fzkumu jsou dv\u011b t\u0159etiny Belgi\u010dan\u016f pro roz\u0161\u00ed\u0159en\u00ed z\u00e1kona o eutanazii na osoby mlad\u0161\u00ed 18 let. P\u0159\u00edslu\u0161n\u00fd n\u00e1vrh je na stole, ale nem\u00e1 zat\u00edm v parlamentu pot\u0159ebnou v\u011bt\u0161inu, i kdy\u017e ho podporuje v\u011bt\u0161ina hlavn\u00edch stran. O\u010dek\u00e1v\u00e1 se, \u017ee parlament d\u0159\u00edve \u010di pozd\u011bji novelu schv\u00e1l\u00ed, asi p\u0159\u00ed\u0161t\u00ed rok.<\/p>\n<p>Katoli\u010dt\u00ed, protestant\u0161t\u00ed, pravoslavn\u00ed, muslim\u0161t\u00ed a \u017eidov\u0161t\u00ed p\u0159edstavitel\u00e9 dnes v prohl\u00e1\u0161en\u00ed uvedli, \u017ee je toto prosazovan\u00e9 z\u00e1konn\u00e9 opat\u0159en\u00ed velmi zneklid\u0148uje. Podle nich je v rozporu s lidskost\u00ed. &#8222;Navrhovat, aby nezletilci mohli rozhodovat o sv\u00e9 vlastn\u00ed eutanazii, je zp\u016fsob, jak pok\u0159ivit jejich soudnost, a t\u00edm jejich svobodu,&#8220; uvedly c\u00edrkve.<\/p>\n<p>Loni v Belgii zem\u0159elo pomoc\u00ed eutanazie ofici\u00e1ln\u011b 1432 lid\u00ed, co\u017e p\u0159edstavuje dv\u011b procenta v\u0161ech \u00famrt\u00ed v zemi.<\/p>\n<p>Asistovan\u00e1 sebevra\u017eda prov\u00e1d\u011bn\u00e1 l\u00e9ka\u0159i na \u017e\u00e1dost v\u00e1\u017en\u011b nemocn\u00e9ho je leg\u00e1ln\u00ed jen ve \u010dty\u0159ech evropsk\u00fdch zem\u00edch, ve zm\u00edn\u011bn\u00e9 Belgii a d\u00e1le v Nizozemsku, \u0160v\u00fdcarsku a v Lucembursku. V \u010cesk\u00e9 republice je eutanazie neleg\u00e1ln\u00ed, ale \u010desk\u00fd z\u00e1kon p\u0159ipou\u0161t\u00ed, \u017ee v\u016f\u010di neodvratiteln\u00e9 a bezprost\u0159edn\u011b o\u010dek\u00e1van\u00e9 smrti nem\u00e1 b\u00fdt c\u00edlem l\u00e9ka\u0159ova jedn\u00e1n\u00ed prodlu\u017eovat \u017eivot za ka\u017edou cenu.<\/p>\n","protected":false},"excerpt":{"rendered":"<div class=\"mh-excerpt\"><p>Skupina d\u011btsk\u00fdch l\u00e9ka\u0159\u016f v Belgii dnes vyzvala z\u00e1konod\u00e1rce, aby roz\u0161\u00ed\u0159ili pr\u00e1vo na eutanazii i na nemocn\u00e9 d\u011bti. P\u0159edstavitel\u00e9 hlavn\u00edch c\u00edrkv\u00ed v zemi se ale podle <a class=\"mh-excerpt-more\" href=\"https:\/\/www.invarena.cz\/?p=12711\" title=\"Belgi\u010dt\u00ed l\u00e9ka\u0159i cht\u011bj\u00ed eutanazii i pro nezletil\u00e9\">[&#8230;]<\/a><\/p>\n<\/div>","protected":false},"author":1,"featured_media":0,"comment_status":"open","ping_status":"open","sticky":false,"template":"","format":"standard","meta":{"footnotes":""},"categories":[7],"tags":[],"class_list":["post-12711","post","type-post","status-publish","format-standard","hentry","category-spolecnost"],"_links":{"self":[{"href":"https:\/\/www.invarena.cz\/index.php?rest_route=\/wp\/v2\/posts\/12711","targetHints":{"allow":["GET"]}}],"collection":[{"href":"https:\/\/www.invarena.cz\/index.php?rest_route=\/wp\/v2\/posts"}],"about":[{"href":"https:\/\/www.invarena.cz\/index.php?rest_route=\/wp\/v2\/types\/post"}],"author":[{"embeddable":true,"href":"https:\/\/www.invarena.cz\/index.php?rest_route=\/wp\/v2\/users\/1"}],"replies":[{"embeddable":true,"href":"https:\/\/www.invarena.cz\/index.php?rest_route=%2Fwp%2Fv2%2Fcomments&post=12711"}],"version-history":[{"count":0,"href":"https:\/\/www.invarena.cz\/index.php?rest_route=\/wp\/v2\/posts\/12711\/revisions"}],"wp:attachment":[{"href":"https:\/\/www.invarena.cz\/index.php?rest_route=%2Fwp%2Fv2%2Fmedia&parent=12711"}],"wp:term":[{"taxonomy":"category","embeddable":true,"href":"https:\/\/www.invarena.cz\/index.php?rest_route=%2Fwp%2Fv2%2Fcategories&post=12711"},{"taxonomy":"post_tag","embeddable":true,"href":"https:\/\/www.invarena.cz\/index.php?rest_route=%2Fwp%2Fv2%2Ftags&post=12711"}],"curies":[{"name":"wp","href":"https:\/\/api.w.org\/{rel}","templated":true}]}}