{"id":1285,"date":"2013-02-24T10:29:29","date_gmt":"2013-02-24T09:29:29","guid":{"rendered":"http:\/\/www.invarena.cz\/?p=1285"},"modified":"2013-02-26T18:48:22","modified_gmt":"2013-02-26T17:48:22","slug":"tisice-matek-v-nouzi-kvuli-opozdenym-davkam","status":"publish","type":"post","link":"https:\/\/www.invarena.cz\/?p=1285","title":{"rendered":"Tis\u00edce matek v nouzi kv\u016fli opo\u017ed\u011bn\u00fdm d\u00e1vk\u00e1m"},"content":{"rendered":"<p>Na ministerstvo pr\u00e1ce a soci\u00e1ln\u00edch v\u011bc\u00ed se sn\u00e1\u0161\u00ed kritika u\u017e t\u00e9m\u011b\u0159 dva t\u00fddny. Mnoha matk\u00e1m toti\u017e rodi\u010dovsk\u00fd p\u0159\u00edsp\u011bvek p\u0159i\u0161el o mnoho pozd\u011bji, ne\u017e byly zvykl\u00e9, pokud v\u016fbec. Report\u00e1\u017e televize Nova.<!--more--><\/p>\n<p>Ministryn\u011b pr\u00e1ce Ludmila M\u00fcllerov\u00e1 nejen \u017ee ne\u0159ekla, jak probl\u00e9my vy\u0159e\u0161\u00ed, ale je\u0161t\u011b je sv\u00e1d\u00ed na b\u00fdval\u00e9 veden\u00ed sv\u00e9ho \u00fa\u0159adu. Jde podle n\u00ed o d\u011bdictv\u00ed po b\u00fdval\u00e9m ministru Dr\u00e1bkovi.<\/p>\n<p>Roman Chlop\u010d\u00edk, n\u00e1m\u011bstek ministryn\u011b:<br \/>\nPodle na\u0161ich \u00fadaj\u016f se to dotklo zhruba 30 tis\u00edc\u016f klient\u016f. Zdr\u017een\u00ed m\u011bly d\u00e1vky asi zhruba za 183 tis\u00edc korun.<\/p>\n<p>redaktorka:<br \/>\nChybi\u010dka se vloudila, tak je\u0161t\u011b jednou korun.<\/p>\n<p>Roman Chlop\u010d\u00edk, n\u00e1m\u011bstek ministryn\u011b:<br \/>\nMilion\u016f korun.<\/p>\n<p>redaktorka:<br \/>\nNula sem nula tam. Podle ministerstva je v t\u00e9to chv\u00edli u\u017e 99,7 procent v\u0161ech d\u00e1vek vyplaceno. Za zpo\u017ed\u011bn\u00ed pr\u00fd m\u016f\u017ee technick\u00fd probl\u00e9m a tak\u00e9 zm\u011bny ve vypl\u00e1cen\u00ed d\u00e1vek p\u011bstoun\u016fm a mamink\u00e1m. Ty se od ledna sjednotily, te\u010f by m\u011bly b\u00fdt znovu pos\u00edl\u00e1ny odd\u011blen\u011b.<\/p>\n<p>n\u00e1m\u011bstek ministryn\u011b:<br \/>\nK ob\u010dasn\u00fdm nebo k obdobn\u00fdm probl\u00e9m\u016fm m\u016f\u017ee, m\u016f\u017ee doj\u00edt. Tak\u017ee tentokr\u00e1t m\u016f\u017eeme \u0159\u00edct, \u017ee by do\u0161lo k tomu zpo\u017ed\u011bn\u00ed z na\u0161eho pohledu o 4 dny.<\/p>\n<p>redaktorka:<br \/>\nS t\u00edm by ale rodiny mal\u00fdch d\u011bt\u00ed ur\u010dit\u011b nesouhlasily.<\/p>\n<p>Michaela Kopov\u00e1, matka \/nato\u010deno 19. 2. 2013\/:<br \/>\nMn\u011b na\u0161t\u011bst\u00ed teda mus\u00ed se sestrou \u017eivit rodi\u010de, pom\u00e1haj\u00ed n\u00e1m, jak m\u016f\u017eou, ale oni taky sami nemaj\u00ed z \u010deho prost\u011b to d\u00e1vat. Nev\u00edte v\u016fbec, jestli m\u00e1te \u0161anci d\u00e1t d\u00edt\u011bti naj\u00edst, jestli m\u00e1te \u0161anci to d\u00edt\u011b obl\u00edct.<\/p>\n<p>Josef Rau, otec \/nato\u010deno 20. 2. 2013\/:<br \/>\nMuseli jsme si j\u00edt p\u016fj\u010dit prost\u011b, abysme mohli d\u00e1t co d\u00edt\u011bti do pusy.<\/p>\n<p>\u0160\u00e1rka Bendov\u00e1, matka \/nato\u010deno 20. 2. 2013\/:<br \/>\nTrval\u00fd p\u0159\u00edkazy se mi nezaplatily, strh\u00e1vaj\u00ed mi za to nav\u00edc z \u00fa\u010dtu prost\u011b pen\u00edze.<\/p>\n<p>redaktorka:<br \/>\nPodle ministerstva pr\u00e1ce a soci\u00e1ln\u00edch v\u011bc\u00ed by se situace u\u017e nem\u011bla opakovat. Ov\u0161em realitu uk\u00e1\u017ee a\u017e dal\u0161\u00ed m\u011bs\u00edc a dal\u0161\u00ed vypl\u00e1cen\u00ed d\u00e1vek.<\/p>\n<p>Veronika Velcov\u00e1<\/p>\n<p>Nova<\/p>\n","protected":false},"excerpt":{"rendered":"<div class=\"mh-excerpt\"><p>Na ministerstvo pr\u00e1ce a soci\u00e1ln\u00edch v\u011bc\u00ed se sn\u00e1\u0161\u00ed kritika u\u017e t\u00e9m\u011b\u0159 dva t\u00fddny. Mnoha matk\u00e1m toti\u017e rodi\u010dovsk\u00fd p\u0159\u00edsp\u011bvek p\u0159i\u0161el o mnoho pozd\u011bji, ne\u017e byly zvykl\u00e9, <a class=\"mh-excerpt-more\" href=\"https:\/\/www.invarena.cz\/?p=1285\" title=\"Tis\u00edce matek v nouzi kv\u016fli opo\u017ed\u011bn\u00fdm d\u00e1vk\u00e1m\">[&#8230;]<\/a><\/p>\n<\/div>","protected":false},"author":1,"featured_media":0,"comment_status":"open","ping_status":"open","sticky":false,"template":"","format":"standard","meta":{"footnotes":""},"categories":[1,9],"tags":[],"class_list":["post-1285","post","type-post","status-publish","format-standard","hentry","category-nezarazene","category-zpravy"],"_links":{"self":[{"href":"https:\/\/www.invarena.cz\/index.php?rest_route=\/wp\/v2\/posts\/1285","targetHints":{"allow":["GET"]}}],"collection":[{"href":"https:\/\/www.invarena.cz\/index.php?rest_route=\/wp\/v2\/posts"}],"about":[{"href":"https:\/\/www.invarena.cz\/index.php?rest_route=\/wp\/v2\/types\/post"}],"author":[{"embeddable":true,"href":"https:\/\/www.invarena.cz\/index.php?rest_route=\/wp\/v2\/users\/1"}],"replies":[{"embeddable":true,"href":"https:\/\/www.invarena.cz\/index.php?rest_route=%2Fwp%2Fv2%2Fcomments&post=1285"}],"version-history":[{"count":0,"href":"https:\/\/www.invarena.cz\/index.php?rest_route=\/wp\/v2\/posts\/1285\/revisions"}],"wp:attachment":[{"href":"https:\/\/www.invarena.cz\/index.php?rest_route=%2Fwp%2Fv2%2Fmedia&parent=1285"}],"wp:term":[{"taxonomy":"category","embeddable":true,"href":"https:\/\/www.invarena.cz\/index.php?rest_route=%2Fwp%2Fv2%2Fcategories&post=1285"},{"taxonomy":"post_tag","embeddable":true,"href":"https:\/\/www.invarena.cz\/index.php?rest_route=%2Fwp%2Fv2%2Ftags&post=1285"}],"curies":[{"name":"wp","href":"https:\/\/api.w.org\/{rel}","templated":true}]}}