{"id":12855,"date":"2013-11-11T14:20:36","date_gmt":"2013-11-11T13:20:36","guid":{"rendered":"http:\/\/www.invarena.cz\/?p=12855"},"modified":"2013-11-20T21:52:15","modified_gmt":"2013-11-20T20:52:15","slug":"jak-na-vyuku-znevyhodnenych-deti","status":"publish","type":"post","link":"https:\/\/www.invarena.cz\/?p=12855","title":{"rendered":"Jak na v\u00fduku znev\u00fdhodn\u011bn\u00fdch d\u011bt\u00ed&#8230;"},"content":{"rendered":"<p><strong>V\u00fduku znev\u00fdhodn\u011bn\u00fdch d\u011bt\u00ed usnadn\u00ed nov\u00fd projekt Univerzity Palack\u00e9ho v Olomouci. Odborn\u00edci vytvo\u0159\u00ed n\u00e1vody, jak by m\u011bli u\u010ditel\u00e9 postupovat ve t\u0159\u00edd\u00e1ch, kde jsou i soci\u00e1ln\u011b znev\u00fdhodn\u011bn\u00e9 d\u011bti. <!--more--><\/strong><\/p>\n<p>Odborn\u00edci z praxe pod z\u00e1\u0161titou Pedagogick\u00e9 fakulty vytvo\u0159\u00ed jednotn\u00e9 n\u00e1vody, podle kter\u00fdch pak u\u010ditel\u00e9 v b\u011b\u017en\u00fdch \u0161kol\u00e1ch budou postupovat. \u017d\u00e1dn\u00e9 ucelen\u00e9 manu\u00e1ly u n\u00e1s toti\u017e zat\u00edm neexistuj\u00ed. Kanto\u0159i, kte\u0159\u00ed maj\u00ed ve t\u0159\u00edd\u011b zdravotn\u011b nebo soci\u00e1ln\u011b znev\u00fdhodn\u011bn\u00e9ho \u017e\u00e1ka, jsou v\u011bt\u0161inou odk\u00e1z\u00e1ni jen na vlastn\u00ed zku\u0161enosti.<\/p>\n<p>report\u00e1\u017e TV \u010cesk\u00e1 televize<\/p>\n<p>Od narozen\u00ed trp\u00ed v\u00e1\u017enou o\u010dn\u00ed vadou. V z\u00e1\u0159\u00ed p\u011btilet\u00e1 Amy nastoupila do mate\u0159sk\u00e9 \u0161koly v Huzov\u00e9 na \u0160ternbersku.<\/p>\n<p>Lucie OL\u00c1HOV\u00c1, maminka Amy:&#8220;Vid\u00ed, ale jako stra\u0161n\u011b malinko. Prost\u011b ona m\u00e1 dioptrie a\u017e jeden\u00e1ctky.&#8220;<\/p>\n<p>Amy proto pot\u0159ebuje speci\u00e1ln\u00ed pom\u016fcky. U\u010ditelka se j\u00ed nav\u00edc mus\u00ed v\u011bnovat o n\u011bco v\u00edc ne\u017e zdrav\u00fdm d\u011btem. T\u011bch m\u00e1 ve t\u0159\u00edd\u011b 19. S n\u011b\u010d\u00edm podobn\u00fdm se p\u0159itom b\u011bhem sv\u00e9 praxe je\u0161t\u011b nesetkala.<\/p>\n<p>D\u00e1\u0161a VOSIKOV\u00c1, u\u010ditelka M\u0160 Huzov\u00e1:&#8220;Tak\u017ee jsme za\u010d\u00ednali na zelen\u00e9 louce, pokus-omyl, pokus-omyl. My nem\u00e1me nic, o co se op\u0159\u00edt, \u017e\u00e1dn\u00e9 materi\u00e1ly, v\u0161echno n\u00e1m chyb\u00ed.&#8220;<\/p>\n<p>Stejn\u011b jsou na tom i dal\u0161\u00ed u\u010ditel\u00e9. Zdravotn\u011b nebo soci\u00e1ln\u011b znev\u00fdhodn\u011bn\u00fdch d\u011bt\u00ed, kter\u00e9 nav\u0161t\u011bvuj\u00ed b\u011b\u017en\u00e9 \u0161koly, je toti\u017e v \u010cesk\u00e9 republice a\u017e 80 tis\u00edc. Pomoct te\u010f chce projekt Univerzity Palack\u00e9ho v Olomouci.<\/p>\n<p>Pavl\u00edna BASLEROV\u00c1, v\u011bcn\u00e1 mana\u017eerka pro katalogy:&#8220;Bude vytvo\u0159eno 7 katalog\u016f, kter\u00e9 budou shroma\u017e\u010fovat v\u0161echna mo\u017en\u00e1 podp\u016frn\u00e1 opat\u0159en\u00ed, kter\u00e1 se uplat\u0148uj\u00ed p\u0159i vzd\u011bl\u00e1v\u00e1n\u00ed \u017e\u00e1k\u016f s jednotliv\u00fdmi druhy zdravotn\u00edho posti\u017een\u00ed.&#8220;<\/p>\n<p>Projekt se bude zab\u00fdvat i dal\u0161\u00edm vzd\u011bl\u00e1v\u00e1n\u00edm samotn\u00fdch u\u010ditel\u016f.<\/p>\n<p>Jan MICHAL\u00cdK, \u00dastav speci\u00e1ln\u011b-pedagogick\u00fdch studi\u00ed, UP Olomouc:&#8220;Ten syst\u00e9m zahrnuje jednotliv\u00e9 vzd\u011bl\u00e1vac\u00ed programy a kurzy, kter\u00e9 zvy\u0161uj\u00ed p\u0159ipravenost u\u010ditel\u016f pro pr\u00e1ci s touto skupinou \u017e\u00e1k\u016f.&#8220;<\/p>\n<p>Sou\u010d\u00e1st\u00ed projektu je taky \u0159e\u0161en\u00ed pozice asistenta pedagoga v \u010desk\u00e9m \u0161kolstv\u00ed. St\u00e1le toti\u017e nejsou stanovena jednotn\u00e1 pravidla pro jejich fungov\u00e1n\u00ed. Projekt potrv\u00e1 2 roky. Odborn\u00edci jednotliv\u00e1 podp\u016frn\u00e1 opat\u0159en\u00ed ov\u011b\u0159\u00ed na v\u00edce ne\u017e 150 \u0161kol\u00e1ch. V\u00fdsledky pak p\u0159edaj\u00ed ministerstvu \u0161kolstv\u00ed, kter\u00e9 by je m\u011blo uv\u00e9st do praxe.<\/p>\n<p>podle report\u00e1\u017ee \u010cesk\u00e9 televize zaznamenala invArena<\/p>\n<\/div>\n","protected":false},"excerpt":{"rendered":"<div class=\"mh-excerpt\"><p>V\u00fduku znev\u00fdhodn\u011bn\u00fdch d\u011bt\u00ed usnadn\u00ed nov\u00fd projekt Univerzity Palack\u00e9ho v Olomouci. Odborn\u00edci vytvo\u0159\u00ed n\u00e1vody, jak by m\u011bli u\u010ditel\u00e9 postupovat ve t\u0159\u00edd\u00e1ch, kde jsou i soci\u00e1ln\u011b znev\u00fdhodn\u011bn\u00e9 <a class=\"mh-excerpt-more\" href=\"https:\/\/www.invarena.cz\/?p=12855\" title=\"Jak na v\u00fduku znev\u00fdhodn\u011bn\u00fdch d\u011bt\u00ed&#8230;\">[&#8230;]<\/a><\/p>\n<\/div>","protected":false},"author":1,"featured_media":0,"comment_status":"open","ping_status":"open","sticky":false,"template":"","format":"standard","meta":{"footnotes":""},"categories":[7],"tags":[],"class_list":["post-12855","post","type-post","status-publish","format-standard","hentry","category-spolecnost"],"_links":{"self":[{"href":"https:\/\/www.invarena.cz\/index.php?rest_route=\/wp\/v2\/posts\/12855","targetHints":{"allow":["GET"]}}],"collection":[{"href":"https:\/\/www.invarena.cz\/index.php?rest_route=\/wp\/v2\/posts"}],"about":[{"href":"https:\/\/www.invarena.cz\/index.php?rest_route=\/wp\/v2\/types\/post"}],"author":[{"embeddable":true,"href":"https:\/\/www.invarena.cz\/index.php?rest_route=\/wp\/v2\/users\/1"}],"replies":[{"embeddable":true,"href":"https:\/\/www.invarena.cz\/index.php?rest_route=%2Fwp%2Fv2%2Fcomments&post=12855"}],"version-history":[{"count":0,"href":"https:\/\/www.invarena.cz\/index.php?rest_route=\/wp\/v2\/posts\/12855\/revisions"}],"wp:attachment":[{"href":"https:\/\/www.invarena.cz\/index.php?rest_route=%2Fwp%2Fv2%2Fmedia&parent=12855"}],"wp:term":[{"taxonomy":"category","embeddable":true,"href":"https:\/\/www.invarena.cz\/index.php?rest_route=%2Fwp%2Fv2%2Fcategories&post=12855"},{"taxonomy":"post_tag","embeddable":true,"href":"https:\/\/www.invarena.cz\/index.php?rest_route=%2Fwp%2Fv2%2Ftags&post=12855"}],"curies":[{"name":"wp","href":"https:\/\/api.w.org\/{rel}","templated":true}]}}