{"id":12884,"date":"2013-11-12T09:22:08","date_gmt":"2013-11-12T08:22:08","guid":{"rendered":"http:\/\/www.invarena.cz\/?p=12884"},"modified":"2013-11-12T09:25:10","modified_gmt":"2013-11-12T08:25:10","slug":"mpsv-vyda-prirucku-pro-lidi-kteri-chteji-davky","status":"publish","type":"post","link":"https:\/\/www.invarena.cz\/?p=12884","title":{"rendered":"MPSV vyd\u00e1 p\u0159\u00edru\u010dku pro lidi, kte\u0159\u00ed cht\u011bj\u00ed d\u00e1vky"},"content":{"rendered":"<p><strong>Ministerstvo pr\u00e1ce a soci\u00e1ln\u00edch v\u011bc\u00ed p\u0159ipravuje vyd\u00e1n\u00ed p\u0159\u00edru\u010dky pro lidi, kte\u0159\u00ed \u017e\u00e1dali o p\u0159\u00edsp\u011bvek, av\u0161ak jejich \u017e\u00e1dost byla zam\u00edtnuta.\u00a0P\u0159\u00edru\u010dka, je\u017e bude zejm\u00e9na o pravidlech pomoci na trhu pr\u00e1ce a ze soci\u00e1ln\u00edho syst\u00e9mu, by m\u011bla vyj\u00edt tiskem\u00a0do konce tohoto roku.<!--more--><\/strong><\/p>\n<p>Ministerstvo s n\u011b\u010d\u00edm takov\u00fdm p\u0159i\u0161lo kr\u00e1tce pot\u00e9, co Prima FTV odvys\u00edlala \u0159adu report\u00e1\u017e\u00ed o lidech, kte\u0159\u00ed maj\u00ed se z\u00edsk\u00e1n\u00edm pot\u0159ebn\u00e9 d\u00e1vky velk\u00fd probl\u00e9m. T\u0159eba jako nap\u0159\u00edklad pan\u00ed S\u016fvov\u00e1 a jej\u00ed syn.<\/p>\n<p>Synovi pan\u00ed S\u016fvov\u00e9 je 14 let. \u017divot puber\u0165\u00e1ka si ale neu\u017e\u00edv\u00e1 naplno, je t\u011b\u017ek\u00fd diabetik a odpoledne tak netr\u00e1v\u00ed s kamar\u00e1dy, ale po rehabilita\u010dn\u00edch centrech.<\/p>\n<p>Dagmar S\u016eVOV\u00c1 :&#8220;Za\u010d\u00edn\u00e1 m\u00edt komplikace. Vzhledem k tomu, \u017ee cukrovku nem\u00e1 kompenzovanou, tak se mu nep\u0159im\u011b\u0159en\u011b pohybuje nahoru a dol\u016f, t\u00edm se mu za\u010d\u00edn\u00e1 cukr usazovat na kloubech.&#8220;<\/p>\n<p>Je\u0161t\u011b p\u0159ed rokem dost\u00e1vala pan\u00ed S\u016fvov\u00e1 na syna p\u0159\u00edsp\u011bvek na p\u00e9\u010di a to na st\u0159edn\u00ed z\u00e1vislost. Dnes u\u017e ale na tento stupe\u0147 nem\u00e1 n\u00e1rok.<\/p>\n<p>Dagmar S\u016eVOV\u00c1, &#8222;Posuzovali tedy 9 m\u011bs\u00edc\u016f a po 9 m\u011bs\u00edc\u00edch mi p\u0159i\u0161lo rozhodnut\u00ed, \u017ee mu ten druh\u00fd stupe\u0148 berou a \u017ee je to osoba s leh\u010d\u00ed z\u00e1vislost\u00ed, tak\u017ee mu p\u0159izn\u00e1vaj\u00ed prvn\u00ed stupe\u0148.&#8220;<\/p>\n<p>Jen\u017ee kdy\u017e pan\u00ed S\u016fvov\u00e1 zjistila, \u017ee jej\u00edho syna l\u00e9ka\u0159i posuzovali z rok star\u00fdch l\u00e9ka\u0159sk\u00fdch zpr\u00e1v, tak se proti rozhodnut\u00ed odvolala. Ale neusp\u011bla.<\/p>\n<p>Petr S\u016eVA, &#8222;Jednou jedinkr\u00e1t jsem byl na soci\u00e1lce s man\u017eelkou. J\u00e1 jsem tam odtud musel odej\u00edt, proto\u017ee j\u00e1 bych jim opravdu \u0159ekl n\u011bco nehezk\u00fdho. \u0158\u00edk\u00e1m: Poj\u010f odsud, jdeme pry\u010d. J\u00e1 u\u017e tohle to nebudu poslouchat. P\u0159\u00ed\u0161t\u011b, a\u017e sem p\u016fjde\u0161, tak jsem jdi sama, j\u00e1 na tohle to nem\u00e1m \u017ealudek.&#8220;<\/p>\n<p>Ministerstvo ale chyst\u00e1 zm\u011bnu, kter\u00e1 by m\u011bla lidem p\u0159i boji s \u00fa\u0159ady pomoci.<\/p>\n<p>Milu\u0161e TREFANCOV\u00c1, z\u00e1stupce tiskov\u00e9ho odd\u011blen\u00ed, MPSV:&#8220;Ministerstvo v sou\u010dasnosti chyst\u00e1 vyd\u00e1n\u00ed p\u0159\u00edru\u010dky pro osoby se zdravotn\u00edm posti\u017een\u00edm, kter\u00e9 by m\u011bly obsahovat informace hlavn\u011b o pravidlech pomoci na trhu pr\u00e1ce a ze soci\u00e1ln\u00edho syst\u00e9mu. P\u0159\u00edru\u010dka by m\u011bla b\u00fdt vyd\u00e1na do konce roku.&#8220;<\/p>\n<p>O tom, kdy p\u0159esn\u011b a kde budou p\u0159\u00edru\u010dky k dost\u00e1n\u00ed, pr\u00fd bude ministerstvo pr\u00e1ce a soci\u00e1ln\u00edch v\u011bc\u00ed v\u010das informovat.<\/p>\n<p>Dagmar S\u016eVOV\u00c1, :&#8220;Kdyby vy\u0161la tahle p\u0159\u00edru\u010dka, tak to ur\u010dit\u011b bude dob\u0159e.&#8220;<\/p>\n<p>Od nov\u00e9ho roku se nav\u00edc zm\u011bn\u00ed i legislativa, a to pro ty, kdo budou \u017e\u00e1dat o pr\u016fkaz ZTP a tedy i o p\u0159\u00edsp\u011bvek na mobilitu. Pravidla posuzov\u00e1n\u00ed se zm\u00edrn\u00ed a odpadne i soci\u00e1ln\u00ed \u0161et\u0159en\u00ed.<\/p>\n<p>Milu\u0161e TREFANCOV\u00c1, z\u00e1stupce tiskov\u00e9ho odd\u011blen\u00ed, MPSV:&#8220;Od nov\u00e9 \u00fapravy si ministerstvo slibuje zrychlen\u00ed t\u011bchto \u0159\u00edzen\u00ed a i p\u0159\u00edzniv\u011bj\u0161\u00ed podm\u00ednky pro z\u00edsk\u00e1n\u00ed n\u00e1roku na pr\u016fkaz osoby se zdravotn\u00edm posti\u017een\u00edm.&#8220;<\/p>\n<p>P\u0159\u00edb\u011bhy lid\u00ed, kte\u0159\u00ed maj\u00ed zdravotn\u00ed probl\u00e9my, ale nemaj\u00ed podle sou\u010dasn\u00e9 legislativy n\u00e1rok na p\u0159\u00edsp\u011bvek nebo na pr\u016fkaz ZTP, budeme i d\u00e1l sledovat.<\/p>\n<p>podle Prima FTV zaznamenala invArena<\/p>\n","protected":false},"excerpt":{"rendered":"<div class=\"mh-excerpt\"><p>Ministerstvo pr\u00e1ce a soci\u00e1ln\u00edch v\u011bc\u00ed p\u0159ipravuje vyd\u00e1n\u00ed p\u0159\u00edru\u010dky pro lidi, kte\u0159\u00ed \u017e\u00e1dali o p\u0159\u00edsp\u011bvek, av\u0161ak jejich \u017e\u00e1dost byla zam\u00edtnuta.\u00a0P\u0159\u00edru\u010dka, je\u017e bude zejm\u00e9na o pravidlech pomoci <a class=\"mh-excerpt-more\" href=\"https:\/\/www.invarena.cz\/?p=12884\" title=\"MPSV vyd\u00e1 p\u0159\u00edru\u010dku pro lidi, kte\u0159\u00ed cht\u011bj\u00ed d\u00e1vky\">[&#8230;]<\/a><\/p>\n<\/div>","protected":false},"author":1,"featured_media":0,"comment_status":"open","ping_status":"open","sticky":false,"template":"","format":"standard","meta":{"footnotes":""},"categories":[7],"tags":[],"class_list":["post-12884","post","type-post","status-publish","format-standard","hentry","category-spolecnost"],"_links":{"self":[{"href":"https:\/\/www.invarena.cz\/index.php?rest_route=\/wp\/v2\/posts\/12884","targetHints":{"allow":["GET"]}}],"collection":[{"href":"https:\/\/www.invarena.cz\/index.php?rest_route=\/wp\/v2\/posts"}],"about":[{"href":"https:\/\/www.invarena.cz\/index.php?rest_route=\/wp\/v2\/types\/post"}],"author":[{"embeddable":true,"href":"https:\/\/www.invarena.cz\/index.php?rest_route=\/wp\/v2\/users\/1"}],"replies":[{"embeddable":true,"href":"https:\/\/www.invarena.cz\/index.php?rest_route=%2Fwp%2Fv2%2Fcomments&post=12884"}],"version-history":[{"count":0,"href":"https:\/\/www.invarena.cz\/index.php?rest_route=\/wp\/v2\/posts\/12884\/revisions"}],"wp:attachment":[{"href":"https:\/\/www.invarena.cz\/index.php?rest_route=%2Fwp%2Fv2%2Fmedia&parent=12884"}],"wp:term":[{"taxonomy":"category","embeddable":true,"href":"https:\/\/www.invarena.cz\/index.php?rest_route=%2Fwp%2Fv2%2Fcategories&post=12884"},{"taxonomy":"post_tag","embeddable":true,"href":"https:\/\/www.invarena.cz\/index.php?rest_route=%2Fwp%2Fv2%2Ftags&post=12884"}],"curies":[{"name":"wp","href":"https:\/\/api.w.org\/{rel}","templated":true}]}}