{"id":12928,"date":"2013-11-20T09:47:00","date_gmt":"2013-11-20T08:47:00","guid":{"rendered":"http:\/\/www.invarena.cz\/?p=12928"},"modified":"2013-11-20T09:52:11","modified_gmt":"2013-11-20T08:52:11","slug":"rana-pece-pomaha-detem-i-rodicum","status":"publish","type":"post","link":"https:\/\/www.invarena.cz\/?p=12928","title":{"rendered":"Ran\u00e1 p\u00e9\u010de pom\u00e1h\u00e1 d\u011btem i rodi\u010d\u016fm"},"content":{"rendered":"<p><strong>P\u0159\u00edle\u017eitost sezn\u00e1mit se podrobn\u011bji s t\u00edm, co je ran\u00e1 p\u00e9\u010de a komu m\u016f\u017ee b\u00fdt prosp\u011b\u0161n\u00e1, budou m\u00edt z\u00e1jemci od 25. listopadu do 1. prosince, kdy bude v cel\u00e9 republice prob\u00edhat informa\u010dn\u00ed kampa\u0148 T\u00fdden ran\u00e9 p\u00e9\u010de.<!--more--><\/strong><\/p>\n<p>Je zn\u00e1mo, \u017ee prvn\u00ed m\u011bs\u00edce a l\u00e9ta \u017eivota jsou pro v\u00fdvoj a rozvoj jedince z\u00e1sadn\u00ed, je v\u0161ak tak\u00e9 smutnou skute\u010dnost\u00ed, \u017ee ne v\u0161ichni &#8222;na startu&#8220; dostanou stejn\u00e9 podm\u00ednky.<\/p>\n<p>D\u011bti, kter\u00e9 &#8222;mace\u0161sk\u00e1&#8220; p\u0159\u00edroda zat\u00ed\u017eila zdravotn\u00edm znev\u00fdhodn\u011bn\u00edm, vy\u017eaduj\u00ed odbornou p\u00e9\u010di, ale p\u0159edev\u0161\u00edm je pro n\u011b jako pro v\u0161echny ostatn\u00ed v tomto kl\u00ed\u010dov\u00e9m \u017eivotn\u00edm obdob\u00ed, tedy od narozen\u00ed do sedmi let v\u011bku, d\u016fle\u017eit\u00fd l\u00e1skypln\u00fd vztah a st\u00e1l\u00fd kontakt s rodi\u010di a dal\u0161\u00edmi bl\u00edzk\u00fdmi osobami.<\/p>\n<p>&#8222;Doru\u010dit&#8220; odbornou p\u00e9\u010di p\u0159\u00edmo do rodin tak, aby nebylo nutn\u00e9 &#8222;doru\u010dovat&#8220; d\u011bti za p\u00e9\u010d\u00ed do \u00fastav\u016f, je c\u00edlem ob\u010dansk\u00e9ho sdru\u017een\u00ed s celorepublikovou p\u016fsobnost\u00ed Spole\u010dnost pro ranou p\u00e9\u010di.<\/p>\n<p>Slu\u017eby a programy ran\u00e9 p\u00e9\u010de poskytovan\u00e9 posti\u017een\u00fdm d\u011btem a jejich rodi\u010d\u016fm sm\u011b\u0159uj\u00ed k tomu, aby eliminovaly \u010di zm\u00edrnily d\u016fsledky posti\u017een\u00ed a umo\u017enily d\u00edt\u011bti i rodin\u011b soci\u00e1ln\u00ed integraci. Posiluj\u00ed se tak kompetence, zodpov\u011bdnost a nez\u00e1vislost rodiny, kter\u00e1 m\u016f\u017ee vychov\u00e1vat d\u00edt\u011b v jeho p\u0159irozen\u00e9m prost\u0159ed\u00ed a umo\u017e\u0148uje mu \u017e\u00edt b\u011b\u017en\u00fd \u017eivot.<\/p>\n<p>P\u0159\u00edle\u017eitost sezn\u00e1mit se podrobn\u011bji s t\u00edm, co je ran\u00e1 p\u00e9\u010de a komu m\u016f\u017ee b\u00fdt prosp\u011b\u0161n\u00e1, budou m\u00edt z\u00e1jemci<strong> od 25. listopadu do 1. prosince<\/strong>, kdy bude v cel\u00e9 republice prob\u00edhat informa\u010dn\u00ed kampa\u0148 <strong>T\u00fdden ran\u00e9 p\u00e9\u010de.<\/strong><\/p>\n<p>Do kampan\u011b se, mimo jin\u00e9 dnem otev\u0159en\u00fdch dve\u0159\u00ed, zapoj\u00ed tak\u00e9 St\u0159edisko ran\u00e9 p\u00e9\u010de Brno, kter\u00e9 pom\u00e1h\u00e1 rodin\u00e1m, v nich\u017e vyr\u016fst\u00e1 d\u00edt\u011b do sedmi let s v\u00e1\u017en\u011bj\u0161\u00edm posti\u017een\u00edm zraku, p\u0159\u00edpadn\u011b i s dal\u0161\u00edm posti\u017een\u00edm.<\/p>\n<p>Pracovn\u00edci st\u0159ediska doj\u00ed\u017ed\u00ed &#8211; na cel\u00e9m \u00fazem\u00ed Jihomoravsk\u00e9ho kraje, \u010d\u00e1ste\u010dn\u011b na \u00fazem\u00ed kraje Vyso\u010dina a kraje Zl\u00ednsk\u00e9ho &#8211; k rodin\u011b dom\u016f a u\u010d\u00ed d\u00edt\u011b d\u00edvat se na sv\u011bt (program stimulace zraku) \u010di vyu\u017e\u00edvat ostatn\u00edch smysl\u016f k pozn\u00e1v\u00e1n\u00ed okol\u00ed. Spole\u010dn\u011b s rodi\u010di vym\u00fd\u0161l\u00ed pro d\u011bti aktivity a hry, p\u016fj\u010duj\u00ed jim speci\u00e1ln\u00ed hra\u010dky, pom\u016fcky a literaturu a v\u0161echny tyto slu\u017eby poskytuj\u00ed zdarma.<\/p>\n<p>Brn\u011bnsk\u00fd Metropolitan<\/p>\n<p>Mark\u00e9ta \u017d\u00e1kov\u00e1<\/p>\n","protected":false},"excerpt":{"rendered":"<div class=\"mh-excerpt\"><p>P\u0159\u00edle\u017eitost sezn\u00e1mit se podrobn\u011bji s t\u00edm, co je ran\u00e1 p\u00e9\u010de a komu m\u016f\u017ee b\u00fdt prosp\u011b\u0161n\u00e1, budou m\u00edt z\u00e1jemci od 25. listopadu do 1. prosince, kdy <a class=\"mh-excerpt-more\" href=\"https:\/\/www.invarena.cz\/?p=12928\" title=\"Ran\u00e1 p\u00e9\u010de pom\u00e1h\u00e1 d\u011btem i rodi\u010d\u016fm\">[&#8230;]<\/a><\/p>\n<\/div>","protected":false},"author":1,"featured_media":3679,"comment_status":"open","ping_status":"open","sticky":false,"template":"","format":"standard","meta":{"footnotes":""},"categories":[7],"tags":[],"class_list":["post-12928","post","type-post","status-publish","format-standard","has-post-thumbnail","hentry","category-spolecnost"],"_links":{"self":[{"href":"https:\/\/www.invarena.cz\/index.php?rest_route=\/wp\/v2\/posts\/12928","targetHints":{"allow":["GET"]}}],"collection":[{"href":"https:\/\/www.invarena.cz\/index.php?rest_route=\/wp\/v2\/posts"}],"about":[{"href":"https:\/\/www.invarena.cz\/index.php?rest_route=\/wp\/v2\/types\/post"}],"author":[{"embeddable":true,"href":"https:\/\/www.invarena.cz\/index.php?rest_route=\/wp\/v2\/users\/1"}],"replies":[{"embeddable":true,"href":"https:\/\/www.invarena.cz\/index.php?rest_route=%2Fwp%2Fv2%2Fcomments&post=12928"}],"version-history":[{"count":0,"href":"https:\/\/www.invarena.cz\/index.php?rest_route=\/wp\/v2\/posts\/12928\/revisions"}],"wp:featuredmedia":[{"embeddable":true,"href":"https:\/\/www.invarena.cz\/index.php?rest_route=\/wp\/v2\/media\/3679"}],"wp:attachment":[{"href":"https:\/\/www.invarena.cz\/index.php?rest_route=%2Fwp%2Fv2%2Fmedia&parent=12928"}],"wp:term":[{"taxonomy":"category","embeddable":true,"href":"https:\/\/www.invarena.cz\/index.php?rest_route=%2Fwp%2Fv2%2Fcategories&post=12928"},{"taxonomy":"post_tag","embeddable":true,"href":"https:\/\/www.invarena.cz\/index.php?rest_route=%2Fwp%2Fv2%2Ftags&post=12928"}],"curies":[{"name":"wp","href":"https:\/\/api.w.org\/{rel}","templated":true}]}}