{"id":12961,"date":"2013-11-12T18:11:04","date_gmt":"2013-11-12T17:11:04","guid":{"rendered":"http:\/\/www.invarena.cz\/?p=12961"},"modified":"2013-11-12T18:11:54","modified_gmt":"2013-11-12T17:11:54","slug":"zeman-se-neomluvil-vozickarum-pry-to-myslel-jinak","status":"publish","type":"post","link":"https:\/\/www.invarena.cz\/?p=12961","title":{"rendered":"Zeman se (ne)omluvil voz\u00ed\u010dk\u00e1\u0159\u016fm, pr\u00fd to myslel jinak"},"content":{"rendered":"<p><strong>N\u00e1rodn\u00ed rada osob se zdravotn\u00edm posti\u017een\u00edm cht\u011bla ps\u00e1t st\u00ed\u017enost prezidentovi: Dotkl se jich v\u00fdrokem, \u017ee je ned\u016fstojn\u00e9, aby premi\u00e9ra jmenoval z invalidn\u00edho voz\u00edku. Zeman jim podle serveru aktu\u00e1ln\u011b.cz napsal, \u017ee jejich reakci nech\u00e1pe, pr\u00fd to \u0161patn\u011b pochopili<\/strong>.<!--more-->Je\u0161t\u011b r\u00e1no byli zdravotn\u011b posti\u017een\u00ed odhodl\u00e1ni ps\u00e1t st\u00ed\u017enost prezidentovi: Dotkl se jich sv\u00fdm v\u00fdrokem, \u017ee je ned\u016fstojn\u00e9, aby p\u0159\u00ed\u0161t\u00edho premi\u00e9ra jmenoval z invalidn\u00edho voz\u00edku.<\/p>\n<p>Reakce z Hradu na sebe nenechala dlouho \u010dekat.\u00a0P\u00ed\u0161e se v n\u00ed, \u017ee hlava st\u00e1tu\u00a0jejich &#8222;prudkou reakci&#8220; nech\u00e1pe: Prost\u011b to \u0161patn\u011b pochopili, tvrd\u00ed mluv\u010d\u00ed <a href=\"http:\/\/wiki.aktualne.centrum.cz\/milos-zeman\/\">Milo\u0161e Zemana<\/a>.<\/p>\n<p>Posti\u017een\u00ed si ale\u00a0i s\u00a0takovou\u00a0(ne)omluvou\u00a0 nakonec vysta\u010d\u00ed a \u017e\u00e1dnou st\u00ed\u017enost a \u017e\u00e1dost o\u00a0omluvu\u00a0na Hrad pos\u00edlat nebudou. Pr\u00fd cht\u011bli pouze na prezident\u016fv diskriminuj\u00edc\u00ed v\u00fdrok upozornit a rozpoutat diskuzi.<\/p>\n<p>Podle kancel\u00e1\u0159e prezidenta se jedn\u00e1 o nedorozum\u011bn\u00ed.<\/p>\n<p>&#8222;Pan prezident hovo\u0159il v Impulsech V\u00e1clava Moravce o sv\u00e9 konkr\u00e9tn\u00ed situaci a v \u017e\u00e1dn\u00e9m p\u0159\u00edpad\u011b tedy nebylo jeho \u00famyslem jakkoliv se dotknout d\u016fstojnosti zdravotn\u011b posti\u017een\u00fdch, jak je mu podsouv\u00e1no. Smysl vyj\u00e1d\u0159en\u00ed pana prezidenta je jasn\u00fd, a proto pova\u017eujeme prudkou reakci na jeho slova za nep\u0159im\u011b\u0159enou,&#8220; napsala prezidentova tiskov\u00e1 mluv\u010d\u00ed Hana Burianov\u00e1.<\/p>\n<p>Pot\u00e9 co si Kr\u00e1sa vyslechl reakci prezidenta, sv\u00e1 ostr\u00e1 slova z \u00fatern\u00edho r\u00e1na zm\u00edrnil. &#8222;Cht\u011bli jsme v prvn\u00ed \u0159ad\u011b vyvolat n\u011bjakou reakci na slova prezidenta a upozornit, \u017ee takov\u00e9 v\u00fdroky jsou ne\u0161\u0165astn\u00e9.\u00a0 Nechceme ale j\u00edt s prezidentem do \u017e\u00e1dn\u00e9ho\u00a0konfliktu.\u00a0Jeho reakce n\u00e1m sta\u010d\u00ed,&#8220; oto\u010dil v \u00fater\u00fd odpoledne Kr\u00e1sa.<\/p>\n<p>Z\u00e1rove\u0148 ale\u00a0upozornil,\u00a0\u017ee odezvu NRZP v \u017e\u00e1dn\u00e9m p\u0159\u00edpad\u011b nepova\u017euje za &#8222;prudkou&#8220; nebo\u00a0&#8222;nep\u0159im\u011b\u0159enou&#8220;.<\/p>\n<p>Prezident\u016fv v\u00fdrok odsoudila i Liga voz\u00ed\u010dk\u00e1\u0159\u016f. Jej\u00ed \u010dlenov\u00e9 ho pova\u017euj\u00ed za ned\u016fstojn\u00fd hlavy st\u00e1tu. &#8222;Bort\u00ed ve\u0161kerou pr\u00e1ci neziskov\u00fdch organizac\u00ed, kter\u00e9 se sna\u017e\u00ed pro lidi s hendikepem srovnat podm\u00ednky na pracovn\u00edm trhu, ve \u0161kolstv\u00ed, ve zdravotnictv\u00ed i v r\u00e1mci soci\u00e1ln\u00edho syst\u00e9mu,&#8220; \u0159ekla Aneta Vidurov\u00e1, tiskov\u00e1 mluv\u010d\u00ed ligy.<\/p>\n<p>K dopisu NRZP se ale liga p\u0159ipojovat necht\u011bla. &#8222;Dublovali bychom se. R\u00e1di bychom se na pana prezidenta co nejd\u0159\u00edve obr\u00e1tili a formou rozhovoru s na\u0161\u00ed kolegyn\u00ed a redaktorkou, kter\u00e1 je na voz\u00edku, zjistili, jak\u00e9 pocity k tomuto v\u00fdroku pana prezidenta vedly,&#8220; dodala Vidurov\u00e1.<\/p>\n<p>cel\u00fd \u010dl\u00e1nek na aktu\u00e1ln\u011b.cz\u00a0 <a href=\"http:\/\/aktualne.centrum.cz\/domaci\/zivot-v-cesku\/clanek.phtml?id=795110#utm_source=centrumHP&amp;utm_medium=dynamicleadbox&amp;utm_campaign=B&amp;utm_term=position-20\"><strong>ZDE<\/strong><\/a><\/p>\n","protected":false},"excerpt":{"rendered":"<div class=\"mh-excerpt\"><p>N\u00e1rodn\u00ed rada osob se zdravotn\u00edm posti\u017een\u00edm cht\u011bla ps\u00e1t st\u00ed\u017enost prezidentovi: Dotkl se jich v\u00fdrokem, \u017ee je ned\u016fstojn\u00e9, aby premi\u00e9ra jmenoval z invalidn\u00edho voz\u00edku. Zeman jim <a class=\"mh-excerpt-more\" href=\"https:\/\/www.invarena.cz\/?p=12961\" title=\"Zeman se (ne)omluvil voz\u00ed\u010dk\u00e1\u0159\u016fm, pr\u00fd to myslel jinak\">[&#8230;]<\/a><\/p>\n<\/div>","protected":false},"author":1,"featured_media":2134,"comment_status":"open","ping_status":"open","sticky":false,"template":"","format":"standard","meta":{"footnotes":""},"categories":[7],"tags":[],"class_list":["post-12961","post","type-post","status-publish","format-standard","has-post-thumbnail","hentry","category-spolecnost"],"_links":{"self":[{"href":"https:\/\/www.invarena.cz\/index.php?rest_route=\/wp\/v2\/posts\/12961","targetHints":{"allow":["GET"]}}],"collection":[{"href":"https:\/\/www.invarena.cz\/index.php?rest_route=\/wp\/v2\/posts"}],"about":[{"href":"https:\/\/www.invarena.cz\/index.php?rest_route=\/wp\/v2\/types\/post"}],"author":[{"embeddable":true,"href":"https:\/\/www.invarena.cz\/index.php?rest_route=\/wp\/v2\/users\/1"}],"replies":[{"embeddable":true,"href":"https:\/\/www.invarena.cz\/index.php?rest_route=%2Fwp%2Fv2%2Fcomments&post=12961"}],"version-history":[{"count":0,"href":"https:\/\/www.invarena.cz\/index.php?rest_route=\/wp\/v2\/posts\/12961\/revisions"}],"wp:featuredmedia":[{"embeddable":true,"href":"https:\/\/www.invarena.cz\/index.php?rest_route=\/wp\/v2\/media\/2134"}],"wp:attachment":[{"href":"https:\/\/www.invarena.cz\/index.php?rest_route=%2Fwp%2Fv2%2Fmedia&parent=12961"}],"wp:term":[{"taxonomy":"category","embeddable":true,"href":"https:\/\/www.invarena.cz\/index.php?rest_route=%2Fwp%2Fv2%2Fcategories&post=12961"},{"taxonomy":"post_tag","embeddable":true,"href":"https:\/\/www.invarena.cz\/index.php?rest_route=%2Fwp%2Fv2%2Ftags&post=12961"}],"curies":[{"name":"wp","href":"https:\/\/api.w.org\/{rel}","templated":true}]}}