{"id":13053,"date":"2014-02-02T16:44:43","date_gmt":"2014-02-02T15:44:43","guid":{"rendered":"http:\/\/www.invarena.cz\/?p=13053"},"modified":"2014-10-20T20:03:59","modified_gmt":"2014-10-20T18:03:59","slug":"lanksrounsky-zamek-se-zpristupni-i-vozickarum-na-jare","status":"publish","type":"post","link":"https:\/\/www.invarena.cz\/?p=13053","title":{"rendered":"Lank\u0161rounsk\u00fd z\u00e1mek se zp\u0159\u00edstupn\u00ed voz\u00ed\u010dk\u00e1\u0159\u016fm na ja\u0159e"},"content":{"rendered":"<p><strong>Lank\u0161rounsk\u00fd z\u00e1mek (foto) se letos na ja\u0159e otev\u0159e i voz\u00ed\u010dk\u00e1\u0159\u016fm. M\u011bsto d\u00e1 v nejstar\u0161\u00ed historick\u00e9 stavb\u011b instalovat v\u00fdtah za 2,7 milionu.<!--more--><\/strong><\/p>\n<p>&#8222;Nebylo jednoduch\u00e9 ve v\u00fdchodn\u00edm k\u0159\u00eddle v\u00fdtah um\u00edstit, projektant\u016fm se to ale nakonec poda\u0159ilo. Bude s p\u00edskovcov\u00fdm ost\u011bn\u00edm v antracitov\u00e9 barv\u011b a zapadne do budovy,&#8220; \u0159ekla starostka Stanislava \u0160varcov\u00e1.<\/p>\n<p>Kulturn\u00ed i jin\u00e9 instituce v Lan\u0161kroun\u011b, kde \u017eije asi 10 tis\u00edc lid\u00ed, se st\u00e1vaj\u00ed bezbari\u00e9rov\u00e9 postupn\u011b. Starostka konstatovala, \u017ee n\u011bkdy to ve star\u00fdch objektech za\u0159\u00eddit ani nejde.<\/p>\n<p>&#8222;Star\u00fd kulturn\u00ed d\u016fm bezbari\u00e9rov\u00fd nen\u00ed, muzeum jen \u010d\u00e1ste\u010dn\u011b. V p\u0159\u00ed\u0161t\u00edm roce pl\u00e1nujeme upravit jednu z\u00e1kladn\u00ed \u0161kolu. \u00da\u0159ad m\u00e1 \u010dty\u0159i nemovitosti a jen jedna je pln\u011b bezbari\u00e9rov\u00e1,&#8220; \u0159ekla \u0160varcov\u00e1.<\/p>\n<p>Pam\u00e1tky v kraji jsou pro lidi na voz\u00edku \u010di s jin\u00fdm zdravotn\u00edm posti\u017een\u00edm p\u0159\u00edstupn\u00e9 jen z\u010d\u00e1sti. Poda\u0159ilo se nap\u0159\u00edklad instalovat v\u00fdtah na z\u00e1mku a v Galerii Jon\u00e1\u0161 v Pardubic\u00edch. P\u0159\u00edstupn\u00e9 je tak\u00e9 Region\u00e1ln\u00ed muzeum a Muzeum loutk\u00e1\u0159sk\u00fdch kultur v Chrudimi.<\/p>\n<p>&#8222;Trend je takov\u00fd, \u017ee se p\u0159\u00edstupnost pam\u00e1tek postupn\u011b zlep\u0161uje. Byl jsem v Bystr\u00e9m u Poli\u010dky, kde p\u0159estavuj\u00ed 300 let starou budovu na hotel a i tam pamatuj\u00ed na imobiln\u00ed klienty,&#8220; \u0159ekl Josef Rychter z destina\u010dn\u00ed spole\u010dnosti V\u00fdchodn\u00ed \u010cechy.<\/p>\n<p>Voz\u00ed\u010dk\u00e1\u0159 Tom\u00e1\u0161 Pot\u016f\u010dek z Pardubic konstatoval, \u017ee v krajsk\u00e9m m\u011bst\u011b se ji\u017e pohybuje nejen v pam\u00e1tk\u00e1ch pom\u011brn\u011b bez probl\u00e9m\u016f.<\/p>\n<p>&#8222;Pokud cestuji mimo m\u011bsto, hodn\u011b vyu\u017e\u00edv\u00e1m server vozejkmap.cz, kde sami u\u017eivatel\u00e9 se zdravotn\u00edm posti\u017een\u00edm zan\u00e1\u0161ej\u00ed v\u0161echny pot\u0159ebn\u00e9 \u00fadaje o pam\u00e1tk\u00e1ch, kempech \u010di instituc\u00edch,&#8220; \u0159ekl.<\/p>\n<p>Mlad\u00e1 fronta Dnes<\/p>\n<p><a href=\"http:\/\/zpravy.idnes.cz\/mfdnes.asp\" target=\"_blank\">http:\/\/zpravy.idnes.cz\/ mfdnes.asp<\/a><\/p>\n","protected":false},"excerpt":{"rendered":"<div class=\"mh-excerpt\"><p>Lank\u0161rounsk\u00fd z\u00e1mek (foto) se letos na ja\u0159e otev\u0159e i voz\u00ed\u010dk\u00e1\u0159\u016fm. M\u011bsto d\u00e1 v nejstar\u0161\u00ed historick\u00e9 stavb\u011b instalovat v\u00fdtah za 2,7 milionu.<\/p>\n<\/div>","protected":false},"author":1,"featured_media":14657,"comment_status":"open","ping_status":"open","sticky":false,"template":"","format":"standard","meta":{"footnotes":""},"categories":[17],"tags":[],"class_list":["post-13053","post","type-post","status-publish","format-standard","has-post-thumbnail","hentry","category-kultura"],"_links":{"self":[{"href":"https:\/\/www.invarena.cz\/index.php?rest_route=\/wp\/v2\/posts\/13053","targetHints":{"allow":["GET"]}}],"collection":[{"href":"https:\/\/www.invarena.cz\/index.php?rest_route=\/wp\/v2\/posts"}],"about":[{"href":"https:\/\/www.invarena.cz\/index.php?rest_route=\/wp\/v2\/types\/post"}],"author":[{"embeddable":true,"href":"https:\/\/www.invarena.cz\/index.php?rest_route=\/wp\/v2\/users\/1"}],"replies":[{"embeddable":true,"href":"https:\/\/www.invarena.cz\/index.php?rest_route=%2Fwp%2Fv2%2Fcomments&post=13053"}],"version-history":[{"count":0,"href":"https:\/\/www.invarena.cz\/index.php?rest_route=\/wp\/v2\/posts\/13053\/revisions"}],"wp:featuredmedia":[{"embeddable":true,"href":"https:\/\/www.invarena.cz\/index.php?rest_route=\/wp\/v2\/media\/14657"}],"wp:attachment":[{"href":"https:\/\/www.invarena.cz\/index.php?rest_route=%2Fwp%2Fv2%2Fmedia&parent=13053"}],"wp:term":[{"taxonomy":"category","embeddable":true,"href":"https:\/\/www.invarena.cz\/index.php?rest_route=%2Fwp%2Fv2%2Fcategories&post=13053"},{"taxonomy":"post_tag","embeddable":true,"href":"https:\/\/www.invarena.cz\/index.php?rest_route=%2Fwp%2Fv2%2Ftags&post=13053"}],"curies":[{"name":"wp","href":"https:\/\/api.w.org\/{rel}","templated":true}]}}