{"id":13176,"date":"2013-11-24T13:43:13","date_gmt":"2013-11-24T12:43:13","guid":{"rendered":"http:\/\/www.invarena.cz\/?p=13176"},"modified":"2013-11-24T13:43:13","modified_gmt":"2013-11-24T12:43:13","slug":"v-brnenske-kociance-se-rodice-zlobi-kvuli-omezovani-sluzeb","status":"publish","type":"post","link":"https:\/\/www.invarena.cz\/?p=13176","title":{"rendered":"V brn\u011bnsk\u00e9 Koci\u00e1nce se rodi\u010de zlob\u00ed kv\u016fli omezov\u00e1n\u00ed slu\u017eeb"},"content":{"rendered":"<p><strong>Brn\u011bnsk\u00e9 Centrum Koci\u00e1nka vyu\u017e\u00edvaj\u00ed ka\u017ed\u00fd den t\u0159i stovky posti\u017een\u00fdch d\u011bt\u00ed, p\u0159esto te\u010f omezuje poskytov\u00e1n\u00ed zdravotn\u00edch slu\u017eeb. To se nel\u00edb\u00ed rodi\u010d\u016fm, kte\u0159\u00ed budou muset od Nov\u00e9ho roku za n\u011bkter\u00fdmi l\u00e9ka\u0159i doj\u00ed\u017ed\u011bt.<!--more--><\/strong>\/ilustra\u010dn\u00ed sn\u00edmek\/<\/p>\n<p>&nbsp;<\/p>\n<p>Veden\u00ed Koci\u00e1nky p\u0159itom tvrd\u00ed, \u017ee postupuje podle pl\u00e1nu ministerstva pr\u00e1ce a soci\u00e1ln\u00edch v\u011bc\u00ed.<\/p>\n<p>U\u017e 7 let chod\u00ed Edita Bure\u0161ov\u00e1 na Koci\u00e1nku s sv\u00fdm jeden\u00e1ctilet\u00fdm synem Rubenem, kter\u00fd m\u00e1 d\u011btskou mozkovou obrnu. Centrum Koci\u00e1nka je pro ni jedin\u00fdm m\u00edstem na Morav\u011b, kde se o jej\u00edho syna dok\u00e1\u017eou postarat.<\/p>\n<p>Edita BARTO\u0160OV\u00c1:&#8220;Co bysme d\u011blali bez Koci\u00e1nky, nev\u00edm, proto\u017ee tady m\u00e1 v\u0161echny slu\u017eby, co pot\u0159ebuje ke sv\u00fdmu posti\u017een\u00ed, jako je z\u00e1kladn\u00ed vzd\u011bl\u00e1n\u00ed, k tomu rehabilitace, logopedick\u00e1 p\u00e9\u010de i z\u00e1kladn\u00ed l\u00e9ka\u0159sk\u00fd o\u0161et\u0159en\u00ed, t\u0159eba zuba\u0159i a podobn\u011b.&#8220;<\/p>\n<p>Jen\u017ee to se od Nov\u00e9ho roku zm\u011bn\u00ed, veden\u00ed Koci\u00e1nky ukon\u010dilo n\u011bkolika l\u00e9ka\u0159\u016fm smlouvy. Od Nov\u00e9ho roku tam t\u0159eba nebude \u017e\u00e1dn\u00e1 neurolog ani ortoped, p\u0159itom posti\u017een\u00e9 d\u011bti dohled t\u011bchto odborn\u00edk\u016f pot\u0159ebuj\u00ed.<\/p>\n<p>Helena ZEMANOV\u00c1, neurolo\u017eka:&#8220;Pova\u017euji tento postup za rozklad cel\u00e9ho za\u0159\u00edzen\u00ed, kter\u00e9 fungovalo skoro 95 rok\u016f.&#8220;<\/p>\n<p>Kamila VOLEJN\u00cd\u010cKOV\u00c1, mluv\u010d\u00ed rodi\u010d\u016f:&#8220;Nebude dostupn\u00e1 l\u00e9ka\u0159sk\u00e1 p\u00e9\u010de pro d\u011bti sem doch\u00e1zej\u00edc\u00ed a\u00a0 pobytov\u00fdm. Co to znamen\u00e1 pro rodi\u010de? Vyhled\u00e1v\u00e1n\u00ed doktor\u016f mimo are\u00e1l.&#8220;<\/p>\n<p>A toho se rodi\u010de ob\u00e1vaj\u00ed. L\u00e9ka\u0159i v b\u011b\u017en\u00fdch ordinac\u00edch jejich d\u011bti mnohdy ani nedok\u00e1\u017e\u00ed o\u0161et\u0159it, proto\u017ee nev\u00ed, jak s posti\u017een\u00fdmi zach\u00e1zet. Zm\u011bny ud\u011blalo veden\u00ed Koci\u00e1nky proto, \u017ee j\u00ed to na\u0159\u00eddil pl\u00e1n ministerstva pr\u00e1ce a soci\u00e1ln\u00edch v\u011bc\u00ed. Podle n\u011bho mus\u00ed poskytovat hlavn\u011b soci\u00e1ln\u00ed p\u00e9\u010di, nikoliv zdravotn\u00ed.<\/p>\n<p>Tom\u00e1\u0161 KOM\u00c1REK, \u0159editel, Centrum Koci\u00e1nka:&#8220;M\u00e1me samoz\u0159ejm\u011b omezen\u00e9 zdroje, za ty u\u0161et\u0159en\u00e9 finan\u010dn\u00ed prost\u0159edky, pos\u00edl\u00edme \u0159ady pracovn\u00edk\u016f v p\u0159\u00edm\u00e9 p\u00e9\u010di.&#8220;<\/p>\n<p>S omezov\u00e1n\u00edm zdravotn\u00edch slu\u017eeb ale nesouhlas\u00ed ani N\u00e1rodn\u00ed rada osob se zdravotn\u00edm posti\u017een\u00edm.<\/p>\n<p>V\u00e1clav KR\u00c1SA, p\u0159edseda, N\u00e1rodn\u00ed rada osob se zdravotn\u00edm posti\u017een\u00edm:&#8220;By bylo velk\u00e1 \u0161koda, kdyby se tyto slu\u017eby za\u010daly n\u011bjak d\u011blit, odd\u011blovat od sebe, byly r\u016fzn\u011b rozstrk\u00e1ni po Brn\u011b.&#8220;<\/p>\n<p>Diskuse o budoucnosti Centra Koci\u00e1nka je\u0161t\u011b nen\u00ed zdaleka u konce. N\u00e1rodn\u00ed rada osob se zdravotn\u00edm posti\u017een\u00edm chce je\u0161t\u011b do konce roku svolat jedn\u00e1n\u00ed mezi rodi\u010di, \u0159editelem Koci\u00e1nky a ministrem pr\u00e1ce a soci\u00e1ln\u00edch v\u011bc\u00ed.<\/p>\n<p>podle report\u00e1\u017ee \u010cesk\u00e9 televize zaznamenala invArena<\/p>\n","protected":false},"excerpt":{"rendered":"<div class=\"mh-excerpt\"><p>Brn\u011bnsk\u00e9 Centrum Koci\u00e1nka vyu\u017e\u00edvaj\u00ed ka\u017ed\u00fd den t\u0159i stovky posti\u017een\u00fdch d\u011bt\u00ed, p\u0159esto te\u010f omezuje poskytov\u00e1n\u00ed zdravotn\u00edch slu\u017eeb. To se nel\u00edb\u00ed rodi\u010d\u016fm, kte\u0159\u00ed budou muset od Nov\u00e9ho <a class=\"mh-excerpt-more\" href=\"https:\/\/www.invarena.cz\/?p=13176\" title=\"V brn\u011bnsk\u00e9 Koci\u00e1nce se rodi\u010de zlob\u00ed kv\u016fli omezov\u00e1n\u00ed slu\u017eeb\">[&#8230;]<\/a><\/p>\n<\/div>","protected":false},"author":1,"featured_media":1827,"comment_status":"open","ping_status":"open","sticky":false,"template":"","format":"standard","meta":{"footnotes":""},"categories":[7],"tags":[],"class_list":["post-13176","post","type-post","status-publish","format-standard","has-post-thumbnail","hentry","category-spolecnost"],"_links":{"self":[{"href":"https:\/\/www.invarena.cz\/index.php?rest_route=\/wp\/v2\/posts\/13176","targetHints":{"allow":["GET"]}}],"collection":[{"href":"https:\/\/www.invarena.cz\/index.php?rest_route=\/wp\/v2\/posts"}],"about":[{"href":"https:\/\/www.invarena.cz\/index.php?rest_route=\/wp\/v2\/types\/post"}],"author":[{"embeddable":true,"href":"https:\/\/www.invarena.cz\/index.php?rest_route=\/wp\/v2\/users\/1"}],"replies":[{"embeddable":true,"href":"https:\/\/www.invarena.cz\/index.php?rest_route=%2Fwp%2Fv2%2Fcomments&post=13176"}],"version-history":[{"count":0,"href":"https:\/\/www.invarena.cz\/index.php?rest_route=\/wp\/v2\/posts\/13176\/revisions"}],"wp:featuredmedia":[{"embeddable":true,"href":"https:\/\/www.invarena.cz\/index.php?rest_route=\/wp\/v2\/media\/1827"}],"wp:attachment":[{"href":"https:\/\/www.invarena.cz\/index.php?rest_route=%2Fwp%2Fv2%2Fmedia&parent=13176"}],"wp:term":[{"taxonomy":"category","embeddable":true,"href":"https:\/\/www.invarena.cz\/index.php?rest_route=%2Fwp%2Fv2%2Fcategories&post=13176"},{"taxonomy":"post_tag","embeddable":true,"href":"https:\/\/www.invarena.cz\/index.php?rest_route=%2Fwp%2Fv2%2Ftags&post=13176"}],"curies":[{"name":"wp","href":"https:\/\/api.w.org\/{rel}","templated":true}]}}