{"id":13177,"date":"2013-11-18T07:59:14","date_gmt":"2013-11-18T06:59:14","guid":{"rendered":"http:\/\/www.invarena.cz\/?p=13177"},"modified":"2013-11-18T07:59:14","modified_gmt":"2013-11-18T06:59:14","slug":"rodice-postizenych-deti-se-obavaji-konce-lekarske-pece","status":"publish","type":"post","link":"https:\/\/www.invarena.cz\/?p=13177","title":{"rendered":"Rodi\u010de posti\u017een\u00fdch d\u011bt\u00ed se ob\u00e1vaj\u00ed konce l\u00e9ka\u0159sk\u00e9 p\u00e9\u010de"},"content":{"rendered":"<p><strong>Konec l\u00e9ka\u0159sk\u00e9 slu\u017eby, kter\u00e1 des\u00edtky let fungovala v soci\u00e1ln\u00edm za\u0159\u00edzen\u00ed Koci\u00e1nka v Brn\u011b. Rodi\u010de posti\u017een\u00fdch d\u011bt\u00ed, kter\u00e9 chod\u00ed pr\u00e1v\u011b do tohoto centra, tak budou od ledna muset hledat nov\u00e9ho l\u00e9ka\u0159e pro sv\u00e9 d\u011bti. Upozornila na to TV Nova.<\/strong> <!--more--><\/p>\n<p>Rodi\u010de posti\u017een\u00fdch d\u011bt\u00ed, kter\u00e9 chod\u00ed pr\u00e1v\u011b do tohoto centra, tak budou od ledna muset hledat nov\u00e9ho l\u00e9ka\u0159e pro sv\u00e9 d\u011bti. A maj\u00ed strach, \u017ee b\u011b\u017en\u00ed l\u00e9ka\u0159i nebudou cht\u00edt o\u0161et\u0159it jejich posti\u017een\u00e9 d\u011bti. Nemluv\u011b o tom, \u017ee je nav\u00edc nezvl\u00e1dnou k jednotliv\u00fdm vy\u0161et\u0159en\u00edm ka\u017ed\u00fd den vozit na jin\u00e9 m\u00edsto.<\/p>\n<p>S rodi\u010di zdravotn\u011b posti\u017een\u00fdch d\u011bt\u00ed se \u017eivot rozhodn\u011b nemazl\u00ed a vypad\u00e1 to, \u017ee situaci jim te\u010f neusnadn\u00ed ani instituce, na kterou se spol\u00e9hali dlouh\u00e9 roky. Od ledna si mus\u00ed naj\u00edt vlastn\u00edho zuba\u0159e, neurologa a ortopeda, kte\u0159\u00ed na Koci\u00e1nce kon\u010d\u00ed.<\/p>\n<p>Pavel VALA, otec posti\u017een\u00e9ho d\u00edt\u011bte:&#8220;Nebudou d\u011blat nic jin\u00fdho, ne\u017e \u017ee budou jezdit po zdravotnick\u00fdch za\u0159\u00edzen\u00edch, nebudou m\u00edt mo\u017enost se vzd\u011bl\u00e1vat, proto\u017ee na to nebudou m\u00edt \u010das.&#8220;<\/p>\n<p>Kamila VOLEJN\u00cd\u010cKOV\u00c1, matka posti\u017een\u00e9ho d\u00edt\u011bte: &#8222;P\u0159edstava, \u017ee bych ji nechala 3 hodiny \u010dekat v \u010dek\u00e1rn\u011b, je to, \u017ee prvn\u011b zru\u0161\u00ed \u010dek\u00e1rnu, pak zru\u0161\u00ed m\u011b, pak zru\u0161\u00ed toho doktora, mo\u017en\u00e1 i ordinaci.&#8220;<\/p>\n<p>Lenka HRONOV\u00c1, matka posti\u017een\u00e9ho d\u00edt\u011bte: &#8222;J\u00e1 jsem t\u0159eba vyst\u0159\u00eddala 4 zuba\u0159e a u ka\u017ed\u00fdho jsem byla jenom jednou, proto\u017ee podruh\u00fd u\u017e m\u011b nevzali.&#8220;<\/p>\n<p>V r\u00e1mci takzvan\u00e9 transformace se \u0159editel Koci\u00e1nky rozhodl zru\u0161it m\u00edsta t\u0159\u00ed l\u00e9ka\u0159\u016f, p\u0159esto\u017ee ministerstvo to neschv\u00e1lilo.<\/p>\n<p>Tom\u00e1\u0161 KOM\u00c1REK, \u0159editel Koci\u00e1nky:&#8220;Dostal jsem mand\u00e1t, abysme n\u011bkter\u00e9 zm\u011bny d\u011blali, i kdy\u017e ten rozvojov\u00fd pl\u00e1n nebyl schv\u00e1len.&#8220;<\/p>\n<p>redaktorka:<br \/>\n<strong>A vy to d\u011bl\u00e1te z vlastn\u00ed v\u016fle, jenom abyste jako p\u0159isp\u011bl Koci\u00e1nce finan\u010dn\u011b, nebo jak\u00fd to m\u00e1 smysl?<\/strong><\/p>\n<p>Tom\u00e1\u0161 KOM\u00c1REK,&#8220;my samoz\u0159ejm\u011b pot\u0159ebujeme \u0159e\u0161it prim\u00e1rn\u011b zaji\u0161t\u011bn\u00ed p\u0159\u00edm\u00e9 p\u00e9\u010de.&#8220;<\/p>\n<p>redaktorka:<br \/>\n<strong>Rodi\u010de ani sami klienti ale v\u00fdznam zm\u011bn p\u0159\u00edli\u0161 nech\u00e1pou.<\/strong><\/p>\n<p>Marek RYBN\u00cd\u010cEK, zdravotn\u011b posti\u017een\u00fd:&#8220;J\u00e1 osobn\u011b jsem na to zvyklej a je to hrozn\u00fd, \u017ee kdyby n\u00e1m to zru\u0161ili, co bysme d\u011blali, kam by n\u00e1s mamka vozila.&#8220;<\/p>\n<p>redaktorka:<br \/>\n<strong>A tohle to d\u011bl\u00e1te pro to, aby ty klienti byli spokojeni, aby to bylo v jejich prosp\u011bch?<\/strong><\/p>\n<p>Tom\u00e1\u0161 KOM\u00c1REK, &#8222;Ano.&#8220;<\/p>\n<p>redaktorka:<br \/>\n<strong>I kdy\u017e rodi\u010de s t\u00edm nesouhlas\u00ed?<\/strong><\/p>\n<p>Tom\u00e1\u0161 KOM\u00c1REK:&#8220;P\u0159esn\u011b tak.&#8220;<\/p>\n<p>Kamila VOLEJN\u00cd\u010cKOV\u00c1, matka posti\u017een\u00e9ho d\u00edt\u011bte:&#8220;A nikdo se jich nept\u00e1, co oni cht\u011bj\u00ed, jak\u00fd oni maj\u00ed pocity, jak\u00fd maj\u00ed pot\u0159eby. Nikoho to prost\u011b tady nezaj\u00edm\u00e1.&#8220;<\/p>\n<p>podle televize Nova zaznamenala invArena<\/p>\n","protected":false},"excerpt":{"rendered":"<div class=\"mh-excerpt\"><p>Konec l\u00e9ka\u0159sk\u00e9 slu\u017eby, kter\u00e1 des\u00edtky let fungovala v soci\u00e1ln\u00edm za\u0159\u00edzen\u00ed Koci\u00e1nka v Brn\u011b. Rodi\u010de posti\u017een\u00fdch d\u011bt\u00ed, kter\u00e9 chod\u00ed pr\u00e1v\u011b do tohoto centra, tak budou od <a class=\"mh-excerpt-more\" href=\"https:\/\/www.invarena.cz\/?p=13177\" title=\"Rodi\u010de posti\u017een\u00fdch d\u011bt\u00ed se ob\u00e1vaj\u00ed konce l\u00e9ka\u0159sk\u00e9 p\u00e9\u010de\">[&#8230;]<\/a><\/p>\n<\/div>","protected":false},"author":1,"featured_media":0,"comment_status":"open","ping_status":"open","sticky":false,"template":"","format":"standard","meta":{"footnotes":""},"categories":[7],"tags":[],"class_list":["post-13177","post","type-post","status-publish","format-standard","hentry","category-spolecnost"],"_links":{"self":[{"href":"https:\/\/www.invarena.cz\/index.php?rest_route=\/wp\/v2\/posts\/13177","targetHints":{"allow":["GET"]}}],"collection":[{"href":"https:\/\/www.invarena.cz\/index.php?rest_route=\/wp\/v2\/posts"}],"about":[{"href":"https:\/\/www.invarena.cz\/index.php?rest_route=\/wp\/v2\/types\/post"}],"author":[{"embeddable":true,"href":"https:\/\/www.invarena.cz\/index.php?rest_route=\/wp\/v2\/users\/1"}],"replies":[{"embeddable":true,"href":"https:\/\/www.invarena.cz\/index.php?rest_route=%2Fwp%2Fv2%2Fcomments&post=13177"}],"version-history":[{"count":0,"href":"https:\/\/www.invarena.cz\/index.php?rest_route=\/wp\/v2\/posts\/13177\/revisions"}],"wp:attachment":[{"href":"https:\/\/www.invarena.cz\/index.php?rest_route=%2Fwp%2Fv2%2Fmedia&parent=13177"}],"wp:term":[{"taxonomy":"category","embeddable":true,"href":"https:\/\/www.invarena.cz\/index.php?rest_route=%2Fwp%2Fv2%2Fcategories&post=13177"},{"taxonomy":"post_tag","embeddable":true,"href":"https:\/\/www.invarena.cz\/index.php?rest_route=%2Fwp%2Fv2%2Ftags&post=13177"}],"curies":[{"name":"wp","href":"https:\/\/api.w.org\/{rel}","templated":true}]}}