{"id":13202,"date":"2013-11-19T00:36:56","date_gmt":"2013-11-18T23:36:56","guid":{"rendered":"http:\/\/www.invarena.cz\/?p=13202"},"modified":"2014-10-20T20:05:06","modified_gmt":"2014-10-20T18:05:06","slug":"zakladni-skolu-nasla-stezi-ted-uz-mysli-na-vysokou","status":"publish","type":"post","link":"https:\/\/www.invarena.cz\/?p=13202","title":{"rendered":"Z\u00e1kladn\u00ed \u0161kolu na\u0161la st\u011b\u017e\u00ed. Te\u010f u\u017e mysl\u00ed na vysokou"},"content":{"rendered":"<p><strong>U studentky Gymn\u00e1zia Franti\u0161ka K\u0159i\u017e\u00edka Ivany Vot\u00edpkov\u00e9 (foto) si leckdo na prvn\u00ed pohled v\u016fbec nemus\u00ed v\u0161imnout, \u017ee se od sv\u00fdch vrstevn\u00edk\u016f n\u011b\u010d\u00edm li\u0161\u00ed. Chyb\u00ed j\u00ed dobr\u00fd sluch a bez drah\u00fdch p\u0159\u00edstroj\u016f nesly\u0161\u00ed. M\u00e1 ale odvahu se s handicapem vypo\u0159\u00e1dat.<\/strong><br \/>\n<!--more--><\/p>\n<p>A\u010dkoliv j\u00ed vrozen\u00e1 vada zna\u010dn\u011b komplikuje \u017eivot, sna\u017e\u00ed se zvl\u00e1dnout to, co ostatn\u00ed. Ve \u0161kole i ve sportu.<\/p>\n<p>Ivana Vot\u00edpkov\u00e1 se narodila p\u0159ed 18 lety a nesly\u0161ela. Rodina se rozhodla nep\u0159\u00edzni osudu postavit a pomoci Ivan\u011b v\u00e9st plnohodnotn\u00fd \u017eivot. A to se da\u0159\u00ed. Finan\u010dn\u011b p\u0159itom pom\u00e1h\u00e1 Fond vzd\u011bl\u00e1n\u00ed, kter\u00fd je spole\u010dn\u00fdm projektem V\u00fdboru dobr\u00e9 v\u016fle &#8211; Nadace Olgy Havlov\u00e9 a \u010cSOB. D\u00edky tomu si Ivana Vot\u00edpkov\u00e1 mohla po\u0159\u00eddit dokonalej\u0161\u00ed sluchadlo, vys\u00edla\u010dku a z\u00edskala stipendium, aby zvl\u00e1dla platit \u0161koln\u00e9 na soukrom\u00e9m gymn\u00e1ziu.<\/p>\n<p><strong>Naj\u00edt \u0161koly nebylo snadn\u00e9<\/strong><\/p>\n<p>Kdy\u017e cht\u011bla Ivana do z\u00e1kladn\u00ed \u0161koly, tak jedinou, kter\u00e1 byla ochotn\u00e1 ji p\u0159ijmout, na\u0161la v Plzni-Bo\u017ekov\u011b. U\u010ditelky pak nesly\u0161\u00edc\u00ed \u0161kola\u010dce pom\u00e1haly s texty i s vyslovov\u00e1n\u00edm.<\/p>\n<p>Nesnadn\u00e9 bylo tak\u00e9 hled\u00e1n\u00ed st\u0159edn\u00ed \u0161koly. Pouze na Gymn\u00e1ziu Franti\u0161ka K\u0159i\u017e\u00edka veden\u00ed \u0161koly na p\u0159ijet\u00ed k\u00fdvlo. Ivana m\u00e1 individu\u00e1ln\u00ed studijn\u00ed pl\u00e1n a m\u016f\u017ee vyu\u017e\u00edvat konzultace.<\/p>\n<p>&#8222;Ty sice zaberou hodn\u011b \u010dasu, ale usnadn\u00ed mi pochopit u\u010divo. Na\u0161e \u0161kola funguje tak, \u017ee u ka\u017ed\u00e9ho studenta maxim\u00e1ln\u011b podpo\u0159\u00ed to nejlep\u0161\u00ed, co v n\u011bm je. Nic nen\u00ed probl\u00e9m, v\u0161e je v\u00fdzva. A to moc oce\u0148uji,&#8220; tvrd\u00ed studentka.<\/p>\n<p><strong>Pot\u00ed\u017ee s komunikac\u00ed<\/strong><\/p>\n<p>Ivana Vot\u00edpkov\u00e1 \u0159\u00edk\u00e1, \u017ee j\u00ed nejv\u00edc vad\u00ed, jak handicap zt\u00ed\u017eil komunikaci s ostatn\u00edmi lidmi. &#8222;Nem\u00e1m rozvinutou slovn\u00ed z\u00e1sobu jako moji vrstevn\u00edci a n\u011bkdy se stane, \u017ee n\u011bjak\u00e9 situace \u010di texty pochop\u00edm jinak, ne\u017e ve skute\u010dnosti jsou,&#8220; vysv\u011btluje.<\/p>\n<p>Na probl\u00e9my nar\u00e1\u017e\u00ed i p\u0159i jedn\u00e1n\u00edch na \u00fa\u0159adech. \u010casto se pr\u00fd st\u00e1v\u00e1, \u017ee \u00fa\u0159edn\u00edci sice v\u00ed, \u017ee jednaj\u00ed s nesly\u0161\u00edc\u00ed, ale necht\u011bj\u00ed tomu p\u0159izp\u016fsobit styl vyjad\u0159ov\u00e1n\u00ed. &#8222;Mluv\u00ed potichu, rychle, d\u00edvaj\u00ed se p\u0159i tom do pap\u00edr\u016f, nikoli na m\u011b, abych mohla odez\u00edrat. P\u0159ekvapuje m\u011b, \u017ee ani specialist\u00e9 na zdravotn\u011b posti\u017een\u00e9 nejsou k posti\u017een\u00fdm vst\u0159\u00edcn\u00ed. Ve v\u0161em mi mus\u00ed pom\u00e1hat moje mamka. Stejn\u00e9 je to v bank\u00e1ch, obchodech,&#8220; popisuje.<\/p>\n<p><strong>Lep\u0161\u00ed p\u0159\u00edstroje pomohly<\/strong><\/p>\n<p>Ivana je p\u0159esv\u011bd\u010den\u00e1, \u017ee bylo kl\u00ed\u010dov\u00e9 vypo\u0159\u00e1dat se se svou situac\u00ed psychicky. Potom u\u017e se pr\u00fd s pomoc\u00ed rodiny d\u00e1 zvl\u00e1dnout cokoliv.<\/p>\n<p>D\u00edvka p\u0159izn\u00e1v\u00e1, \u017ee n\u00e1stup na gymn\u00e1zium, kde se stala prvn\u00ed nesly\u0161\u00edc\u00ed studentkou, nebyl jednoduch\u00fd. Pou\u017e\u00edvala tehdy speci\u00e1ln\u00ed vys\u00edla\u010dku, ale pokud ve t\u0159\u00edd\u011b nebyl klid, p\u0159\u00edstroj nep\u0159ij\u00edmal slova vyu\u010duj\u00edc\u00edho a Ivana se pak musela doma v\u00edc u\u010dit s maminkou. &#8222;Zlep\u0161ilo se to, a\u017e kdy\u017e jsem m\u011bla nov\u011bj\u0161\u00ed vys\u00edla\u010dku. Tam jsem si mohla nastavit, jestli chci sly\u0161et jen vyu\u010duj\u00edc\u00edho nebo i t\u0159\u00eddu. Z toho jsem m\u011bla radost. Kone\u010dn\u011b jsem mohla ps\u00e1t pozn\u00e1mky a nemusela se d\u00edvat na u\u010ditele, abych odez\u00edrala, co vykl\u00e1dal.&#8220;<\/p>\n<p>Probl\u00e9m byla ov\u0161em i komunikace ve skupin\u011b, proto\u017ee Ivana nestihla poslouchat v\u0161echny mluv\u00edc\u00ed. &#8222;Dnes m\u00e1m nov\u00e9 sluchadlo a je to lep\u0161\u00ed. Pomohlo i to, \u017ee moji spolu\u017e\u00e1ci dosp\u011bli a u\u017e jsou i po pubert\u011b,&#8220; usm\u00edv\u00e1 se.<\/p>\n<p><strong>Podpora Fondu vzd\u011bl\u00e1n\u00ed<\/strong><\/p>\n<p>Podpora, kterou m\u00e1 od Fondu vzd\u011bl\u00e1n\u00ed a V\u00fdboru dobr\u00e9 v\u016fle &#8211; Nadace Olgy Havlov\u00e9, m\u00e1 pro Ivanu z\u00e1sadn\u00ed v\u00fdznam. &#8222;Poskytuje mi stipendium, ze kter\u00e9ho plat\u00edm \u0161koln\u00e9, kter\u00e9 je 3700 korun m\u011bs\u00ed\u010dn\u011b. Tak\u00e9 mi pomohl s n\u00e1kupem sluchadla a nov\u00e9 vys\u00edla\u010dky, kter\u00e9 st\u00e1ly t\u00e9m\u011b\u0159 sto tis\u00edc. V\u00fdbor dobr\u00e9 v\u016fle m\u00e1 m\u016fj velk\u00fd d\u00edk, proto\u017ee mi umo\u017e\u0148uje studovat d\u00e1l.&#8220;<\/p>\n<p>Ivana upozor\u0148uje, \u017ee v jej\u00edm \u017eivot\u011b m\u00e1 d\u016fle\u017eitou roli sport &#8211; volejbal &#8211; a lid\u00e9 kolem n\u011bj. &#8222;Jsou \u00fa\u017easn\u00ed, pohodov\u00ed, vst\u0159\u00edcn\u00ed a f\u00e9rov\u00ed &#8211; jak tren\u00e9\u0159i, tak sportovci. Skv\u011ble se ke mn\u011b chovaj\u00ed.&#8220;<\/p>\n<p><strong>Sport p\u0159in\u00e1\u0161\u00ed radost<\/strong><\/p>\n<p>Sportovat za\u010dala, kdy\u017e ji maminka p\u0159ihl\u00e1sila na klasick\u00fd volejbal. Ten Ivanu hodn\u011b bavil a zdokonalovala se p\u0159i h\u0159e v dorozum\u00edv\u00e1n\u00ed s ostatn\u00edmi. Pozd\u011bji objevila pl\u00e1\u017eov\u00fd volejbal, kter\u00fd j\u00ed vyhovuje je\u0161t\u011b v\u00edc.<br \/>\n&#8222;Komunikace je ve dvou snaz\u0161\u00ed a mohu hr\u00e1t i bez sluchadel. Na\u0161la jsem si tam i kamar\u00e1dy, kte\u0159\u00ed maj\u00ed stejn\u00fd handicap. Sport mi d\u00e1v\u00e1 energii a radost.&#8220;<\/p>\n<p>Kdy\u017e Ivana Vot\u00edpkov\u00e1 uva\u017euje o sv\u00e9 budoucnosti, mluv\u00ed o vysok\u00e9 \u0161kole, kterou by cht\u011bla vystudovat. Zat\u00edm nem\u00e1 \u00fapln\u011b jasno, o jak\u00fd obor by se m\u011blo jednat. Je z\u0159ejm\u00e9, \u017ee p\u0159i v\u00fdb\u011bru budou podstatn\u00e9 ohledy na sluchov\u00fd handicap. &#8222;Mo\u017en\u00e1 biologie, genetika, fyzioterapie nebo n\u011bjak\u00fd podobn\u00fd obor. Tak\u00e9 douf\u00e1m, \u017ee budu m\u00edt \u010das na beach volejbal. Bav\u00ed m\u011b to a r\u00e1da bych se dostala mezi nejlep\u0161\u00ed hr\u00e1\u010dky, aby bylo vid\u011bt, \u017ee i nesly\u0161\u00edc\u00ed mohou b\u00fdt skv\u011bl\u00ed hr\u00e1\u010di.&#8220;<\/p>\n<p>Pokud m\u00e1 \u0159\u00edct, co je pro ni v \u017eivot\u011b nejd\u016fle\u017eit\u011bj\u0161\u00ed, m\u00e1 Ivana Vot\u00edpkov\u00e1 jasno. Na prvn\u00edm m\u00edst\u011b je rodina. &#8222;Mohu se na ni spolehnout, obr\u00e1tit se s prosbou nebo probl\u00e9mem. V\u017edy m\u011b podporovala a sna\u017eila se mi pom\u00e1hat a\u0165 ve sportu, tak i t\u0159eba v rozvoji slovn\u00ed z\u00e1soby. Bez takov\u00e9 rodiny, jakou m\u00e1m, nev\u00edm, jestli bych v\u016fbec mluvila a byla \u0161\u0165astn\u00e1. Jsem vd\u011b\u010dn\u00e1 za ka\u017edou chvilku, kterou spole\u010dn\u011b str\u00e1v\u00edme,&#8220; \u0159\u00edk\u00e1 Ivana Vot\u00edpkov\u00e1.<\/p>\n<p>&#8212;<\/p>\n<p><strong>Jsme r\u00e1di, \u017ee ji tady m\u00e1me<\/strong><\/p>\n<p>PLZE\u0147 (ned) Jak vid\u00ed Ivanu Vot\u00edpkovou \u0159editelka Gymn\u00e1zia Franti\u0161ka K\u0159i\u017e\u00edka \u0160\u00e1rka Chvalov\u00e1? &#8222;Kdy\u017e k n\u00e1m nastoupila, nem\u011bla je\u0161t\u011b asistentku, kterou z\u00edskala a\u017e ve druh\u00e9m ro\u010dn\u00edku a moc j\u00ed to pomohlo. Zejm\u00e9na proto, \u017ee spousta v\u00fdraz\u016f a slov pro ni byla obt\u00ed\u017en\u011b srozumiteln\u00e1. Ona to p\u0159ekonala a potom dokonce brala prosp\u011bchov\u00e9 stipendium. Sna\u017eila se vym\u00fd\u0161let nejr\u016fzn\u011bj\u0161\u00ed projekty, z nich\u017e jeden byl zam\u011b\u0159en\u00fd na komunikaci nesly\u0161\u00edc\u00edch a sly\u0161\u00edc\u00edch lid\u00ed. Na\u0161e d\u011bti s nesly\u0161\u00edc\u00edmi spole\u010dn\u011b nap\u0159\u00edklad nav\u0161t\u00edvily lanov\u00e9 centrum. Nebo jsme d\u011blali program pro d\u011bti z d\u011btsk\u00e9ho domova. To jsou aktivity, u kter\u00fdch Ivana stoj\u00ed. Nav\u00edc jako by na\u0161la sama sebe ve sportu a za\u010dala jezdit do Prahy z\u00e1vodn\u011b hr\u00e1t volejbal. Ob\u010das se pochlub\u00ed, co vyhr\u00e1li. P\u0159ijde mi to \u00fa\u017easn\u00e9. Moc j\u00ed fand\u00edme a dr\u017e\u00edme palce. U Ivany jsme nikdy nezaznamenali, \u017ee by kv\u016fli n\u011b\u010demu vznikl n\u011bjak\u00fd blok. Je velmi otev\u0159en\u00e1 a um\u00ed na svou stranu st\u00e1hnout dal\u0161\u00ed lidi. Jsme moc r\u00e1di, \u017ee ji tady m\u00e1me.&#8220;<\/p>\n<p>Jaroslav Nedv\u011bd<br \/>\nMlad\u00e1 fronta DNES<\/p>\n","protected":false},"excerpt":{"rendered":"<div class=\"mh-excerpt\"><p>U studentky Gymn\u00e1zia Franti\u0161ka K\u0159i\u017e\u00edka Ivany Vot\u00edpkov\u00e9 (foto) si leckdo na prvn\u00ed pohled v\u016fbec nemus\u00ed v\u0161imnout, \u017ee se od sv\u00fdch vrstevn\u00edk\u016f n\u011b\u010d\u00edm li\u0161\u00ed. Chyb\u00ed j\u00ed <a class=\"mh-excerpt-more\" href=\"https:\/\/www.invarena.cz\/?p=13202\" title=\"Z\u00e1kladn\u00ed \u0161kolu na\u0161la st\u011b\u017e\u00ed. Te\u010f u\u017e mysl\u00ed na vysokou\">[&#8230;]<\/a><\/p>\n<\/div>","protected":false},"author":1,"featured_media":13215,"comment_status":"open","ping_status":"open","sticky":false,"template":"","format":"standard","meta":{"footnotes":""},"categories":[7],"tags":[],"class_list":["post-13202","post","type-post","status-publish","format-standard","has-post-thumbnail","hentry","category-spolecnost"],"_links":{"self":[{"href":"https:\/\/www.invarena.cz\/index.php?rest_route=\/wp\/v2\/posts\/13202","targetHints":{"allow":["GET"]}}],"collection":[{"href":"https:\/\/www.invarena.cz\/index.php?rest_route=\/wp\/v2\/posts"}],"about":[{"href":"https:\/\/www.invarena.cz\/index.php?rest_route=\/wp\/v2\/types\/post"}],"author":[{"embeddable":true,"href":"https:\/\/www.invarena.cz\/index.php?rest_route=\/wp\/v2\/users\/1"}],"replies":[{"embeddable":true,"href":"https:\/\/www.invarena.cz\/index.php?rest_route=%2Fwp%2Fv2%2Fcomments&post=13202"}],"version-history":[{"count":0,"href":"https:\/\/www.invarena.cz\/index.php?rest_route=\/wp\/v2\/posts\/13202\/revisions"}],"wp:featuredmedia":[{"embeddable":true,"href":"https:\/\/www.invarena.cz\/index.php?rest_route=\/wp\/v2\/media\/13215"}],"wp:attachment":[{"href":"https:\/\/www.invarena.cz\/index.php?rest_route=%2Fwp%2Fv2%2Fmedia&parent=13202"}],"wp:term":[{"taxonomy":"category","embeddable":true,"href":"https:\/\/www.invarena.cz\/index.php?rest_route=%2Fwp%2Fv2%2Fcategories&post=13202"},{"taxonomy":"post_tag","embeddable":true,"href":"https:\/\/www.invarena.cz\/index.php?rest_route=%2Fwp%2Fv2%2Ftags&post=13202"}],"curies":[{"name":"wp","href":"https:\/\/api.w.org\/{rel}","templated":true}]}}