{"id":13245,"date":"2013-11-19T13:38:18","date_gmt":"2013-11-19T12:38:18","guid":{"rendered":"http:\/\/www.invarena.cz\/?p=13245"},"modified":"2013-11-19T13:38:18","modified_gmt":"2013-11-19T12:38:18","slug":"svet-si-dnes-pripomina-svetovy-den-toalet","status":"publish","type":"post","link":"https:\/\/www.invarena.cz\/?p=13245","title":{"rendered":"Sv\u011bt si dnes p\u0159ipom\u00edn\u00e1 Sv\u011btov\u00fd den toalet"},"content":{"rendered":"<p><strong>Nedostatek p\u0159\u00edstupu k vhodn\u00e9 toalet\u011b nen\u00ed pro t\u0159etinu lid\u00ed na sv\u011bt\u011b z\u00e1le\u017eitost\u00ed, o n\u00ed\u017e by cht\u011bli \u017eertovat. Pro n\u011b jde o ot\u00e1zku \u017eivota a smrti. Proto si dnes sv\u011bt p\u0159ipom\u00edn\u00e1 Sv\u011btov\u00fd den toalet, kter\u00fd OSN vyhl\u00e1sila v roce 2001.<\/strong><\/p>\n<p><!--more--><\/p>\n<p>Podle \u00fadaj\u016f OSN nem\u00e1 p\u0159\u00edstup k odpov\u00eddaj\u00edc\u00edmu sanit\u00e1rn\u00edmu za\u0159\u00edzen\u00ed zhruba 2,5 miliardy lid\u00ed na sv\u011bt\u011b. V\u00edce ne\u017e miliarda z nich praktikuje vym\u011b\u0161ov\u00e1n\u00ed ve voln\u00e9 p\u0159\u00edrod\u011b, co\u017e je probl\u00e9m p\u0159isp\u00edvaj\u00edc\u00ed k bezpo\u010dtu \u00famrt\u00ed na nemoci, jim\u017e je mo\u017en\u00e9 p\u0159edch\u00e1zet, napsala agentura AP.<\/p>\n<p>&#8222;Mus\u00edme prolomit tabu a u\u010dinit z toalet pro v\u0161echny celosv\u011btovou prioritu rozvoje,&#8220; \u0159ekl gener\u00e1ln\u00ed tajemn\u00edk OSN Pan Ki-mun na \u00favod Sv\u011btov\u00e9ho dne toalet.<\/p>\n<p>Ka\u017ed\u00fd rok na sv\u011bt\u011b zem\u0159e v\u00edce ne\u017e 800.000 d\u011bt\u00ed mlad\u0161\u00edch p\u011bti let na pr\u016fjmov\u00e1 onemocn\u011bn\u00ed, z nich\u017e mnoho je vyvol\u00e1no pr\u00e1v\u011b \u0161patnou hygienou, uvedla OSN. Nedostate\u010dn\u00fd p\u0159\u00edstup k \u010dist\u00fdm toalet\u00e1m ve \u0161kol\u00e1ch z\u00e1rove\u0148 odrazuje mnoho \u017een a d\u00edvek od pokra\u010dov\u00e1n\u00ed ve vzd\u011bl\u00e1v\u00e1n\u00ed pot\u00e9, co dos\u00e1hnou puberty. &#8222;Kdy\u017e \u0161koly nab\u00eddnou odpov\u00eddaj\u00edc\u00ed toalety, stoup\u00e1 doch\u00e1zka d\u00edvek o 11 procent,&#8220; dodal Pan Ki-mun.<\/p>\n","protected":false},"excerpt":{"rendered":"<div class=\"mh-excerpt\"><p>Nedostatek p\u0159\u00edstupu k vhodn\u00e9 toalet\u011b nen\u00ed pro t\u0159etinu lid\u00ed na sv\u011bt\u011b z\u00e1le\u017eitost\u00ed, o n\u00ed\u017e by cht\u011bli \u017eertovat. Pro n\u011b jde o ot\u00e1zku \u017eivota a smrti. <a class=\"mh-excerpt-more\" href=\"https:\/\/www.invarena.cz\/?p=13245\" title=\"Sv\u011bt si dnes p\u0159ipom\u00edn\u00e1 Sv\u011btov\u00fd den toalet\">[&#8230;]<\/a><\/p>\n<\/div>","protected":false},"author":1,"featured_media":1645,"comment_status":"open","ping_status":"open","sticky":false,"template":"","format":"standard","meta":{"footnotes":""},"categories":[7],"tags":[],"class_list":["post-13245","post","type-post","status-publish","format-standard","has-post-thumbnail","hentry","category-spolecnost"],"_links":{"self":[{"href":"https:\/\/www.invarena.cz\/index.php?rest_route=\/wp\/v2\/posts\/13245","targetHints":{"allow":["GET"]}}],"collection":[{"href":"https:\/\/www.invarena.cz\/index.php?rest_route=\/wp\/v2\/posts"}],"about":[{"href":"https:\/\/www.invarena.cz\/index.php?rest_route=\/wp\/v2\/types\/post"}],"author":[{"embeddable":true,"href":"https:\/\/www.invarena.cz\/index.php?rest_route=\/wp\/v2\/users\/1"}],"replies":[{"embeddable":true,"href":"https:\/\/www.invarena.cz\/index.php?rest_route=%2Fwp%2Fv2%2Fcomments&post=13245"}],"version-history":[{"count":0,"href":"https:\/\/www.invarena.cz\/index.php?rest_route=\/wp\/v2\/posts\/13245\/revisions"}],"wp:featuredmedia":[{"embeddable":true,"href":"https:\/\/www.invarena.cz\/index.php?rest_route=\/wp\/v2\/media\/1645"}],"wp:attachment":[{"href":"https:\/\/www.invarena.cz\/index.php?rest_route=%2Fwp%2Fv2%2Fmedia&parent=13245"}],"wp:term":[{"taxonomy":"category","embeddable":true,"href":"https:\/\/www.invarena.cz\/index.php?rest_route=%2Fwp%2Fv2%2Fcategories&post=13245"},{"taxonomy":"post_tag","embeddable":true,"href":"https:\/\/www.invarena.cz\/index.php?rest_route=%2Fwp%2Fv2%2Ftags&post=13245"}],"curies":[{"name":"wp","href":"https:\/\/api.w.org\/{rel}","templated":true}]}}