{"id":13247,"date":"2013-11-19T17:57:43","date_gmt":"2013-11-19T16:57:43","guid":{"rendered":"http:\/\/www.invarena.cz\/?p=13247"},"modified":"2013-11-19T17:57:43","modified_gmt":"2013-11-19T16:57:43","slug":"o-vikendu-bude-akce-cesko-dychej","status":"publish","type":"post","link":"https:\/\/www.invarena.cz\/?p=13247","title":{"rendered":"O v\u00edkendu bude akce &#8222;\u010cesko d\u00fdchej!&#8220;"},"content":{"rendered":"<p><strong>Kou\u0159en\u00ed m\u00e1 na sv\u011bdom\u00ed a\u017e 80 procent p\u0159\u00edpad\u016f chronick\u00e9 obstruk\u010dn\u00ed plicn\u00ed nemoci. Sv\u011btov\u00fd den boje proti CHOPN p\u0159ipad\u00e1 na st\u0159edu 20. listopadu. V sobotu 23. a v ned\u011bli 24. listopadu v\u017edy od 12:00 do 19:00 v centrech zdrav\u00ed v Praze, Brn\u011b, Jihlav\u011b, Ostrav\u011b a Plzni <strong>bude pro ve\u0159ejnost zdarma <strong>m<strong>\u011b\u0159en\u00ed funkce plic (foto)<\/strong><\/strong><\/strong>.<!--more--><\/strong><\/p>\n<p>&nbsp;<\/p>\n<p>Jedn\u00edm ze zp\u016fsob\u016f, jak se t\u00e9to nemoci vyhnout, je nikdy neza\u010d\u00edt kou\u0159it, s kou\u0159en\u00edm okam\u017eit\u011b p\u0159estat a nepob\u00fdvat v zakou\u0159en\u00e9m prost\u0159ed\u00ed, \u0159ekl p\u0159edseda ob\u010dansk\u00e9ho sdru\u017een\u00ed proti CHOPN a plicn\u00ed l\u00e9ka\u0159 Stanislav Kos.<img decoding=\"async\" title=\"Cel\u00fd p\u0159\u00edsp\u011bvek...\" alt=\"\" src=\"http:\/\/www.mednes.cz\/wp-includes\/js\/tinymce\/plugins\/wordpress\/img\/trans.gif\" \/><\/p>\n<p><strong>\u00a0V akci &#8222;\u010cesko d\u00fdchej!&#8220; si lid\u00e9 mohou d\u00e1t vy\u0161et\u0159it plicn\u00ed funkce a zjistit, zda jsou nemoc\u00ed ohro\u017eeni.<\/strong><\/p>\n<p>Akce se kon\u00e1 p\u0159i p\u0159\u00edle\u017eitosti Sv\u011btov\u00e9ho dne boje proti chronick\u00e9 obstruk\u010dn\u00ed plicn\u00ed nemoci &#8211; CHOPN, kter\u00fd p\u0159ipad\u00e1 na st\u0159edu 20. listopadu. M\u011b\u0159en\u00ed bude v sobotu 23. a v ned\u011bli 24. listopadu v\u017edy od 12:00 do 19:00 v centrech zdrav\u00ed v Praze, Brn\u011b, Jihlav\u011b, Ostrav\u011b a Plzni. Loni p\u0159i\u0161lo 1406 lid\u00ed.<\/p>\n<p>&#8222;Na CHOPN ro\u010dn\u011b v \u010cR zem\u0159e 2500 lid\u00ed, nemocn\u00fdch je kolem 800.000,&#8220; uvedl Kos. Typick\u00fdmi p\u0159\u00edznaky CHOPN jsou ka\u0161el, vyka\u0161l\u00e1v\u00e1n\u00ed hlen\u016f a du\u0161nost, nejprve p\u0159i n\u00e1maze, pak i v klidu. Pot\u00ed\u017ee jsou d\u016fsledkem chronick\u00e9ho z\u00e1n\u011btu pr\u016fdu\u0161ek, kter\u00fd vede k jejich z\u00fa\u017een\u00ed a zv\u00fd\u0161en\u00e9 tvorb\u011b hlenu. Obvykle se pot\u00ed\u017ee za\u010dnou objevovat kolem \u010dty\u0159ic\u00edtky, lid\u00e9 je ale p\u0159ehl\u00ed\u017eej\u00ed a l\u00e9ka\u0159e vyhledaj\u00ed a\u017e v pokro\u010dil\u00e9 f\u00e1zi nemoci. CHOPN se sice vyl\u00e9\u010dit ned\u00e1, l\u00e9\u010dbou se ale d\u00e1 zpomalit, proto je d\u016fle\u017eit\u00e9 ji odhalit co nejd\u0159\u00edv, zd\u016fraznil Kos.<\/p>\n<p>V \u010cR kou\u0159\u00ed t\u0159etina dosp\u011bl\u00fdch. Ka\u017ed\u00fd rok se zhruba milion pokou\u0161\u00ed p\u0159estat, v\u011bt\u0161inou bez dohledu l\u00e9ka\u0159e, i proto se to poda\u0159\u00ed zhruba t\u0159em a\u017e p\u011bti ze sta. A\u017e desetkr\u00e1t \u00fa\u010dinn\u011bj\u0161\u00ed je podle Kose l\u00e9\u010dba v Centrech pro z\u00e1visl\u00e9 na tab\u00e1ku, kontakty na 40 center jsou na www.slzt.cz. Vedle kou\u0159en\u00ed p\u0159isp\u00edvaj\u00ed k rozvoji nemoci pr\u00e1ce ve zne\u010di\u0161t\u011bn\u00e9m prost\u0159ed\u00ed, v\u00fdfukov\u00e9 plyny a zv\u00fd\u0161en\u00e1 vlhkost.<\/p>\n<p>Podle p\u0159ednosty kliniky plicn\u00edch nemoc\u00ed a TBC Fakultn\u00ed nemocnice Olomouc a p\u0159edsedy \u010cesk\u00e9 pneumologick\u00e9 a ftizeologick\u00e9 spole\u010dnosti V\u00edt\u011bzslava Kolka po\u010det nemocn\u00fdch s CHOPN v \u010cR i ve sv\u011bt\u011b trvale roste. Na sv\u011bt\u011b je zhruba 200 milion\u016f nemocn\u00fdch, na plicn\u00ed nemoci um\u00edr\u00e1 ka\u017ed\u00fd osm\u00fd Evropan. P\u00e9\u010de o pacienty s CHOPN stoj\u00ed na cel\u00e9m sv\u011bt\u011b kolem 200 miliard eur (t\u00e9m\u011b\u0159 5,5 bilionu korun) ro\u010dn\u011b.<\/p>\n","protected":false},"excerpt":{"rendered":"<div class=\"mh-excerpt\"><p>Kou\u0159en\u00ed m\u00e1 na sv\u011bdom\u00ed a\u017e 80 procent p\u0159\u00edpad\u016f chronick\u00e9 obstruk\u010dn\u00ed plicn\u00ed nemoci. Sv\u011btov\u00fd den boje proti CHOPN p\u0159ipad\u00e1 na st\u0159edu 20. listopadu. V sobotu 23. <a class=\"mh-excerpt-more\" href=\"https:\/\/www.invarena.cz\/?p=13247\" title=\"O v\u00edkendu bude akce &#8222;\u010cesko d\u00fdchej!&#8220;\">[&#8230;]<\/a><\/p>\n<\/div>","protected":false},"author":1,"featured_media":0,"comment_status":"open","ping_status":"open","sticky":false,"template":"","format":"standard","meta":{"footnotes":""},"categories":[11],"tags":[],"class_list":["post-13247","post","type-post","status-publish","format-standard","hentry","category-zdravi"],"_links":{"self":[{"href":"https:\/\/www.invarena.cz\/index.php?rest_route=\/wp\/v2\/posts\/13247","targetHints":{"allow":["GET"]}}],"collection":[{"href":"https:\/\/www.invarena.cz\/index.php?rest_route=\/wp\/v2\/posts"}],"about":[{"href":"https:\/\/www.invarena.cz\/index.php?rest_route=\/wp\/v2\/types\/post"}],"author":[{"embeddable":true,"href":"https:\/\/www.invarena.cz\/index.php?rest_route=\/wp\/v2\/users\/1"}],"replies":[{"embeddable":true,"href":"https:\/\/www.invarena.cz\/index.php?rest_route=%2Fwp%2Fv2%2Fcomments&post=13247"}],"version-history":[{"count":0,"href":"https:\/\/www.invarena.cz\/index.php?rest_route=\/wp\/v2\/posts\/13247\/revisions"}],"wp:attachment":[{"href":"https:\/\/www.invarena.cz\/index.php?rest_route=%2Fwp%2Fv2%2Fmedia&parent=13247"}],"wp:term":[{"taxonomy":"category","embeddable":true,"href":"https:\/\/www.invarena.cz\/index.php?rest_route=%2Fwp%2Fv2%2Fcategories&post=13247"},{"taxonomy":"post_tag","embeddable":true,"href":"https:\/\/www.invarena.cz\/index.php?rest_route=%2Fwp%2Fv2%2Ftags&post=13247"}],"curies":[{"name":"wp","href":"https:\/\/api.w.org\/{rel}","templated":true}]}}