{"id":13358,"date":"2013-11-22T22:48:25","date_gmt":"2013-11-22T21:48:25","guid":{"rendered":"http:\/\/www.invarena.cz\/?p=13358"},"modified":"2013-11-22T22:49:59","modified_gmt":"2013-11-22T21:49:59","slug":"spidla-i-okamura-jsou-pro-mimoradnou-valorizaci-duchodu","status":"publish","type":"post","link":"https:\/\/www.invarena.cz\/?p=13358","title":{"rendered":"\u0160pidla i Okamura jsou pro mimo\u0159\u00e1dnou valorizaci d\u016fchod\u016f"},"content":{"rendered":"<p><strong>\u00a0Op\u011bt se zdra\u017euje, ale d\u016fchody se nezvy\u0161uj\u00ed. Chystan\u00e1 valorizace o maxim\u00e1ln\u011b 45 korun je sp\u00ed\u0161e ur\u00e1\u017ekou senior\u016f ne\u017e p\u0159ilep\u0161en\u00edm. A je\u0161t\u011b h\u016f\u0159e na tom jsou ti, kte\u0159\u00ed cht\u011bj\u00ed j\u00edt do p\u0159ed\u010dasn\u00e9ho d\u016fchodu. MPSV v\u0161ak pr\u00fd chyst\u00e1 n\u00e1vrh na mimo\u0159\u00e1dnou valorizaci d\u016fchod\u016f.<!--more--><\/strong><\/p>\n<p>&nbsp;<\/p>\n<p>Jak se tedy vlastn\u011b na to d\u016fstojn\u00e9 st\u00e1\u0159\u00ed finan\u010dn\u011b zabezpe\u010dit? O tom v po\u0159adu<strong> M\u00e1te slovo v \u010cT<\/strong> diskutovali<\/p>\n<p>&#8211; b\u00fdval\u00fd ministr pr\u00e1ce a soci\u00e1ln\u00edch v\u011bc\u00ed, dnes st\u00ednov\u00fd ministr \u017eivotn\u00edho prost\u0159ed\u00ed \u010cesk\u00e9 strany soci\u00e1ln\u011b demokratick\u00e9 <strong>Vladim\u00edr \u0160PIDLA<\/strong><\/p>\n<p><strong>Zden\u011bk PERNES,<\/strong> p\u0159edseda Rady senior\u016f \u010cR; d\u016fchodce:<\/p>\n<p><strong>Tomio OKAMURA,<\/strong> p\u0159edseda a poslanec hnut\u00ed \/\u00dasvit p\u0159\u00edm\u00e9 demokracie\/:<\/p>\n<p><strong>V\u00edt JEDLI\u010cKA,<\/strong> ekonom; ob\u010dansk\u00e9 sdru\u017een\u00ed Reformy.cz:<\/p>\n<p><strong>Jan \u010cI\u017dINSK\u00dd,<\/strong> 35let\u00fd st\u0159edo\u0161kolsk\u00fd u\u010ditel; d\u016fchod ho \u010dek\u00e1 a\u017e v 67 letech:<\/p>\n<p><strong>Zden\u011bk DOBI\u00c1S,<\/strong> nezam\u011bstnan\u00fd ekonom; 58 let; brzy p\u0159ed\u010dasn\u00fd d\u016fchodce:<\/p>\n<p><strong>Michaela J\u00cdLKOV\u00c1, moder\u00e1torka:<\/strong><br \/>\n<strong> Pane expremi\u00e9re. Va\u0161e strana slibovala, mnoz\u00ed j\u00ed uv\u011b\u0159ili, \u017ee vy d\u016fchodc\u016fm p\u0159ilep\u0161\u00edte. A tak pod\u00edvejte, abychom m\u011bli hned dobrou n\u00e1ladu na za\u010d\u00e1tku, \u0159ekn\u011bte n\u00e1m, kdy u\u017e to bude a o kolik.<\/strong><\/p>\n<p>Vladim\u00edr \u0160PIDLA,<br \/>\nTak n\u00e1\u0161 pl\u00e1n je zvy\u0161ovat d\u016fchody o inflaci a jednu t\u0159etinu mezd. To je oproti tomu, \u017ee se v sou\u010dasn\u00e9 dob\u011b zvy\u0161uj\u00ed o jednu t\u0159etinu inflace prost\u011b absolutn\u00ed rozd\u00edl. A z\u00e1le\u017e\u00ed na tom, zda se poda\u0159\u00ed sestavit vl\u00e1du. Ti ostatn\u00ed partne\u0159i jsou stejn\u00e9ho n\u00e1zoru. \u010cili poda\u0159\u00ed-li se sestavit vl\u00e1du, okam\u017eit\u011b ud\u011bl\u00e1me p\u0159\u00edslu\u0161n\u00e9 z\u00e1konn\u00e9 zm\u011bny a nejd\u00e9le na konci p\u0159\u00ed\u0161t\u00edho roku bude u\u017e nov\u00e1 valorizace.<\/p>\n<p><strong>No, ale tady, pane p\u0159edsedo, vy u\u017e to chcete v pr\u016fb\u011bhu p\u0159\u00ed\u0161t\u00edho roku, proto\u017ee \u0159\u00edk\u00e1te, \u017ee je to ne\u00fanosn\u00e9, \u017ee?<\/strong><\/p>\n<p>Zden\u011bk PERNES,<br \/>\nUr\u010dit\u011b.<\/p>\n<p><strong>No, tak to nem\u016f\u017eete, \u017ee a\u017e na konci roku p\u0159\u00ed\u0161t\u00edho.<\/strong><\/p>\n<p>Vladim\u00edr \u0160PIDLA,<br \/>\nJ\u00e1 jsem ne\u0159ekl na konci roku, j\u00e1 jsem \u0159ekl nejd\u00e9le, proto\u017ee se mus\u00ed sestavit vl\u00e1da, mus\u00ed se prost\u011b ud\u011blat zm\u011bny z\u00e1kon\u016f a to bohu\u017eel v na\u0161em \u00fastavn\u00edm syst\u00e9mu chv\u00edli trv\u00e1.<\/p>\n<p>Zden\u011bk PERNES,<br \/>\nVy jste \u0159\u00edkala, pan\u00ed J\u00edlkov\u00e1, \u017ee valorizace bude 45 korun maxim\u00e1ln\u011b. Ono to bude tro\u0161ku jinak. T\u011bch 45 korun bude u pr\u016fm\u011brn\u00e9 penze, kter\u00e1 byla ke konci z\u00e1\u0159\u00ed 10972 koruny a 54% p\u0159\u00edjemc\u016f t\u011bch pr\u016fm\u011brn\u00fdch penz\u00ed nedosahuje, \u010dili nem\u00e1. Tak\u017ee ti, co maj\u00ed ni\u017e\u0161\u00ed ne\u017e tu pr\u016fm\u011brnou penzi, tak budou m\u00edt m\u00e9n\u011b ne\u017e t\u011bch 45 korun a ti, co maj\u00ed vy\u0161\u0161\u00ed ne\u017e tu pr\u016fm\u011brnou penzi, tak budou m\u00edt o n\u011bco m\u00e1lo v\u00edce korun. Ale jako je to opravdu velkorys\u00e1 valorizace. Je to ostuda \u010desk\u00e9ho st\u00e1tu oproti okoln\u00edm zem\u00edm a my po\u017eadujeme, a m\u00e1me dohodnuto teda se sou\u010dasnou vl\u00e1dou, \u017ee pokud ekonomick\u00fd v\u00fdvoj bude tro\u0161ku p\u0159ijateln\u00fd, tak \u017ee budeme m\u00edt mimo\u0159\u00e1dnou valorizaci penz\u00ed, proto\u017ee re\u00e1ln\u00e1 kupn\u00ed s\u00edla penz\u00ed v \u010desk\u00e9m st\u00e1t\u011b kles\u00e1 u\u017e t\u0159i roky.<\/p>\n<p><strong>Ano. A Ministerstvo pr\u00e1ce a soci\u00e1ln\u00edch v\u011bc\u00ed tento n\u00e1vrh ji\u017e sepsalo, tak\u017ee pane p\u0159edsedo Okamuro, podpo\u0159\u00edte to, aby byla mimo\u0159\u00e1dn\u00e1 valorizace p\u0159\u00ed\u0161t\u00ed rok?<\/strong><\/p>\n<p>Tomio OKAMURA,<br \/>\nNo, j\u00e1 tro\u0161ku z\u00edr\u00e1m na tu debatu, proto\u017ee&#8230; my si mus\u00edme p\u0159eci \u0159\u00edci, analyzovat stav, pro\u010d je ten stav tak ostudn\u00fd a pro\u010d nem\u00e1me na na\u0161e seniory, co\u017e je velice ostudn\u00e1 situace. Tady se sice slibuje zvy\u0161ov\u00e1n\u00ed d\u016fchod\u016f, ale z\u00e1rove\u0148 jsem sly\u0161el od \u010cSSD, \u017ee chce zvy\u0161ovat dan\u011b firm\u00e1m. Ale to si p\u0159eci ekonomicky \u00fapln\u011b proti\u0159e\u010d\u00ed, proto\u017ee zv\u00fd\u0161en\u00ed dan\u00ed firm\u00e1m zp\u016fsob\u00ed nezam\u011bstnanost a pr\u00e1v\u011b proto, \u017ee m\u00e1me p\u016fl milionu nezam\u011bstnan\u00fdch, to je n\u011bjak\u00fdch 8%, to je jeden z kl\u00ed\u010dov\u00fdch d\u016fvod\u016f, pro\u010d nen\u00ed na d\u016fchody p\u0159eci ekonomicky. To znamen\u00e1, j\u00e1 souhlas\u00edm s t\u00edm, my mus\u00edme zv\u00fd\u0161it d\u016fchody. My je m\u016f\u017eeme zv\u00fd\u0161it okam\u017eit\u011b, minim\u00e1ln\u011b o n\u011bkolik stovek korun. A j\u00e1 v\u00e1m \u0159eknu jak. Tak\u017ee mluvme taky, jak to ud\u011blat. Zaprv\u00e9 my mus\u00edme nastartovat ekonomiku. K tomu vede nem\u011bnit da\u0148ov\u00e9 prost\u0159ed\u00ed, aby firmy nepropou\u0161t\u011bly a tak\u00e9 sni\u017eovat DPH, abychom nastartovali spot\u0159ebu, ulevili lidem a dos\u00e1hli p\u0159irozen\u00e9ho vytv\u00e1\u0159en\u00ed pracovn\u00edch m\u00edst. Aby ti zam\u011bstnan\u00ed odv\u00e1d\u011bli to soci\u00e1ln\u00ed poji\u0161t\u011bn\u00ed a bylo na ty d\u016fchody. A posledn\u00ed t\u0159et\u00ed v\u011bc, promi\u0148te, je jich teda n\u011bkolik, ale tu kl\u00ed\u010dovou, mus\u00edme podpo\u0159it rodiny s d\u011btma. My \u00dasvit navrhujeme bez\u00faro\u010dn\u00e9 novoman\u017eelsk\u00e9 p\u016fj\u010dky, proto\u017ee ty d\u011bti, my vym\u00edr\u00e1me, to znamen\u00e1, nem\u00e1 kdo pracovat na ty d\u016fchody. My mus\u00edme zv\u00fd\u0161it porodnost d\u011bt\u00ed a tak\u00e9 mus\u00edme nap\u0159\u00edklad podpo\u0159it m\u00edsta v mate\u0159sk\u00fdch \u0161kolk\u00e1ch, aby t\u011bch d\u011bt\u00ed bylo co nejv\u00edce a oni pak budou 40 let tady pracovat a bude na ty d\u016fchody.<\/p>\n<p><strong>Pane p\u0159edsedo, pros\u00edm v\u00e1s, vy to \u0159\u00edk\u00e1te mn\u011b, ale volby u\u017e skon\u010dily. Vy u\u017e tam jste. Tak te\u010f, pros\u00edm v\u00e1s, kdybyste jako se oto\u010dil a tady m\u00e1te partnera pro to prosazen\u00ed, \u017ee. A pan \u0160pidla v\u00e1m jist\u011b odpov\u00ed.<\/strong><\/p>\n<p>Tomio OKAMURA,<br \/>\nTak partner to zat\u00edm nen\u00ed, proto\u017ee my jsme s t\u00edmto programem ekonomick\u00e9ho pror\u016fstov\u00fdch opat\u0159en\u00ed z\u00edskali n\u011bjak\u00fdch 7% a nikdo n\u00e1s zat\u00edm k jedn\u00e1n\u00ed nep\u0159izval.<\/p>\n<p><strong>No, ale budete jist\u011b partne\u0159i p\u0159i hlasov\u00e1n\u00ed, \u017ee. Nebudete tam zbyte\u010dn\u011b, p\u0159edpokl\u00e1d\u00e1m, jako n\u011bjak budete cht\u00edt hlasovat, jednat. Tak pane expremi\u00e9re, vid\u00edte, \u017e\u00e1dn\u00e9, \u017ee to je \u0161patn\u00fd cel\u00fd tady.<\/strong><\/p>\n<p>Vladim\u00edr \u0160PIDLA,<br \/>\nPod\u00edvejte se, pokud je to formulov\u00e1no takto obecn\u011b, tak to m\u016f\u017ee trvat velmi dlouho. Prost\u011b sou\u010dasn\u00e1 ekonomick\u00e1 v\u00fdkonnost umo\u017e\u0148uje zvy\u0161ov\u00e1n\u00ed d\u016fchod\u016f, tak jak to pl\u00e1nujeme. To prost\u011b umo\u017e\u0148uje. To nen\u00ed pravda. Nen\u00ed t\u0159eba \u010dekat na n\u011bjak\u00fd z\u00e1zrak a\u017e za \u0161est let nebo za t\u0159i roky nebo za dva roky to dob\u0159e nasko\u010d\u00ed. To je prvn\u00ed v\u011bc. Zadruh\u00e9 ta naivn\u00ed vazba na v\u00fd\u0161i dan\u00ed a trh pr\u00e1ce, ta je prost\u011b naivn\u00ed. Minul\u00e9 vl\u00e1dy sni\u017eovaly velmi usilovn\u011b a v\u00fdsledek je, \u017ee nezam\u011bstnanost rostla. Kdy\u017e se pod\u00edv\u00e1te na ty st\u00e1ty, kter\u00e9 jsou nej\u00fasp\u011b\u0161n\u011bj\u0161\u00ed, kter\u00e9 maj\u00ed nejvy\u0161\u0161\u00ed m\u00edru zam\u011bstnanosti, tak rozhodn\u011b nemaj\u00ed nejni\u017e\u0161\u00ed dan\u011b.<\/p>\n<p><strong>Ano. Ale oni zvy\u0161ovali to DPH. Tak pane p\u0159edsedo Okamuro, jste naivn\u00ed, sly\u0161el jste to.<\/strong><\/p>\n<p>Tomio OKAMURA,<br \/>\nTak j\u00e1 si mysl\u00edm, \u017ee tady ka\u017ed\u00fd mluv\u00edme tro\u0161ku o n\u011b\u010dem jin\u00e9m. Spole\u010dn\u00fd c\u00edl je, a to je c\u00edl \u00dasvitu p\u0159\u00edm\u00e9 demokracie, zv\u00fd\u0161it d\u016fchody. A j\u00e1 k tomu p\u0159id\u00e1m tedy je\u0161t\u011b dal\u0161\u00ed. Je pravda, \u017ee ty \u00faspory m\u016f\u017eeme naj\u00edt i te\u010f, ale u toho u\u017e ty minul\u00e9 vl\u00e1dy byly. Nap\u0159\u00edklad j\u00e1 jsem se bavil s ekonomy a potvrdili n\u00e1m program \u00dasvitu p\u0159\u00edm\u00e9 demokracie, \u017ee kdybychom poprv\u00e9 v historii \u010cesk\u00e9 republiky ud\u011blali forenzn\u00ed audit st\u00e1tn\u00edho rozpo\u010dtu, tak hned u\u0161et\u0159\u00edme n\u011bkolik miliard. D\u00e1le kdyby se tady nep\u0159edra\u017eovaly ve\u0159ejn\u00e9 zak\u00e1zky a nerozkr\u00e1daly pen\u00edze, tak i profesor \u0160vejnar zanalyzoval, \u017ee bysme m\u011bli 60 a\u017e sto miliard ve st\u00e1tn\u00edm rozpo\u010dtu nav\u00edc. To znamen\u00e1, na ty d\u016fchody je, ale pro\u010d tady dosavadn\u00ed vl\u00e1dy nechaly ten rozpo\u010det a nech\u00e1vaj\u00ed ho rozkr\u00e1dat n\u011bjak\u00fdm kmotr\u016fm a zlod\u011bj\u016fm a pak nen\u00ed na d\u016fchody, to opravdu nen\u00ed dotaz na m\u011b, proto\u017ee \u00dasvit p\u0159\u00edm\u00e9 demokracie je v parlamentu \u010dtrn\u00e1ct dn\u00ed a my to chceme zm\u011bnit.<\/p>\n<p><strong>Ale pane p\u0159edsedo, vy jste si tu ot\u00e1zku polo\u017eil s\u00e1m. J\u00e1 se v\u00e1s neptala, pro\u010d to je, j\u00e1 se pt\u00e1m na to, co zaj\u00edm\u00e1 sou\u010dasn\u00e9 d\u016fchodce, kdy bude to zv\u00fd\u0161en\u00ed, v\u00edte? Ano, u\u017e jste \u0159ekl. Nechme reagovat.<\/strong><\/p>\n<p>V\u00edt JEDLI\u010cKA,<br \/>\nJ\u00e1 bych nejd\u0159\u00edv k panu \u0160pidlovi. Podle m\u011b je z\u00e1sadn\u00ed si \u0159\u00edct, \u017ee minul\u00e1 vl\u00e1da zavedla nebo zvedla 26 dan\u00ed, tak\u017ee je slo\u017eit\u00e9 nebo velmi nepravdiv\u00e9 \u0159\u00edci, \u017ee sni\u017eovala dan\u011b. Prost\u011b to pravda nen\u00ed. Zvy\u0161ovala dan\u011b, kde mohla, chovala se velmi socialisticky z m\u00e9ho pohledu. Tak\u017ee to nen\u00ed pravda. Pane Okamura, k va\u0161emu programu, v\u00e1\u0161 program m\u00e1 zhruba p\u011bt \u0161est str\u00e1nek. Velk\u00e1 \u010d\u00e1st z toho je opsan\u00e1 od \u010cSSD. Tak\u017ee va\u0161e schopnost n\u011bjak\u00fdm zp\u016fsobem m\u00edt n\u011bjakou ekonomickou vizi, kdy\u017e jste si neud\u011blal ani z\u00e1kladn\u00ed kalkulace. Vy se chyst\u00e1te t\u00edm z\u00e1sahem do st\u00e1tn\u00edho rozpo\u010dtu ho p\u0159ipravit o n\u011bjak\u00fdch sto miliard korun, to samoz\u0159ejm\u011b nebudete schopen vyrovnat v dal\u0161\u00edm roce, to nem\u00e1te v\u016fbec propo\u010d\u00edtan\u00e9, nikdy jste se s t\u00edm nezab\u00fdval. V\u016fbec vlastn\u011b neakcentujete, kde byste ty pen\u00edze vzal, tak\u017ee si mysl\u00edm, \u017ee ten v\u00e1\u0161 p\u0159\u00edstup k tomu je velmi nezodpov\u011bdn\u00fd.<\/p>\n<p>Tomio OKAMURA,<br \/>\nTak j\u00e1 bych r\u00e1d \u0159ekl, \u017ee pana Jedli\u010dku vid\u00edm poprv\u00e9 v \u017eivot\u011b, tak\u017ee m\u011b udivuj\u00ed znalosti o na\u0161ich propo\u010dtech. Tak\u017ee vy jste n\u011bjak\u00fd v\u011b\u0161tec. Tak\u017ee j\u00e1 bych to tro\u0161ku up\u0159esnil. N\u00e1\u0161 program, kdybyste si p\u0159e\u010detl moji knihu, nap\u0159\u00edklad Um\u011bn\u00ed vl\u00e1dnout, tak m\u00e1 p\u0159es sto stran. Bohu\u017eel jste si ji nep\u0159e\u010detl, tak\u017ee si ji pros\u00edm p\u0159e\u010dt\u011bte. Naopak jsme jedna z m\u00e1la stran, kter\u00e1 sepsala programy kni\u017en\u011b. Dokonce jsme n\u00e1\u0161 ekonomick\u00fd program vydali letos i v knize Um\u011bn\u00ed p\u0159\u00edm\u00e9 demokracie. D\u00e1m v\u00e1m ji zadarmo, kdy\u017e mi d\u00e1te adresu, m\u00e1 op\u011bt p\u0159es sto stran. Tak\u017ee se nejd\u0159\u00edv pou\u010dte, pros\u00edm, a p\u0159e\u010dt\u011bte si materi\u00e1ly, ne\u017e za\u010dnete n\u011bkoho napadat. A \u017ee spoluautorem na\u0161eho ekonomick\u00e9ho programu a to, co jsem v\u00e1m \u0159\u00edkal, je nap\u0159\u00edklad ekonom Pavel Kohout, toho zn\u00e1m ji\u017e dlouh\u00e1 l\u00e9ta, \u017ee je renomovan\u00fd a p\u00ed\u0161e kn\u00ed\u017eky. V\u00e1s vid\u00edm poprv\u00e9. To znamen\u00e1, j\u00e1 bych jenom r\u00e1d uvedl ty v\u011bci do souvislost\u00ed. Ne\u017e za\u010dnete n\u011bkoho napadat, tak si pros\u00edm nejd\u0159\u00edv zjist\u011bte, jak se to m\u00e1 a m\u016f\u017eeme potom diskutovat o tom, jestli renomovan\u00ed ekonomov\u00e9 maj\u00ed jin\u00e9 n\u00e1zory ne\u017e vy a jestli jsou spr\u00e1vn\u00e9 nebo ne. Ale nechme toho napad\u00e1n\u00ed.<\/p>\n<p>V\u00edt JEDLI\u010cKA,<br \/>\nJ\u00e1 bych se r\u00e1d zm\u00ednil, \u017ee pan Pavel Kohout se od v\u00e1s distancoval, od va\u0161\u00ed strany a naopak podpo\u0159il Stranu svobodn\u00fdch ob\u010dan\u016f, co\u017e je d\u016fle\u017eit\u00e9 \u0159\u00edct.<\/p>\n<p><strong>Ne, pros\u00edm v\u00e1s, ale j\u00e1 v\u00e1m \u0159eknu jednu v\u011bc. Mn\u011b se nel\u00edb\u00ed, pro\u010d tady \u0159\u00edk\u00e1te, \u017ee pana Jedli\u010dku vid\u00edte poprv\u00e9 a t\u00edm jako \u017ee je n\u011bjak\u00fd m\u00e9n\u011bcenn\u00fd.<\/strong><\/p>\n<p>Tomio OKAMURA,<br \/>\nNe, to ne\u0159\u00edk\u00e1m.<br \/>\n<strong> Nezlobte se, jako mysl\u00edte si, \u017ee kdy\u017e n\u011bkoho vid\u00edte poprv\u00e9 jako, \u017ee my v\u0161ichni na v\u00e1s mus\u00edme koukat v televizi, tak \u017ee jste jako toto nebo co?<\/strong><\/p>\n<p>Tomio OKAMURA,<br \/>\nNe, tak to ne. Tak to bylo my\u0161leno jinak, proto\u017ee pan Jedli\u010dka \u0159\u00edkal, \u017ee zn\u00e1 na\u0161e propo\u010dty, ale j\u00e1 ho vid\u00edm poprv\u00e9, tak\u017ee na\u0161e propo\u010dty nem\u016f\u017ee zn\u00e1t, proto\u017ee je nevid\u011bl. My ty propo\u010dty m\u00e1me.<\/p>\n<p>V\u00edt JEDLI\u010cKA,<br \/>\nProto\u017ee m\u011b vid\u00edte poprv\u00e9&#8230;<\/p>\n<p>Tomio OKAMURA,<br \/>\nA pros\u00edm v\u00e1s, tak j\u00e1 bych se r\u00e1d bavil o t\u011bch d\u016fchodech a nesk\u00e1kejte mi pros\u00edm do \u0159e\u010di, ve\u010fme opravdu slu\u0161nou diskusi. Tak\u017ee j\u00e1 bych se jenom vyj\u00e1d\u0159il k Pavlu Kohoutovi. Zaj\u00edmav\u00e9 je, \u017ee Pavel Kohout naposled p\u0159ed n\u011bkolika dny s n\u00e1mi sed\u011bl dv\u011b hodiny a pom\u00e1hal n\u00e1m s ekonomick\u00fdm programem. To znamen\u00e1, ono to nen\u00ed tak, jak p\u00ed\u0161ou m\u00e9dia. Bohu\u017eel v\u011b\u0159\u00edte m\u00e9di\u00edm, ale v\u00edte, \u017ee ono v tom re\u00e1ln\u00e9m sv\u011bt\u011b je to tro\u0161ku jinak ne\u017e ty m\u00e9dia, ale to t\u0159eba n\u011bkdy zjist\u00edte.<\/p>\n<p>V\u00edt JEDLI\u010cKA,<br \/>\nKa\u017edop\u00e1dn\u011b va\u0161i stranu nepodpo\u0159il. Podpo\u0159il Stranu svobodn\u00fdch ob\u010dan\u016f pr\u00e1v\u011b proto, \u017ee ten program m\u00e1 detailn\u011b propracovan\u00fd a d\u016fchodovou reformu m\u00e1 zpracovanou&#8230;<\/p>\n<p>Tomio OKAMURA,<br \/>\nPavel Kohout je spoluautor na\u0161eho ekonomick\u00e9ho programu, tak\u017ee te\u010fka nev\u00edm, o \u010dem mluv\u00edte.<\/p>\n<p>V\u00edt JEDLI\u010cKA,<br \/>\nAle nepodpo\u0159il va\u0161i stranu. To je jasn\u00e9. To v\u00edte&#8230;<\/p>\n<p><strong>Pros\u00edm v\u00e1s p\u011bkn\u011b, hlavn\u011b pan Kohout tady nen\u00ed v\u011b\u0159\u00edte, \u017ee se zv\u00fd\u0161\u00ed ty d\u016fchody, pane Jedli\u010dko?<\/strong><\/p>\n<p>V\u00edt JEDLI\u010cKA,<br \/>\nJ\u00e1 si mysl\u00edm, \u017ee to je dosti nere\u00e1ln\u00e9, \u017ee ta situace \u010desk\u00e9ho st\u00e1tu je p\u0159edev\u0161\u00edm kv\u016fli t\u011bm \u010dty\u0159iceti let\u016fm socialismu a kv\u016fli tomu, \u017ee tady m\u00e1me stagnaci te\u010fka n\u011bkolikaletou ekonomickou dost nere\u00e1ln\u00e9, \u017ee ten st\u00e1t, kdy\u017e ty d\u016fchody zv\u00fd\u0161\u00ed, tak to bude na \u00fakor dluhu, dal\u0161\u00edho dluhu, kter\u00fd si nem\u016f\u017eeme dovolit. Ten deficit je v sou\u010dasn\u00e9 dob\u011b n\u011bjak\u00fdch 50 miliard korun. Tak\u017ee zvy\u0161ovat m\u016f\u017ee d\u016fchody, ale v\u017edycky to bude a \u00fakor dluhu a pokava\u010f budou tam socialist\u00e9, kte\u0159\u00ed nemaj\u00ed pl\u00e1n, kde ty pen\u00edze naopak seberou tomu st\u00e1tu, tak nem\u00e1me \u017e\u00e1dnou \u0161anci se z toho vymotat.<\/p>\n<p>Jan \u010cI\u017dINSK\u00dd,<br \/>\nJ\u00e1 bych cht\u011bl \u0159\u00edct, \u017ee mluv\u00edme o valorizaci, nemluv\u00edme o zvy\u0161ov\u00e1n\u00ed. Valorizace znamen\u00e1, \u017ee d\u016fchodci z\u016fstanou na tom, na \u010dem jsou. A mysl\u00edm si, \u017ee by nebylo&#8230;<\/p>\n<p><strong>Ale re\u00e1ln\u011b, ch\u00e1pete. Vy jste st\u0159edo\u0161kolsk\u00fd u\u010ditel, pochopte, my v\u0161ichni nem\u00e1me takov\u00e9 znalosti, tak\u017ee my jako valorizaci ch\u00e1peme, \u017ee se n\u00e1m zv\u00fd\u0161\u00ed a re\u00e1ln\u011b si opravdu koup\u00edme aspo\u0148 stejn\u00e9 mno\u017estv\u00ed, ch\u00e1pete.<\/strong><\/p>\n<p>Jan \u010cI\u017dINSK\u00dd,<br \/>\nNe, koup\u00ed si stejn\u011b. Ale j\u00e1 bych cht\u011bl \u0159\u00edct, \u017ee v\u016f\u010di t\u00e9 generaci, kter\u00e1 te\u010fka pob\u00edr\u00e1 d\u016fchody, je to spravedliv\u00e9, proto\u017ee oni splnili v\u0161echno, co m\u011bli. Je spravedliv\u00e9 valorizovat, proto\u017ee oni zaplatili d\u016fchody sv\u00fdm rodi\u010d\u016fm a vychovali dost d\u011bt\u00ed, kter\u00e9 na n\u011b te\u010fka ty d\u016fchody plat\u00ed. A souhlas\u00edm s t\u00edm, \u017ee probl\u00e9m je, \u017ee nen\u00ed dost d\u011bt\u00ed a m\u011b by zaj\u00edmalo, jak\u00fdm zp\u016fsobem zohledn\u00edte pr\u00e1v\u011b ten p\u0159\u00ednos v\u00fdchovy d\u011bt\u00ed v d\u016fchodov\u00e9m syst\u00e9mu.<\/p>\n<p>Tomio OKAMURA,<br \/>\nTak jestli m\u016f\u017eu tedy reagovat.<\/p>\n<p><strong>Ale ono to mo\u017en\u00e1 bylo na pana expremi\u00e9ra nebo kdo v\u00e1s zaj\u00edm\u00e1?<\/strong><\/p>\n<p>Jan \u010cI\u017dINSK\u00dd,<br \/>\nM\u016f\u017ee kdokoliv, ale pan expremi\u00e9r samoz\u0159ejm\u011b m\u00e1 samoz\u0159ejm\u011b k vl\u00e1d\u011b mnohem bl\u00ed\u017ee, tak\u017ee tam je to zaj\u00edmav\u00e9.<\/p>\n<p>Vladim\u00edr \u0160PIDLA,<br \/>\nNo tak t\u011bch mo\u017enost\u00ed je cel\u00e1 \u0159ada. Ta asi \u00fapln\u011b nejd\u016fsledn\u011bj\u0161\u00ed nebo respektive jsou dv\u011b linie, prvn\u00ed a nejd\u016fsledn\u011bj\u0161\u00ed je uznat jako v d\u016fchodov\u00e9m syst\u00e9mu takzvan\u00e9 n\u00e1hradn\u00ed doby, to znamen\u00e1, kdy\u017e lid\u00e9 vychov\u00e1vaj\u00ed d\u011bti, tak jim to uznat jako pln\u00fd d\u016fchodov\u00fd n\u00e1rok, placen\u00fd v podstat\u011b pr\u016fm\u011brnou mzdou, \u010dili odpov\u00eddaj\u00edc\u00edm odvodem do d\u016fchodov\u00e9ho syst\u00e9mu, proto\u017ee v sou\u010dasn\u00e9 dob\u011b maj\u00ed \u017eeny zhruba o dva tis\u00edce korun ni\u017e\u0161\u00ed d\u016fchody a to je pr\u00e1v\u011b d\u016fsledek toho, \u017ee se ve v\u011bt\u0161\u00ed m\u00ed\u0159e staraj\u00ed o d\u011bti. A to se d\u00e1 odstranit t\u00edmto zp\u016fsobem. To je jedna z technik. Daj\u00ed se samoz\u0159ejm\u011b naj\u00edt i dal\u0161\u00ed, ale tahle je nejjednodu\u0161\u0161\u00ed a d\u00e1 se to prov\u00e9st.<\/p>\n<p>Jan \u010cI\u017dINSK\u00dd,<br \/>\nTam je toti\u017e probl\u00e9m v tom, \u017ee vzhledem k tomu, \u017ee se d\u016fchodov\u00fd syst\u00e9m te\u010fka m\u011bn\u00ed v re\u00e1ln\u00e9m \u010dase, je n\u011bkolik zm\u011bn, tak kdy\u017e sl\u00edb\u00edte lidem, \u017ee za dvacet, za t\u0159icet, za \u010dty\u0159icet let to bude n\u011bjak zohledn\u011bno, tak ti lid\u00e9 samoz\u0159ejm\u011b tomu nebudou v\u011b\u0159it, proto\u017ee nebudou v\u011b\u0159it tomu, \u017ee se to nezm\u011bn\u00ed.<\/p>\n<p>Vladim\u00edr \u0160PIDLA,<br \/>\nNe, tam je, pod\u00edvejte se, to je jedna v\u011bc a druh\u00e1 velmi d\u016fle\u017eit\u00e1 je, \u017ee to mus\u00edte zohlednit v sou\u010dasn\u00fdch d\u00e1vk\u00e1ch zam\u011b\u0159en\u00fdch pro rodiny s d\u011btmi. Proto\u017ee ty p\u0159ich\u00e1zej\u00ed okam\u017eit\u011b. A m\u016f\u017eete jednak poskytnou d\u00e1vky, soci\u00e1ln\u00ed demokracie to v programu m\u00e1. A zadruh\u00e9 m\u016f\u017eete poskytnout n\u011bco, co bych nazval renta v \u00fakonech, to znamen\u00e1 poskytnout slu\u017eby, \u0161kolky a podobn\u00e9 v\u011bci. A to se d\u00e1 ud\u011blat rychle a okam\u017eit\u011b.<\/p>\n<p>Irena KU\u010cEROV\u00c1 &#8211; VALACHOV\u00c1, :<br \/>\nDobr\u00fd ve\u010der, d\u00e1my a p\u00e1nov\u00e9. Jmenuji se Irena Ku\u010derov\u00e1 &#8211; Valachov\u00e1. A cht\u011bla bych reagovat hlavn\u011b na tu valorizaci. P\u0159ijde mi to v\u00edcem\u00e9n\u011b jako v\u00fdsm\u011bch. Jestlipak n\u011bkdo spo\u010d\u00edtal n\u00e1klady, kter\u00e9 vzniknou, ne\u017e teda k valorizaci dojde, to znamen\u00e1, j\u00e1 nev\u00edm, pap\u00edr, \u010das lid\u00ed, kte\u0159\u00ed se s t\u00edm budou zab\u00fdvat, m\u011b to prost\u011b nejde do hlavy. A r\u00e1da bych se zeptala, pane \u0160pidlo, za toho socialismu, jak tady mluvil v\u00e1\u0161 pan kolega, se p\u0159eci ukl\u00e1dalo do penzijn\u00edho fondu. Z toho se p\u016fj\u010dovalo. N\u011bkolik vl\u00e1d p\u0159ed touto posledn\u00ed vl\u00e1dou si p\u016fj\u010dovalo s t\u00edm, \u017ee to vr\u00e1t\u00ed. V tom fondu nen\u00ed u\u017e v\u016fbec nic. Kde jsou ty pen\u00edze? Kdo to vr\u00e1t\u00ed? V\u0161ichni se vymlouvali, kdy\u017e n\u011bkdo se n\u011bkoho ptal, v\u0161ichni se vymlouvali, to my ne, to ty p\u0159ed n\u00e1mi, ty p\u0159ed n\u00e1mi, ty p\u0159ed n\u00e1mi, ale kdo to bude vracet? A v\u0161ichni, v\u0161ichni z vysok\u00e9 politiky se na n\u00e1s na d\u016fchodce d\u00edvaj\u00ed ze sv\u00e9ho pohledu. Nezlobte se na m\u011b, ale j\u00e1 t\u0159eba spad\u00e1m do t\u00e9 skupiny, kde tedy mi byl vym\u011b\u0159en za 42 let poctiv\u00e9 pr\u00e1ce, kdy jsem n\u011bkdy m\u011bla i dv\u011b zam\u011bstn\u00e1n\u00ed, m\u011b byl vym\u011b\u0159en d\u016fchod necel\u00fdch deset tis\u00edc. Te\u010f po n\u011bkolika valorizac\u00edch jsem se dostala teda lehce nad deset. Ale kdy\u017e zaplat\u00edm n\u00e1jem, dojdu si do l\u00e9k\u00e1rny pro l\u00e9ky, proto\u017ee kolem t\u00e9 \u0161edes\u00e1tky a nad u\u017e jsou neduhy v\u0161elijak\u00e9, co z toho d\u016fchodu zbyde?<\/p>\n<p>Vladim\u00edr \u0160PIDLA,<br \/>\nTak k t\u00e9 prvn\u00ed ot\u00e1zce. Bohu\u017eel \u017e\u00e1dn\u00fd d\u016fchodov\u00fd fond od roku 1953 neexistoval.<\/p>\n<p>Irena KU\u010cEROV\u00c1 &#8211; VALACHOV\u00c1, :<br \/>\nV\u017edy\u0165 to nen\u00ed pravda.<\/p>\n<p>Vladim\u00edr \u0160PIDLA,<br \/>\nBohu\u017eel je to pravda. V roce 1953 komunist\u00e9 zn\u00e1rodnili d\u016fchodov\u00e9 fondy, vyu\u017eili je pro financov\u00e1n\u00ed asi dvou p\u011btiletek. V roce zhruba 1968 pen\u00edze do\u0161ly a nastala velk\u00e1 krize. Ten syst\u00e9m \u010cesk\u00e9 republiky je ud\u011bl\u00e1n jako syst\u00e9m pr\u016fb\u011b\u017en\u00fd, to jest, jeho charakteristikou je, \u017ee \u017e\u00e1dn\u00e9 rezervy nevytv\u00e1\u0159\u00ed. Ur\u010dit\u00e9 mal\u00e9 rezervy vytv\u00e1\u0159el v dob\u011b soci\u00e1ln\u011bdemokratick\u00fdch vl\u00e1d, proto\u017ee jsme vytvo\u0159ili samostatn\u00fd \u00fa\u010det, na kter\u00fd se ukl\u00e1daly p\u0159ebytky a mohly b\u00fdt pou\u017eity pouze pro valorizaci d\u016fchod\u016f a ty tak\u00e9 bohu\u017eel minul\u00fdmi vl\u00e1dami pro valorizace pou\u017eity byly, co\u017e je sice dob\u0159e, ale vl\u00e1dy podtrhly p\u0159\u00edjmy d\u016fchodov\u00e9ho syst\u00e9mu a t\u00edm vytvo\u0159ily um\u011ble technick\u00fd deficit. Prost\u011b d\u016fchodov\u00e9 fondy od roku 1953 v \u010cesk\u00e9 republice neexistovaly. Bohu\u017eel.<\/p>\n<p>Zden\u011bk PERNES,<br \/>\nJ\u00e1 bych jenom k panu kolegovi ohledn\u011b re\u00e1lnosti t\u00e9 plnohodnotn\u00e9 valorizace. Tak\u017ee plnohodnotn\u00e1 valorizace penz\u00ed v \u010cesk\u00e9 republice d\u011bl\u00e1 asi kolem 22 miliard korun. A 22 miliard korun z bilionov\u00e9ho a 200miliardov\u00e9ho rozpo\u010dtu je naprost\u00fd zlomek. \u010cili plnohodnotn\u00e1 valorizace je naprosto re\u00e1ln\u00e1 samoz\u0159ejm\u011b. A pokud se t\u00fdk\u00e1, \u017ee tam je deficit t\u0159eba za lo\u0148sk\u00fd rok 49 miliard, tak ten je jednak d\u016fsledkem t\u00e9 vysok\u00e9 nezam\u011bstnanosti a toho n\u00edzk\u00e9ho ekonomick\u00e9ho v\u00fdkonu, za kter\u00fd samoz\u0159ejm\u011b sou\u010dasn\u00ed d\u016fchodci nemohou, ale mohou za to na\u0161i politici, kte\u0159\u00ed takhle \u010deskou zem vedou. A zadruh\u00fd je to i d\u016fsledek mal\u00e9 penzijn\u00ed reformy, takzvan\u00e9 mal\u00e9 penzijn\u00ed reformy, kde byly zastropov\u00e1ny p\u0159\u00edjmy na \u010dty\u0159n\u00e1sobku pr\u016fm\u011brn\u00e9 mzdy. A tam ten deficit jenom tady s d\u016fsledkem tady tohoto opat\u0159en\u00ed je kolem 16 miliard korun. \u010cili \u0159e\u0161it to ur\u010dit\u011b jde.<\/p>\n<p>Zden\u011bk DOBI\u00c1S,<br \/>\nJ\u00e1 jsem p\u0159esv\u011bd\u010den\u00fd, i kdy\u017e nem\u00e1m d\u016fkaz, \u017ee opravdu si st\u00e1t p\u016fj\u010doval z penzijn\u00edho bal\u00edku pen\u011bz a mysl\u00edm si, \u017ee ten za\u010d\u00e1tek toho, \u017ee je to vlastn\u011b tak zast\u0159en\u00e9, spo\u010d\u00edv\u00e1 v tom, \u017ee se neodd\u011blil ten d\u016fchodov\u00fd syst\u00e9m od st\u00e1tn\u00edho rozpo\u010dtu. On opravdu m\u011bl b\u00fdt zcela transparentn\u00ed, ty pen\u00edze m\u011bly b\u00fdt kapitalizov\u00e1ny. Aby vyd\u011bl\u00e1valy dal\u0161\u00ed pen\u00edze. Tam vid\u00edm ten za\u010d\u00e1tek.<\/p>\n<p>Vladim\u00edr \u0160PIDLA,<br \/>\nSt\u00e1t si nep\u016fj\u010doval tak, \u017ee by bral pen\u00edze z n\u011bjak\u00e9ho p\u0159edchoz\u00ed fondu, st\u00e1t si v dob\u011b ODS a za ministra Ko\u010d\u00e1rn\u00edka p\u016fj\u010doval tak, \u017ee sn\u00ed\u017eil odvody na d\u016fchodov\u00fd syst\u00e9m a ty uvoln\u011bn\u00e9 pen\u00edze pak p\u0159iv\u00e1d\u011bl voln\u011b do st\u00e1tn\u00edho rozpo\u010dtu. Mimochodem byl jsem to j\u00e1, kdo p\u0159edkl\u00e1dal n\u00e1vrh na odd\u011blen\u00ed d\u016fchodov\u00e9ho syst\u00e9mu od st\u00e1tn\u00edho rozpo\u010dtu. Ale proto\u017ee jsme tehdy byli v men\u0161inov\u00e9 vl\u00e1d\u011b, tak se to nepoda\u0159ilo prosadit. Bylo to asi, j\u00e1 nev\u00edm, asi o deset hlas\u016f.<\/p>\n<p>Tomio OKAMURA<br \/>\nTak j\u00e1 jsem r\u00e1d, \u017ee tady pan Pernes potvrdil to, co jsem \u0159\u00edkal v \u00favodu, \u017ee d\u016fvodem je ten n\u00edzk\u00fd ekonomick\u00fd v\u00fdkon a je to nezam\u011bstnanost. A padlo to tady i v dal\u0161\u00edch diskus\u00edch, to, co \u0159\u00edk\u00e1me my, \u017ee mus\u00edme d\u011blat tu propopula\u010dn\u00ed politiku, abychom m\u011bli v\u00edce d\u011bt\u00ed. N\u00e1vrh \u00dasvitu p\u0159\u00edm\u00e9 demokracie k tomu, co u\u017e jsem \u0159\u00edkal v \u00favodu, k t\u011bm na\u0161im konkr\u00e9tn\u00edm n\u00e1vrh\u016fm, proto\u017ee tady jinak&#8230;asi v\u0161echny zaj\u00edm\u00e1, kde na to tedy vezmeme. Tak\u017ee j\u00e1 bych cht\u011bl \u0159\u00edct ty konkr\u00e9tn\u00ed \u0159e\u0161en\u00ed.<\/p>\n<p><strong>Ale to u\u017e jste \u0159ekl.<\/strong><\/p>\n<p>Tomio OKAMURA,<br \/>\nNe. J\u00e1 bych k tomu p\u0159idal je\u0161t\u011b dal\u0161\u00ed \u0159e\u0161en\u00ed. My navrhujeme skute\u010dn\u011b ud\u011blat odd\u011blen\u00fd pr\u016fb\u011b\u017en\u011b financovan\u00fd d\u016fchodov\u00fd \u00fa\u010det. To tady v \u010cesk\u00e9 republice nem\u00e1me. A p\u0159ev\u00e1d\u011bt do n\u011bj tak\u00e9 ze z\u00e1kona zisky ze st\u00e1tn\u00edch firem. Proto\u017ee si vemme, to tady dostate\u010dn\u011b \u0159e\u0161eno, t\u0159eba nap\u0159\u00edklad \u010cEZ m\u011bl vloni zisk 4,2 miliardy, Lesy \u010cesk\u00e9 republiky 4,4 miliardy a tyto zisky ze st\u00e1tn\u00edch firem, m\u00edsto aby se kupovaly n\u011bjak\u00e9 elektr\u00e1rny v Alb\u00e1nii a v Bulharsku, bychom r\u00e1di pou\u017eili pr\u00e1v\u011b na financov\u00e1n\u00ed d\u016fchodov\u00e9ho \u00fa\u010dtu. A pr\u016fb\u011b\u017en\u00e9, aby to bylo br\u00e1n\u011bno proti inflaci.<\/p>\n<p>Irena KU\u010cEROV\u00c1 &#8211; VALACHOV\u00c1, :<br \/>\nJ\u00e1 bych je\u0161t\u011b cht\u011bla dodat, pane \u0160pidlo, \u017ee s v\u00e1mi teda nesouhlas\u00edm. Proto\u017ee ten d\u016fchodov\u00fd fond existoval do roku 93. Existoval. No a dal\u0161\u00ed v\u011bc, kter\u00e1 m\u011b teda le\u017e\u00ed na srdci, je\u0161t\u011b k t\u00e9 valorizaci 45korunov\u00e9 procentu\u00e1ln\u00ed, ne plo\u0161n\u00e9. Mn\u011b nejde do hlavy, kdy\u017e n\u011bkte\u0159\u00ed, j\u00e1 nev\u00edm, vysoc\u00ed \u010dinitel\u00e9 dost\u00e1vaj\u00ed pen\u00edze na odchodnou, viz sen\u00e1to\u0159i, n\u011bkte\u0159\u00ed velc\u00ed mana\u017ee\u0159i velk\u00fdch firem, v\u00edme asi, koho m\u00e1m na mysli, dost\u00e1vaj\u00ed takzvan\u00e9 zlat\u00e9 pad\u00e1ky na odchodnou, i kdy\u017e se ve sv\u00e9 funkci jemn\u011b \u0159e\u010deno neosv\u011bd\u010dili, kde jsou ty pen\u00edze?<\/p>\n<p>Tomio OKAMURA,<br \/>\nTo m\u00e1te \u00faplnou pravdu, jestli se m\u016f\u017eu vyj\u00e1d\u0159it. V\u017edy\u0165 to je \u00fapln\u011b \u0161\u00edlen\u00fd, co tady ty p\u0159ede\u0161l\u00fd vl\u00e1dy odsouhlasily. A\u0165 zleva nebo zprava. \u017de t\u0159eba Martin Roman z \u010cEZu m\u00e1 skoro 800 milion\u016f odm\u011bnu, kdy\u017e z t\u00fd miliardy jsme mohli financovat mnoho d\u016fchodc\u016f. B\u00fdt u toho \u00dasvit p\u0159\u00edm\u00e9 demokracie, tak nejenom, \u017ee jim to ned\u00e1, ale je\u0161t\u011b ti, co jim to odsouhlasili, tak je po\u017eeneme k hmotn\u00e9 a trestn\u00ed odpov\u011bdnosti. V\u017edy\u0165 tady se leg\u00e1ln\u011b rozkr\u00e1daj\u00ed ve\u0159ejn\u00e9 pen\u00edze, kter\u00e9 maj\u00ed b\u00fdt pou\u017eity pr\u00e1v\u011b t\u0159eba pro seniory. To m\u00e1te \u00faplnou pravdu. J\u00e1 s v\u00e1mi souhlas\u00edm. Ta situace je \u00fapln\u011b d\u011bsiv\u00e1 a tady se ty pen\u00edze dokonce rozkr\u00e1daj\u00ed je\u0161t\u011b leg\u00e1ln\u011b.<\/p>\n<p>V\u00edt JEDLI\u010cKA,<br \/>\nTo s t\u011bmi dividendami jste opsal zase z programu Strany svobodn\u00fdch ob\u010dan\u016f. Ta u\u017e to tam m\u00e1 n\u011bkolik let. Ale k v\u00e1m bych cht\u011bl \u0159\u00edct, j\u00e1 bych, samoz\u0159ejm\u011b si mysl\u00edm, \u017ee to je v\u00fdsm\u011bch, valorizace o 44 korun je prost\u011b v\u00fdsm\u011bch \u010desk\u00fdm d\u016fchodc\u016fm, zaslou\u017eili by si podstatn\u011b v\u00edc. Cel\u00fd \u017eivot pravideln\u011b ukl\u00e1dali pen\u00edze a te\u010f na nich st\u00e1t \u0161et\u0159\u00ed, ale j\u00e1 \u0159\u00edk\u00e1m, nen\u00ed to mo\u017en\u00e9, proto\u017ee budeme m\u00edt u vl\u00e1dy politiky, kte\u0159\u00ed poslali 800 miliard na sol\u00e1rn\u00ed panely, poslali 350 miliard do Bruselu. My tady v\u0161ichni budeme o such\u00e9m chlebu, nato\u017e abysme mohli platit d\u016fchodce. My tady m\u00e1me politickou t\u0159\u00eddu, kter\u00e1 na\u0161i zemi ruinuje, tak\u017ee poj\u010fme se nejd\u0159\u00edv zam\u011b\u0159it na to, abysme nedotovali krachuj\u00edc\u00ed \u0158ecko, abysme nepodporovali v\u00fdrobce biopaliv, abysme nepodporovali v\u00fdrobce sol\u00e1rn\u00edch panel\u016f, jako to d\u011bl\u00e1 t\u0159eba \u010cSSD.<\/p>\n<p><strong>Dob\u0159e, ale bych pros\u00edm v\u00e1s, abychom uzav\u0159eli to t\u00e9ma valorizace, ano? P\u00e1nov\u00e9, velmi jednoduch\u00e1 ot\u00e1zka. Ministerstvo pr\u00e1ce a soci\u00e1ln\u00edch v\u011bc\u00ed,chce p\u0159edlo\u017eit sn\u011bmovn\u011b n\u00e1vrh, aby v polovin\u011b roku byla mimo\u0159\u00e1dn\u00e1 vy\u0161\u0161\u00ed valorizace. Budete pro?\u00a0<\/strong><\/p>\n<p>Tomio OKAMURA,<br \/>\nNo, my jsme jednozna\u010dn\u011b pro zv\u00fd\u0161en\u00ed d\u016fchod\u016f. Samoz\u0159ejm\u011b.<\/p>\n<p>Vladim\u00edr \u0160PIDLA,<br \/>\nJaksi obecn\u011b ano. Z\u00e1le\u017e\u00ed na tom, co vl\u00e1da p\u0159edlo\u017e\u00ed. Ale samoz\u0159ejm\u011b situace d\u016fchodc\u016f je neudr\u017eiteln\u00e1. Mimochodem minim\u00e1ln\u011b sto a\u017e 150 tis\u00edc jich je skute\u010dn\u011b pod hranic\u00ed chudoby, re\u00e1ln\u00e9 chudoby velmi t\u011b\u017ek\u00e9, tak\u017ee nelze \u010dekat.<\/p>\n<p><strong>Tak\u017ee budete i pro tu mimo\u0159\u00e1dnou valorizaci, kdyby byla v p\u016fli roku.<\/strong><\/p>\n<p>Vladim\u00edr \u0160PIDLA,<br \/>\nNo z\u00e1le\u017e\u00ed na tom, co vl\u00e1da p\u0159edlo\u017e\u00ed. Obecn\u011b pro mimo\u0159\u00e1dnou valorizaci ano.<\/p>\n<p><strong>No a o kolik tak to zv\u00fd\u0161en\u00ed vid\u00edte? Proto\u017ee vy jste n\u011bkdy v z\u00e1\u0159\u00ed, mysl\u00edm, \u0159\u00edkali, \u017ee byste valorizovali d\u016fchody ten p\u0159esp\u0159\u00ed\u0161t\u00ed, od ledna 2015 zhruba osm dev\u011bt miliard. No, ale to nen\u00ed moc stokorun, vi\u010fte, pane Pernesi, potom k jednotliv\u00fdm d\u016fchod\u016fm. Jako \u010d\u00e1stku, ch\u00e1pete, kdybyste tro\u0161ku radosti do dom\u00e1cnost\u00ed p\u0159inesl.<\/strong><\/p>\n<p>Vladim\u00edr \u0160PIDLA,<br \/>\nJ\u00e1 nem\u016f\u017eu \u0159\u00edct \u017e\u00e1dnou pevnou \u010d\u00e1stku. J\u00e1 m\u016f\u017eu \u0159\u00edct pouze metodu, proto\u017ee ta potom vypo\u010d\u00edt\u00e1, co z toho vyplyne. Pan Pernes zhruba popsal, \u017ee to je 22 miliard ta pln\u00e1 valorizace, podle metody, kterou jsem p\u0159edlo\u017eil, tak to by bylo v tom n\u00e1sleduj\u00edc\u00edm obdob\u00ed. Ale v tomto obdob\u00ed ta mimo\u0159\u00e1dn\u00e1 valorizace, ta mus\u00ed samoz\u0159ejm\u011b z\u00e1viset na konkr\u00e9tn\u00ed&#8230;<\/p>\n<p><strong>No a na kolik to tak vid\u00edte? N\u011bjak\u00fd pen\u00edz \u0159ekn\u011bte.<\/strong><\/p>\n<p>Vladim\u00edr \u0160PIDLA,<br \/>\nNemohu v\u00e1m \u0159\u00edct nic pevn\u00e9ho krom\u011b toho, \u017ee to mus\u00ed bejt minim\u00e1ln\u011b na \u00farove\u0148 inflac\u00ed. Prost\u011b ten moment t\u0159etiny inflace je nep\u0159ijateln\u00fd, \u010dili n\u00e1sobn\u011b v\u00edce. Ale pevnou \u010d\u00e1stku nemohu \u0159\u00edct.<\/p>\n<p>Zden\u011bk DOBI\u00c1S,<br \/>\nJ\u00e1 bych se teda k tomu cht\u011bl vyj\u00e1d\u0159it k t\u00e9 v\u00fd\u0161i, jo. jako my tady hovo\u0159\u00edme o tom, kolik by m\u011bla b\u00fdt valorizace, ale my ani nev\u00edme, co n\u00e1m ud\u011bl\u00e1 te\u010f to, co ud\u011blala \u010cesk\u00e1 n\u00e1rodn\u00ed banka. Ten v\u00fdvoj kurzu koruny v\u016f\u010di euru a v\u016f\u010di dolaru ani oni nev\u00ed, jak\u00fd bude do budoucna. Oni to prost\u011b dostali do situace, \u017ee je to ne\u0159\u00edzen\u00fd proces. Vymklo se jim to podle mn\u011b zcela z rukou. A to v\u0161echno m\u00e1 vliv negativn\u00ed na \u017eivotn\u00ed situaci t\u011bch d\u016fchodc\u016f. Jich se to dotkne prakticky ve v\u0161ech sm\u011brech. J\u00e1 kdy\u017e u\u017e se o tom bav\u00edm, j\u00e1 bych r\u00e1d, kdyby jednou u\u017e se zve\u0159ejnilo, jak se po\u010d\u00edt\u00e1 spot\u0159ebn\u00ed ko\u0161 toho d\u016fchodce. Vid\u011bl to u\u017e n\u011bkdo? Nikdo. Tak kdy\u017e mi n\u011bkdo \u0159ekne, \u017ee by m\u011bli dostat 45 korun, tak j\u00e1 to chci vid\u011bt \u010dern\u00e9 na b\u00edl\u00e9m na pap\u00ed\u0159e.<\/p>\n<p><strong>Dob\u0159e. Ale poj\u010fme si \u0159\u00edci, \u017ee v\u0161ichni t\u011bch 45 korun odsuzuj\u00ed, ale soci\u00e1ln\u00ed demokracie m\u00e1 n\u00e1vrh, \u017ee pr\u00e1v\u011b bude valorizovat d\u016fchodc\u016fm u\u017e ne podle zv\u00fd\u0161en\u00ed cen pr\u016fm\u011brn\u00e9 dom\u00e1cnosti, ale skute\u010dn\u011b o zv\u00fd\u0161en\u00ed spot\u0159ebn\u00edho ko\u0161e d\u016fchodc\u016f, co\u017e by m\u011blo b\u00fdt mnohem lep\u0161\u00ed. Tak kdybyste mohl \u0159\u00edci, co tedy odpov\u011bd\u011bt panu Dobiasovi.<\/strong><\/p>\n<p>Vladim\u00edr \u0160PIDLA,<br \/>\nTak spot\u0159ebn\u00ed d\u016fchodc\u016f se samoz\u0159ejm\u011b li\u0161\u00ed od spot\u0159ebn\u00edho ko\u0161e ostatn\u00ed spole\u010dnosti, proto\u017ee jsou tam n\u011bkter\u00e9 v\u011bci nav\u00edc nebo n\u011bkter\u00e9 v\u011bci tam odpadaj\u00ed a jin\u00e9 jsou tam nav\u00edc. Obecn\u011b se ukazuje, \u017ee ten n\u00e1r\u016fst n\u00e1klad\u016f je o n\u011bco vy\u0161\u0161\u00ed ne\u017e n\u00e1r\u016fst u pr\u016fm\u011brn\u00e9 populace a tud\u00ed\u017e se to mus\u00ed zhodnotit. T\u011bch 45 korun, to nen\u00ed ud\u011bl\u00e1no podle \u017e\u00e1dn\u00e9ho v\u00fdpo\u010dtu spot\u0159ebn\u00edho ko\u0161e, to je norm\u00e1ln\u00ed administrativn\u00ed opat\u0159en\u00ed, ud\u011blaj\u00ed inflaci, ode\u010dtou, vypo\u010d\u00edtaj\u00ed, p\u0159ibli\u017en\u011b ud\u011blaj\u00ed t\u0159etinu a vy\u0159\u00edzeno. Je to skute\u010dn\u011b st\u0159eleno od pasu.<\/p>\n<p>pan\u00ed SPURN\u00c1, :<br \/>\nDobr\u00fd ve\u010der. Jmenuji se Spurn\u00e1 a cht\u011bla bych se zeptat, te\u010fko jak n\u00e1m ud\u011blali s tou korunou, \u017ee ji oslabili, banka, jestli by nemohla t\u0159eba nov\u00e1 vl\u00e1da, a\u017e se dostane k moci, s t\u00edm n\u011bco ud\u011blat, aby prost\u011b omezili jako \u017ee, ta \u010cesk\u00e1 n\u00e1rodn\u00ed banka v podstat\u011b m\u016f\u017ee v\u0161echno. Jestli by prost\u011b nemohl existovat n\u011bjakej z\u00e1kon, kterej by je tro\u0161ku p\u0159idr\u017eel, proto\u017ee oni vyhro\u017eujou, \u017ee p\u016fjdou a\u017e na 28 korun za euro.<\/p>\n<p><strong>Tak to u\u017e pan Singer pop\u0159el. Mluv\u00ed o 27. Tak p\u00e1nov\u00e9, kdo chce na toto zareagovat.<\/strong><\/p>\n<p>Vladim\u00edr \u0160PIDLA,<br \/>\nNo tak to je z\u00e1le\u017eitost \u00fastavy a nen\u00ed to tak snadn\u00e9 m\u011bnit. Nehled\u011b k tomu, \u017ee ty nez\u00e1visl\u00e9 banky se ukazuj\u00ed jako relativn\u011b d\u016fle\u017eit\u00e9 k tomu, aby udr\u017eovaly m\u011bnovou stabilitu. Ale osobn\u011b si mysl\u00edm, \u017ee to, co ud\u011blali, je prost\u011b neuv\u00e1\u017een\u00e9 a bude to m\u00edt infla\u010dn\u00ed d\u016fsledky. A ty infla\u010dn\u00ed d\u016fsledky se mus\u00ed zhodnotit ve valorizaci.<\/p>\n<p>Zden\u011bk DOBI\u00c1S,<br \/>\nJestli se m\u016f\u017eu je\u0161t\u011b v jedn\u00e9 v\u011bci vyj\u00e1d\u0159it. Proto\u017ee m\u011bli v\u0161ichni k tmou p\u0159\u00edle\u017eitost a j\u00e1 ne. J\u00e1 si mysl\u00edm, \u017ee jedna v\u011bc by se m\u011bla ud\u011blat co nejrychleji a je\u0161t\u011b d\u0159\u00edve ne\u017e v p\u016flce roku a to je, \u017ee d\u016fchodc\u016fm by se m\u011bla vr\u00e1tit ta \u010d\u00e1stka, kterou jim vzal pan Kalousek v t\u00e9 posledn\u00ed valorizaci, proto\u017ee up\u0159\u00edmn\u011b \u0159e\u010deno, \u0159eknu to na rovinu, to bylo svinstvo v\u016f\u010di d\u016fchodc\u016fm.<\/p>\n<p>Tomio OKAMURA,<br \/>\nJ\u00e1 jestli se teda m\u016f\u017eu vyj\u00e1d\u0159it taky k t\u00e9 \u010cesk\u00e9 n\u00e1rodn\u00ed bance. No tak, jak tady \u0159\u00edkal pan \u0160pidla, ona ta nez\u00e1vislost t\u011bch n\u00e1rodn\u00edch bank, to je ve sv\u011bt\u011b zvykem a je to jeden z takov\u00fdch d\u016fle\u017eit\u00fdch n\u00e1stroj\u016f, tak\u017ee my s t\u00edm krokem z\u00e1sadn\u011b nesouhlas\u00edme. My si mysl\u00edme, \u017ee ten krok je velmi kr\u00e1tkozrak\u00fd, co tady p\u0159edvedla \u010cesk\u00e1 n\u00e1rodn\u00ed banka. Udr\u017eet ten kurz prost\u011b na t\u011bch 27 anebo na 28 a tak d\u00e1le bude st\u00e1t je\u0161t\u011b i hodn\u011b pen\u011bz. A j\u00e1 si mysl\u00edm, \u017ee to prost\u011b nebyl \u0161\u0165astn\u00fd krok a u\u017e v\u016fbec ne p\u0159ed V\u00e1noci. Zdra\u017euje to zbo\u017e\u00ed, zvy\u0161uje to nejistotu, zrovna kdy\u017e lid\u00e9 si pot\u0159ebuj\u00ed nakoupit. Opravdu to bylo \u0161patn\u00e9.<\/p>\n<p><strong>Tak j\u00e1 bych poprosila, abychom se vr\u00e1tili zase k d\u016fchod\u016fm, by\u0165 uzn\u00e1v\u00e1m, \u017ee to souvis\u00ed.\u00a0<\/strong><\/p>\n<p>V\u00edt JEDLI\u010cKA,<br \/>\nDal\u0161\u00ed m\u00edsto, kde se d\u00e1 z\u00edskat pen\u00edze na d\u016fchody, je to, \u017ee \u010cesk\u00e1 n\u00e1rodn\u00ed banka disponuje n\u011bjak\u00fdm 950 miliardami devizov\u00fdch rezerv. Z t\u011bch m\u00e1 okolo t\u0159iceti miliard ro\u010dn\u00ed v\u00fdnos. 18 a\u017e 30 miliard. To jsou pen\u00edze, o kter\u00fdch bysme se m\u011bli za\u010d\u00edt bavit. Je to n\u00e1\u0161 zdroj, s kter\u00fdm vlastn\u011b \u010cesk\u00e1 n\u00e1rodn\u00ed banka pl\u00fdtv\u00e1. Ona p\u0159i\u0161la o n\u011bjak\u00fdch 250 miliard za posledn\u00edch deset let. Nem\u00e1 to \u017e\u00e1dn\u00e1 strana vlastn\u011b v programu, krom\u011b Strany svobodn\u00fdch ob\u010dan\u016f, mus\u00edm \u0159\u00edct.<\/p>\n<p><strong>Pod\u00edvejte, pane Jedli\u010dko.<\/strong><\/p>\n<p>V\u00edt JEDLI\u010cKA,<br \/>\nAle je to tak. Je to d\u016fle\u017eit\u00e9.<\/p>\n<p><strong>Ano, je to z\u00e1stupce svobodn\u00fdch ob\u010dan\u016f. Na tom nic nen\u00ed. Ano. Ale pros\u00edm v\u00e1s, je po volb\u00e1ch.<\/strong><\/p>\n<p>Ale je to d\u016fle\u017eit\u00e9 t\u00e9ma, souvis\u00ed to p\u0159\u00edmo s d\u016fchody.<\/p>\n<p><strong>Ano. Ale m\u011b by sp\u00ed\u0161e zaj\u00edmalo, pro\u010d vy si u\u017e spo\u0159\u00edte na ten d\u016fchod? Vy si mysl\u00edte, \u017ee potom n\u011bco dostanete?<\/strong><\/p>\n<p>J\u00e1 si mysl\u00edm, \u017ee neuvid\u00edm ani korunu, \u017ee do d\u016fchodu mo\u017en\u00e1 p\u016fjdu&#8230;<\/p>\n<p><strong>No tak pro\u010d si spo\u0159\u00edte?<\/strong><\/p>\n<p>J\u00e1 si spo\u0159\u00edm, abych p\u0159e\u017eil, a\u017e budu star\u00fd. J\u00e1 si nespo\u0159\u00edm d\u00edky st\u00e1tu, j\u00e1 si spo\u0159\u00edm prim\u00e1rn\u011b tak, \u017ee spo\u0159\u00edm nap\u0159\u00edklad do drah\u00fdch kov\u016f a o\u010dek\u00e1v\u00e1m, \u017ee tenhle syst\u00e9m, kter\u00fd se socialismu vyv\u00edj\u00ed, tak jak se vyv\u00edj\u00ed, tak skon\u010d\u00ed velk\u00fdm krachem ve fin\u00e1le.<\/p>\n<p><strong>Ano. Tak pros\u00edm.<\/strong><\/p>\n<p>Vil\u00e9m SLUKA, :<br \/>\nD\u011bkuji. J\u00e1 se jmenuji Vil\u00e9m Sluka. Cht\u011bl jsem p\u016fvodn\u011b reagovat na tady p\u0159ipom\u00ednku pan\u00ed spoludiva\u010dky, \u017ee \u010cesk\u00e1 n\u00e1rodn\u00ed banka m\u016f\u017ee v\u0161e. Nemohla by zv\u00fd\u0161it d\u016fchody taky? No ale to mi jenom bylo takto nahr\u00e1no. J\u00e1 bych se cht\u011bl zm\u00ednit o jedn\u00e9 v\u011bci a sice bav\u00edme se tady o valorizaci d\u016fchod\u016f, velmi kvalifikovan\u011b, ale tomu p\u0159edch\u00e1z\u00ed cesta, jak se k d\u016fchodu dostat. A obr\u00e1til bych se na pana doktora \u0160pidlu s dotazem, my jsme stejn\u00e9ho v\u011bku, pane doktore, vy u\u017e jste v d\u016fchodu nebo nejste?<\/p>\n<p>Vladim\u00edr \u0160PIDLA,<br \/>\nNejsem.<\/p>\n<p>Vil\u00e9m SLUKA, :<br \/>\nNejste. Tak\u017ee v\u00e1s \u010dek\u00e1 tedy si vy\u0159izovat d\u016fchod anebo ho nem\u00e1te zapot\u0159eb\u00ed tak jako pan Schwarzenberg t\u0159eba?<\/p>\n<p>Vladim\u00edr \u0160PIDLA,<br \/>\nNe, tak \u010dek\u00e1 m\u011b n\u011bkdy vy\u0159izov\u00e1n\u00ed d\u016fchodu, ale v d\u016fchodu nejsem.<\/p>\n<p>Vil\u00e9m SLUKA,<br \/>\nV\u00edte, pane doktore, kolik asi tak budete m\u00edt d\u016fchod?<\/p>\n<p>Vladim\u00edr \u0160PIDLA,<br \/>\nTak pokud jde, jak\u00fd bych m\u011bl d\u016fchod z na\u0161eho ve\u0159ejn\u00e9ho syst\u00e9mu, tak bych to odhadoval tak asi na t\u0159in\u00e1ct tis\u00edc korun aktu\u00e1ln\u011b.<\/p>\n<p><strong>Ne, tak vy mluv\u00edte o tom, \u017ee pan expremi\u00e9r bude m\u00edt lep\u0161\u00ed d\u016fchod d\u00edky tomu, \u017ee byl eurokomisa\u0159.<\/strong><\/p>\n<p>Vil\u00e9m SLUKA, :<br \/>\nNe, ne. Ur\u010dit\u011b ne. I kdy\u017e se to d\u00e1 p\u0159edpokl\u00e1dat. Ale j\u00e1 chci pouk\u00e1zat na \u00fa\u017easnou slo\u017eitost v\u00fdpo\u010dtu d\u016fchodu, kdy \u010dlov\u011bk, my nap\u0159\u00edklad ve \u0161kol\u00e1ch zav\u00e1d\u00edme, pan kolega mi to potvrd\u00ed, finan\u010dn\u00ed gramotnost d\u011bt\u00ed. J\u00e1 tedy p\u016fjdu do d\u016fchodu, chci v\u011bd\u011bt, jak tam budu \u017e\u00edt. J\u00e1 nem\u00e1m \u0161anci se dozv\u011bd\u011bt, jak\u00fd d\u016fchod m\u00edt budu. Ti zl\u00ed za t\u011bch \u010dty\u0159icet let, co podle pana ekonoma tady n\u011bco rozkradli, tak p\u0159edstavte si, \u017ee doned\u00e1vna bylo ustanoven\u00ed, kdy se d\u016fchod vypo\u010d\u00edt\u00e1val z p\u0159\u00edjmu za posledn\u00edch p\u011bt anebo deset let, a te\u010f m\u011b dob\u0159e poslouchejte, podle toho, co bylo pro ob\u010dana v\u00fdhodn\u011bj\u0161\u00ed. Ale tento st\u00e1t se v\u016f\u010di ob\u010danovi chov\u00e1 st\u00e1le v\u00edce nep\u0159\u00e1telsky nejenom v ot\u00e1zce d\u016fchod\u016f. \u010cili poukazuji na to, \u017ee ten v\u00fdpo\u010det d\u016fchodu je nesm\u00edrn\u011b slo\u017eit\u00fd a \u010dlov\u011bk nem\u00e1 \u0161anci dostat se k tomu, kolik toho d\u016fchodu bude m\u00edt. J\u00e1 v\u00e1m p\u0159eji, pane doktore \u0160pidlo, samoz\u0159ejm\u011b d\u016fchod co nejvy\u0161\u0161\u00ed, ale upozor\u0148uji v\u00e1s, \u017ee kdy\u017e p\u0159ijdete na Okresn\u00ed spr\u00e1vu soci\u00e1ln\u00edho zabezpe\u010den\u00ed, p\u0159edlo\u017e\u00edte v\u0161echny doklady, mimochodem m\u00e1te v\u00fdplatn\u00ed p\u00e1sky t\u0159eba z roku 87?<\/p>\n<p>Vladim\u00edr \u0160PIDLA,<br \/>\nNe, tak samoz\u0159ejm\u011b ten v\u00fdpo\u010det je velmi, j\u00e1 jsem si, neshroma\u017e\u010foval jsem si tyto \u00fadaje v n\u011bjak\u00e9m osobn\u00edm archivu.<\/p>\n<p>Vil\u00e9m SLUKA, :<br \/>\nA vid\u00edte, na to doplat\u00edte, proto\u017ee nap\u0159\u00edklad stane se, \u017ee \u010dlov\u011bk je zam\u011bstn\u00e1n v podniku, kter\u00fd potom se zprivatizuje, zkrachuje a j\u00e1 nev\u00edm co v\u0161echno, ale mzdov\u00e1 \u00fa\u010dt\u00e1rna se ztrat\u00ed a konkr\u00e9tn\u011b v m\u00e9m p\u0159\u00edpad\u011b za \u0161est let mi nebude vypo\u010d\u00edt\u00e1v\u00e1n d\u016fchod. I kdy\u017e to dokl\u00e1d\u00e1m platov\u00fdmi v\u00fdm\u011bry. Ale nem\u00e1m v\u00fdplatn\u00ed p\u00e1sky. Tak\u017ee to je to, co jsem cht\u011bl \u0159\u00edci.<\/p>\n<p><strong>Tak pros\u00edm, to j\u00e1 jsem vyd\u011b\u0161en\u00e1, j\u00e1 je vyhazuji.<\/strong><\/p>\n<p>Vil\u00e9m SLUKA, :<br \/>\nNo tak to m\u00e1te docela probl\u00e9m.<\/p>\n<p><strong>No to jsem se te\u010f vylekala.<\/strong><\/p>\n<p>nejmenovan\u00e1 osoba:<br \/>\nNe. M\u00e1te mzdovou \u00fa\u010detn\u00ed, kter\u00e1 v\u00e1m odes\u00edl\u00e1 ka\u017ed\u00fd rok eviden\u010dn\u00ed listy, nem\u00e1te se \u010deho b\u00e1t.<\/p>\n<p>Zden\u011bk DOBI\u00c1S,<br \/>\nJestli se m\u016f\u017eu vyj\u00e1d\u0159it. Je to zase na tom, jak je \u010dlov\u011bk zodpov\u011bdn\u00fd ke sv\u00e9mu budouc\u00edmu d\u016fchodu. J\u00e1 si vedu ka\u017ed\u00fd v\u00fdplatn\u00ed l\u00edstek od za\u010d\u00e1tku, kdy jsem d\u011blal a to je v roce 1980. Vedu si ka\u017ed\u00fd eviden\u010dn\u00ed list d\u016fchodov\u00e9ho poji\u0161t\u011bn\u00ed od t\u00e9 doby. Jsem si schopen orienta\u010dn\u011b spo\u010d\u00edtat pomoc\u00ed d\u016fchodov\u00e9 kalkula\u010dky na port\u00e1le ve\u0159ejn\u00e9 spr\u00e1vy \u010cesk\u00e9 spr\u00e1vy soci\u00e1ln\u00edho zabezpe\u010den\u00ed orienta\u010dn\u011b d\u016fchod. Probl\u00e9m je ale v jin\u00e9 rovin\u011b. Ta kalkula\u010dka tam umo\u017e\u0148uje v\u00fdpo\u010det jenom do roku 2015. Ne d\u00e1l. A oni argumentuj\u00ed t\u00edm, \u017ee nejsou schopni \u0159\u00edci, jak\u00fd bude v\u00fdvoj p\u0159\u00edjm\u016f v t\u011bch dal\u0161\u00edch letech. A na to j\u00e1 reagoval t\u00edm zp\u016fsobem, \u017ee jsem p\u0159\u00edmo napsal na Ministerstvo pr\u00e1ce a soci\u00e1ln\u00edch v\u011bc\u00ed, kde jsem jim jasn\u011b \u0159ekl, \u017ee si maj\u00ed nastavit ty parametry, jakoby to bylo dneska, kdy\u017e budu v roce 2018 odch\u00e1zet do d\u016fchodu a a\u0165 mi teda pomoc\u00ed t\u00e9 d\u016fchodov\u00e9 kalkula\u010dky spo\u010d\u00edtaj\u00ed, jak\u00fd budu m\u00edt starobn\u00ed d\u016fchod v roce 2018. Pak mi to spo\u010d\u00edtal, poslal mi to. Jestli se to prok\u00e1\u017ee, \u017ee to je pravda, to je ot\u00e1zka.<\/p>\n<p><strong>No a kolik tak, jestli teda n\u00e1m to m\u016f\u017eete. Oni to neb\u00fdvaj\u00ed, \u017ee bysme v\u00e1m z\u00e1vid\u011bli, v\u00edte. Jste spokojen?<\/strong><\/p>\n<p>Zden\u011bk DOBI\u00c1S,<br \/>\nNo tak jestli se to potvrd\u00ed, tak bych m\u011bl b\u00fdt spokojen.<\/p>\n<p>Zden\u011bk PERNES,<br \/>\nJ\u00e1, abysme neodbo\u010dili od toho podstatn\u00e9ho, co tady bylo nazna\u010deno, a to je mimo\u0159\u00e1dn\u00e1 valorizace penz\u00ed 2014.<\/p>\n<p><strong>Ale to u\u017e jsme probrali. To u\u017e n\u00e1m pan expremi\u00e9r odpov\u011bd\u011bl.<\/strong><\/p>\n<p>Zden\u011bk PERNES,<br \/>\nNe. Neprobrali. Tak\u017ee p\u00e1ni politici sl\u00edbili n\u00e1rodu p\u0159ed televizn\u00edmi kamerami, \u017ee bude, tak Rada senior\u016f \u010cesk\u00e9 republiky jim za to d\u011bkuje a t\u011b\u0161\u00ed se na to. A pokud se t\u00fdk\u00e1 t\u00e9 v\u00fd\u0161e, to jsme neprobrali, tak ta v\u00fd\u0161e mus\u00ed b\u00fdt minim\u00e1ln\u011b takov\u00e1, aby vykompenzovala ty dv\u011b neplnohodnotn\u00e9 valorizace penz\u00ed, to znamen\u00e1 leto\u0161n\u00ed a p\u0159\u00ed\u0161t\u00ed. Tak\u017ee takov\u00e1 ta v\u00fd\u0161e mus\u00ed b\u00fdt.<\/p>\n<p><strong>No a vy si mysl\u00edte, \u017ee bude?<\/strong><\/p>\n<p>Zden\u011bk PERNES, p\u0159edseda Rady senior\u016f \u010cR; d\u016fchodce:<br \/>\nTo budeme douf\u00e1m p\u0159ipom\u00ednkovat, ten n\u00e1vrh toho z\u00e1kona.<\/p>\n<p><strong>No ale bude?<\/strong><\/p>\n<p>Zden\u011bk PERNES,<br \/>\nNo to z\u00e1le\u017e\u00ed na nich samoz\u0159ejm\u011b. Tak my jim to potom zase spo\u010d\u00edt\u00e1me, a\u017e budou dal\u0161\u00ed volby.<\/p>\n<p>Tomio OKAMURA,<br \/>\nJ\u00e1 bych se cht\u011bl kr\u00e1tce vyj\u00e1d\u0159it k t\u00e9 p\u0159ehlednosti t\u011bch d\u016fchod\u016f. Pr\u00e1v\u011b proto my v \u00dasvitu p\u0159\u00edm\u00e9 demokracie, tu\u0161\u00edm, jako jedin\u00ed navrhujeme, aby byl t\u0159eba na internetu po vzoru z\u00e1padn\u00edch zem\u00ed p\u0159\u00edstupn\u00fd ob\u010dan\u016fm kdykoliv n\u00e1hled na to, kolik ten jejich d\u016fchod d\u011bl\u00e1, kolik maj\u00ed naspo\u0159eno, aby se mohli kdykoli d\u00edvat. Pr\u00e1v\u011b proto je to u n\u00e1s tak slo\u017eit\u00e9, \u017ee ob\u010dan\u00e9 si to nem\u016f\u017eou vlastn\u011b on-line kontrolovat. Tak to je jenom jedna v\u011bc. Druh\u00e1 v\u011bc je ta, \u017ee j\u00e1 bych se vyj\u00e1d\u0159il tak\u00e9 k t\u00e9to valorizaci. Tak \u00dasvit p\u0159\u00edm\u00e9 demokracie podporuje zv\u00fd\u0161en\u00ed d\u016fchod\u016f, nicm\u00e9n\u011b my nejsme p\u0159izv\u00e1ni k jedn\u00e1n\u00ed o vl\u00e1d\u011b. To znamen\u00e1, z\u00e1le\u017e\u00ed to tady na vl\u00e1d\u011b, jak\u00fdm zp\u016fsobem to p\u0159edlo\u017e\u00ed a z\u00e1le\u017e\u00ed tak\u00e9 na t\u011bch parametrech, proto\u017ee kdyby to znamenalo z\u00e1rove\u0148 pokra\u010dovat v tom rozkr\u00e1d\u00e1n\u00ed st\u00e1tu a je\u0161t\u011b zadlu\u017eovat, no tak to samoz\u0159ejm\u011b je k diskuzi, proto\u017ee my chceme, aby se nejprve auditoval st\u00e1tn\u00ed rozpo\u010det, zamezilo se t\u011bmto des\u00edtk\u00e1m miliard\u00e1m zbyte\u010dn\u011b vyhazovan\u00fdch pen\u011bz pr\u00e1v\u011b t\u011bm kmotr\u016fm a na r\u016fzn\u00e9 zak\u00e1zky, abychom m\u011bli na ty d\u016fchody skute\u010dn\u011b syst\u00e9mov\u011b a potom samoz\u0159ejm\u011b by bylo skv\u011bl\u00e9, abychom tak\u00e9 valorizovali. P\u0159esto samoz\u0159ejm\u011b tu valorizaci budeme podporovat, ale z\u00e1rove\u0148 budeme tla\u010dit, a nejenom valorizaci, j\u00e1 mysl\u00edm, \u017ee tady je prostor, jak jsem tady vyjmenoval v \u00favodu po\u0159adu, kdyby se skute\u010dn\u011b ud\u011blala v\u0161echna tato opat\u0159en\u00ed, tak to nen\u00ed jenom o n\u011bjak\u00e9 inflaci, je to skute\u010dn\u011b o z\u00e1sadn\u00edm zv\u00fd\u0161en\u00ed d\u016fchod\u016f.<\/p>\n<p><strong>Ale pane p\u0159edsedo, vy jste \u0159ekl, \u017ee pokud by to znamenalo zadlu\u017een\u00ed, tak to vypad\u00e1, \u017ee to nepodpo\u0159\u00edte.<\/strong><\/p>\n<p>Tomio OKAMURA,<br \/>\nNe, to jsou spojen\u00e9 n\u00e1zory. J\u00e1 jsem \u0159\u00edkal, \u017ee je d\u016fle\u017eit\u00e9, aby ta vl\u00e1da, kter\u00e1 tady bude, z\u00e1rove\u0148 ud\u011blala ty protikorup\u010dn\u00ed opat\u0159en\u00ed, aby se nerozkr\u00e1daly ty 60 a\u017e sto miliard z t\u011bch ve\u0159ejn\u00fdch zak\u00e1zek za rok 2012, z\u00e1rove\u0148 je pot\u0159eba ud\u011blat dal\u0161\u00ed opat\u0159en\u00ed, jako t\u0159eba forenzn\u00ed audit st\u00e1tn\u00edho rozpo\u010dtu, kde ekonomov\u00e9, t\u0159eba Pavel Kohout, mi \u0159\u00edkal asi p\u0159ed t\u0159emi dny, \u017ee u\u017e jenom to by p\u0159ineslo n\u011bkolik miliard korun nav\u00edc. Podpo\u0159it ty mlad\u00e9 rodiny s d\u011btmi, miliardov\u00e9 zisky ze st\u00e1tn\u00edch firem ned\u00e1vat gener\u00e1ln\u00edmu \u0159editeli na odm\u011bn\u00e1ch, ale d\u00e1t je na ten pr\u016fb\u011b\u017en\u00fd d\u016fchodov\u00fd \u00fa\u010det. Tak\u017ee to nem\u016f\u017ee b\u00fdt jenom zv\u00fd\u0161\u00edme, pro to jsme taky, ale z\u00e1rove\u0148 od t\u00e9 vl\u00e1dy chceme, aby \u0159ekla i to B a p\u0159ipravilo to, bysme mohli syst\u00e9mov\u011b, dlouhodob\u011b p\u0159ilep\u0161ovat d\u016fchod\u016fm. Aby to nebylo v\u017edycky jenom ad hoc.<\/p>\n<p>Old\u0159ich POSP\u00cd\u0160IL,<br \/>\nDobr\u00fd ve\u010der. Jmenuji se Old\u0159ich Posp\u00ed\u0161il a jsem p\u0159edseda Svazu d\u016fchodc\u016f \u010cesk\u00e9 republiky. Pan\u00ed J\u00edlkov\u00e1, m\u011b velice mrz\u00ed, \u017ee tu nen\u00ed n\u00e1\u0161 \u00fahlavn\u00ed nep\u0159\u00edtel pan Kalousek. Nev\u00edm, jestli jste ho zvali.<\/p>\n<p><strong>Pan Kalousek byl zv\u00e1n. Nem\u00e1 \u010das. Usilovn\u011b jsme zvali i p\u0159edstavitele TOP 09. Tak\u00e9 nikdo nemohl p\u0159ij\u00edt.<\/strong><\/p>\n<p>Old\u0159ich POSP\u00cd\u0160IL, :<br \/>\nAno. Samoz\u0159ejm\u011b. Na to, co nap\u00e1chal, nem\u00e1 \u010das, proto\u017ee on jede po n\u00e1s po d\u016fchodc\u00edch jak husa po soplu, jak se \u0159\u00edk\u00e1. Za\u010dalo to t\u00edm, \u017ee \u0161krtl d\u016fchodce ze slev na dr\u00e1ze, pak ta valorizace a te\u010f samoz\u0159ejm\u011b i to sebr\u00e1n\u00ed t\u011bch da\u0148ov\u00fdch \u00falev pro pracuj\u00edc\u00ed d\u016fchodce. Dne\u0161n\u00ed d\u016fchodce, aby p\u0159e\u017eil, je pros\u00edm v\u00e1s nucen pracovat. Ale ne, \u017ee by d\u00e1val svoje znalosti a to, mus\u00ed p\u0159ijmout kdejakou pr\u00e1ci, kter\u00e1 je mu nab\u00eddnuta za jak\u00fdkoliv obnos. To je hr\u016fza. A j\u00e1 si pamatuju, a pamatuj\u00ed si to v\u0161ichni, pan Janota to vy\u0159e\u0161il. On neurazil ob\u010dany 45 korunami, on nedal \u017e\u00e1dnou valorizaci a p\u0159e\u017eili jsme to. Ale t\u011bch 45 korun, to je vrchol. To je vrchol prost\u011b, \u017ee to nem\u00e1 obdoby. Hlavn\u011b, \u017ee p\u0159itom jak to svalovali poslanci, si nav\u00fd\u0161ili plat o \u0161est tis\u00edc a v\u00edce. A p\u0159\u00edlepkem. Najednou pen\u00edze byly. A na d\u016fchodce pen\u00edze nejsou. V\u00edte, my jsme vloni st\u00e1vkovali. St\u00e1vkovali jsme, proto\u017ee to ne\u0161lo vydr\u017eet. A jestli se tak budou ti politici k tomu stav\u011bt, jak se stav\u00ed tady p\u0159i t\u00e9 debat\u011b, a tomu mlad\u00e9mu p\u00e1novi \u0159eknu, vy budete taky jednou star\u00fd a budete m\u00edt v\u011bt\u0161\u00ed starosti, ne\u017e my m\u00e1me dnes.<\/p>\n<p>V\u00edt JEDLI\u010cKA,<br \/>\nJ\u00e1 jsem si toho moc dob\u0159e v\u011bdom.<\/p>\n<p>Old\u0159ich POSP\u00cd\u0160IL, :<br \/>\nTak asi se brzy do\u010dk\u00e1me dal\u0161\u00ed st\u00e1vky. St\u00e1vkovali jsme jako jedin\u00ed v Evrop\u011b a m\u011blo to daleko ohlas ve sv\u011bt\u011b, jenom u n\u00e1s se o tom ml\u010delo. D\u011bkuji.<\/p>\n<p>V\u00edt JEDLI\u010cKA,<br \/>\nTak j\u00e1 si mysl\u00edm, \u017ee to, co provedl pan Kalousek, p\u0159edev\u0161\u00edm \u017ee si nem\u016f\u017eou ode\u010d\u00edst pracuj\u00edc\u00ed d\u016fchodci od z\u00e1kladu dan\u011b to, co si ka\u017ed\u00fd norm\u00e1ln\u00ed pracuj\u00edc\u00ed \u010dlov\u011bk m\u016f\u017ee, t\u011bch dva tis\u00edce korun, to je velmi sprost\u00e9. Prost\u011b sna\u017e\u00ed se vyhnat d\u016fchodce, ty, co cht\u011bj\u00ed pracovat. M\u016fj str\u00fdc nap\u0159\u00edklad prost\u011b pracuje, odv\u00e1d\u00ed na soci\u00e1ln\u00edch d\u00e1vk\u00e1ch a na zdravotn\u00edch v\u00edc, ne\u017e dost\u00e1v\u00e1 na d\u016fchodu a te\u010fka ho vlastn\u011b donutili nebo sebrali mu spoustu dal\u0161\u00edch pen\u011bz. Nav\u00edc je\u0161t\u011b tam p\u0159ibylo to, \u017ee tento \u010dlov\u011bk m\u016f\u017ee b\u00fdt jenom 84 dn\u00ed na nemocensk\u00e9, to znamen\u00e1, po t\u011bch 84 dnech on na rozd\u00edl od norm\u00e1ln\u00edho zam\u011bstnance ztrat\u00ed n\u00e1rok dost\u00e1vat nemocenskou, co\u017e je dal\u0161\u00ed, bych \u0159ekl, velmi zl\u00fd krok v\u016f\u010di zam\u011bstnan\u00fdm d\u016fchodc\u016fm.<\/p>\n<p><strong>Ano. Ale abychom se, pane expremi\u00e9re, kdy tedy vid\u00edte, \u017ee se zru\u0161\u00ed, proto\u017ee to deklaruj\u00ed vlastn\u011b v\u0161echny strany, v\u010detn\u011b v\u00e1s, v\u0161ichni cht\u011bj\u00ed obnovit tu slevu na dani, tak\u017ee kdy to tak vid\u00edte \u010dasov\u011b?<\/strong><\/p>\n<p>Vladim\u00edr \u0160PIDLA,<br \/>\nNo tak st\u00e1tn\u00ed ma\u0161ina a legislativn\u00ed proces m\u00e1 svoje lh\u016fty a neb\u011b\u017e\u00ed rychle. To znamen\u00e1, kdy\u017e ten z\u00e1kon bude p\u0159edlo\u017een, tento n\u00e1vrh velmi rychle a pob\u011b\u017e\u00ed b\u011b\u017en\u00e9 legislativn\u00ed lh\u016fty, tak to nem\u016f\u017ee b\u00fdt d\u0159\u00edv ne\u017e ve druh\u00e9m pololet\u00ed n\u00e1sleduj\u00edc\u00edho roku. Ale je\u0161t\u011b z\u00e1le\u017e\u00ed na tom, jak rychle se sestav\u00ed vl\u00e1da a mnoho dal\u0161\u00edch okolnost\u00ed.<\/p>\n<p>Tomio OKAMURA,<br \/>\nTak j\u00e1 bych se k tomu tedy tak\u00e9 vyj\u00e1d\u0159il. Pr\u00e1v\u011b jak jste \u0159\u00edkala, \u00dasvit p\u0159\u00edm\u00e9 demokracie samoz\u0159ejm\u011b souhlas\u00ed se zaveden\u00edm toho da\u0148ov\u00e9ho zv\u00fdhodn\u011bn\u00ed pro seniory. A neplat\u00ed ani ten d\u016fvod, kter\u00fd sl\u00fdch\u00e1v\u00e1m, \u017ee sta\u0159\u00ed lid\u00e9 pr\u00fd berou pr\u00e1ci mlad\u00fdm. Tak to je opravdu, to v\u016fbec tak nen\u00ed. Pr\u00e1v\u011b proto my \u0159\u00edk\u00e1me, \u017ee je pot\u0159eba nastartovat trend sni\u017eov\u00e1n\u00ed DPH, nastartov\u00e1n\u00ed spot\u0159eby, vytv\u00e1\u0159en\u00ed nov\u00fdch pracovn\u00edch m\u00edst a t\u00edm p\u00e1dem tady je dost pr\u00e1ce i pro mlad\u00e9 lidi, jenom kdyby to chopili se spr\u00e1vn\u011b ekonomicky, i pro ty star\u0161\u00ed.<\/p>\n<p>Pavel PETERKA, :<br \/>\nJmenuji se Pavel Peterka, dobr\u00fd ve\u010der. Cht\u011bl bych se v\u011bnovat tro\u0161ku skupin\u011b lid\u00ed, kte\u0159\u00ed jsou tak tro\u0161ku st\u0159edn\u00edho v\u011bku. Jsem ze sedmdes\u00e1t\u00fdch let. Tak bych se cht\u011bl zeptat, co vlastn\u011b \u010dek\u00e1 takzvan\u00e9 Hus\u00e1kovy d\u011bti. V\u00edm, \u017ee druh\u00e1 Bezd\u011bkova komise, ta je zn\u00e1m\u00e1 hlavn\u011b t\u00edm, \u017ee vyvedla 3% do soukrom\u00fdch fond\u016f, ale krom\u011b toho taky \u0159\u00edkala, \u017ee hlavn\u00ed v\u017edycky bude pr\u016fb\u011b\u017en\u00fd syst\u00e9m. A ten pr\u016fb\u011b\u017en\u00fd syst\u00e9m sou\u010dasn\u011b jedn\u00edm dechem \u0159\u00edkala, \u017ee jedin\u00fd re\u00e1ln\u00fd p\u0159\u00edsp\u011bvek jeho udr\u017eitelnosti jsou d\u011bti. Tak bych se cht\u011bl zeptat, jak tedy v d\u016fchodov\u00e9m syst\u00e9mu, proto\u017ee jedin\u011b v n\u011bm se d\u00e1 podpo\u0159it ten jedin\u00fd re\u00e1ln\u00fd p\u0159\u00edsp\u011bvek, jak v tom d\u016fchodov\u00e9m syst\u00e9mu p\u0159\u00edmo ten jedin\u00fd re\u00e1ln\u00fd p\u0159\u00edsp\u011bvek bude podpo\u0159en?<\/p>\n<p><strong>Ano. P\u00e1nov\u00e9, pros\u00edm v\u00e1s, to kdybyste n\u00e1m mohli \u0159\u00edci, v\u00edte. Proto\u017ee odborn\u00edci \u0159\u00edkaj\u00ed, \u017ee za dvacet t\u0159icet let d\u016fchody budou st\u011b\u017e\u00ed dosahovat \u017eivotn\u00edho minima. A \u017ee dokonce takov\u00e9 d\u016fchody, jako jsou nyn\u00ed, tak u\u017e pr\u00fd nikdy nebudou, ano? Tak pros\u00edm v\u00e1s, jak\u00fd d\u016fchod m\u00e1me o\u010dek\u00e1vat, a\u017e p\u016fjdeme my tady spolu do d\u016fchodu.<\/strong><\/p>\n<p>Vladim\u00edr \u0160PIDLA,<br \/>\nTak samoz\u0159ejm\u011b to v\u00e1m nemohu \u0159\u00edct, jak\u00fd bude konkr\u00e9tn\u00ed d\u016fchod.<\/p>\n<p><strong>No tak zhruba, v\u00edte.<\/strong><\/p>\n<p>Vladim\u00edr \u0160PIDLA,<br \/>\nAle ti, kte\u0159\u00ed \u0159\u00edkaj\u00ed, \u017ee se d\u016fchodov\u00fd syst\u00e9m nedok\u00e1\u017ee financovat, nemaj\u00ed pravdu. Kdy\u017e se pod\u00edv\u00e1te na rok 2010, tak je na jednoho d\u016fchodce 2,66 ekonomicky aktivn\u00edho. V roce 2080 bude na jednoho d\u016fchodce 2,66 ekonomicky aktivn\u00edho. \u010cili ta demografick\u00e1 situace&#8230;<\/p>\n<p><strong>Ale to my m\u00e1me n\u011bjak, to jsou spr\u00e1vn\u00e1? J\u00e1 m\u011bla 1,16, pane Jedli\u010dko.<\/strong><\/p>\n<p>V\u00edt JEDLI\u010cKA,<br \/>\nTy \u010d\u00edsla podle mn\u011b takhle nejsou. Ur\u010dit\u011b se ten pom\u011br zna\u010dn\u011b zv\u011bt\u0161\u00ed.<\/p>\n<p><strong>A odkud je m\u00e1te?<\/strong><\/p>\n<p>Vladim\u00edr \u0160PIDLA,<br \/>\nTa \u010d\u00edsla jsou naprosto v po\u0159\u00e1dku, proto\u017ee jsou vypo\u010d\u00edtan\u00e1 z demografick\u00fdch progn\u00f3z a jsou vypo\u010d\u00edtan\u00e1 poctiv\u011b. Demograficky se situace samoz\u0159ejm\u011b m\u011bn\u00ed. Na druh\u00e9 stran\u011b se prodlu\u017euje v\u011bk odchodu do d\u016fchodu. To taky nen\u00ed stabiln\u00ed z\u00e1le\u017eitost. Tak\u017ee kdy\u017e vezmete v\u0161echny tyto v\u011bci, tak vid\u00edte, \u017ee ten syst\u00e9m ne snadno, ale v\u00edcem\u00e9n\u011b fluktuuje kolem jak\u00e9si z\u00e1kladn\u00ed rovnov\u00e1hy.<\/p>\n<p><strong>Ale tady pan \u010ci\u017einsk\u00fd, ch\u00e1pete, on si ne\u0161et\u0159\u00ed, tak chce zareagovat.<\/strong><\/p>\n<p>Vladim\u00edr \u0160PIDLA,<br \/>\nDob\u0159e. J\u00e1 chci je\u0161t\u011b dot\u00e1hnout dal\u0161\u00ed v\u011bc. To, co je podstatn\u00e9, je samoz\u0159ejm\u011b, kolik se rod\u00ed d\u011bt\u00ed, ale na druh\u00e9 stran\u011b je velmi podstatn\u00e9, jak\u00e1 je produktivita pr\u00e1ce. A produktivita pr\u00e1ce roste velmi rychle. Tak\u017ee kdy\u017e se pod\u00edv\u00e1me t\u0159eba na celkov\u00fd hrub\u00fd dom\u00e1c\u00ed produkt, tak v roce 1996 byl 1762 miliard. V roce 2012 je 3846 miliard p\u0159i stejn\u00e9m po\u010dtu obyvatel.<\/p>\n<p>Michaela J\u00cdLKOV\u00c1, moder\u00e1torka:<br \/>\n<strong> My tady m\u00e1me ob\u010dana, pana \u010ci\u017einsk\u00e9ho. Tak pros\u00edm v\u00e1s, on m\u00e1 b\u00fdt klidn\u00fd, kdy\u017e si nespo\u0159\u00ed?<\/strong><\/p>\n<p>Vladim\u00edr \u0160PIDLA,<br \/>\nM\u016f\u017ee b\u00fdt klidn\u00fd, proto\u017ee tento syst\u00e9m je financovateln\u00fd, kdy\u017e se s n\u00edm zach\u00e1z\u00ed slu\u0161n\u011b. Kdy\u017e z n\u011bj vyv\u00e1d\u00edte 3% do soukrom\u00fdch fond\u016f, tak to u\u017e je jin\u00e1 z\u00e1le\u017eitost.<\/p>\n<p>Jan \u010cI\u017dINSK\u00dd,<br \/>\nTak\u017ee j\u00e1 se samoz\u0159ejm\u011b na d\u016fchod n\u011bjak\u00fdm zp\u016fsobem zaji\u0161\u0165uji, proto\u017ee zaprv\u00e9 teda pracuji, tak plat\u00edm d\u016fchody m\u00fdm rodi\u010d\u016fm, m\u00e1m dv\u011b d\u011bti, tak je vychov\u00e1v\u00e1m, investuju do nich pen\u00edze a vychov\u00e1v\u00e1m je tak, aby a\u017e budu star\u00fd, tak aby m\u011b nenechaly um\u0159\u00edt hlady nebo vychov\u00e1v\u00e1me je tak, aby n\u00e1s nenechaly um\u0159\u00edt hlady.<\/p>\n<p><strong>No snad se v\u00e1m to poda\u0159\u00ed.<\/strong><\/p>\n<p>Jan \u010cI\u017dINSK\u00dd,<br \/>\nKoupili jsme si byt.<\/p>\n<p><strong>Aha. To jste mi ne\u0159ekl. No to jste mi ne\u0159ekl.<\/strong><\/p>\n<p>Jan \u010cI\u017dINSK\u00dd,<br \/>\nNo tak vy jste se ptala, jestli si spo\u0159\u00edm. Tak koupili jsme si byt, abychom potom mohli bydlet ve vlastn\u00edm. Je pravda, \u017ee neinvestuji do fond\u016f, proto\u017ee nepokr\u00fdvaj\u00ed inflaci, pen\u00edze tam miz\u00ed. Nav\u00edc d\u011bti budou st\u00e1t po\u0159\u00e1d v\u00edc a v\u00edc pen\u011bz, tak\u017ee na to ani nebude. A v\u0161echno, co jsou fondy, tak ty se daj\u00ed v\u017edycky vykr\u00e1st, zru\u0161it tak podobn\u011b. Ale j\u00e1 bych se cht\u011bl zeptat je\u0161t\u011b na jednu v\u011bc. J\u00e1 zn\u00e1m maminky, kter\u00e9 vychovaly t\u0159eba p\u011bt, \u0161est, v extr\u00e9mn\u00edch p\u0159\u00edpadech t\u0159eba osm d\u011bt\u00ed, maj\u00ed d\u016fchod 3200 korun, proto\u017ee byly s d\u011btmi dlouho doma. Jejich d\u011bti jsou vysoko\u0161kolsky vzd\u011blan\u00fd, v\u0161ichni pracujou, odv\u00e1d\u011bj\u00ed tedy na sv\u00e9 rodi\u010de, ale ve skute\u010dn\u011b tyhlety \u017eeny \u017eivo\u0159\u00ed a budou je\u0161t\u011b v\u00edc \u017eivo\u0159it, a\u017e jim um\u0159ou man\u017eel\u00e9. A mysl\u00edm si, \u017ee by bylo dobr\u00e9 jim vyslat n\u011bjak\u00fd sign\u00e1l ze strany st\u00e1tu, proto\u017ee tady se mluv\u00ed o p\u016fj\u010dk\u00e1ch pro novoman\u017eele, ne, \u017ee by to bylo \u0161patn\u00fd, ale nic to ne\u0159e\u0161\u00ed, ale by bylo dobr\u00e9 vyslat sign\u00e1l, \u017ee je ten syst\u00e9m vd\u011b\u010dn\u00fd za to, \u017ee jsou prost\u011b vychov\u00e1van\u00e9 d\u011bti do toho syst\u00e9mu, kter\u00e9 potom generuj\u00ed vlastn\u011b udr\u017eitelnost toho syst\u00e9mu.<\/p>\n<p>Tomio OKAMURA,<br \/>\nTak j\u00e1 bych na v\u00e1s kr\u00e1tce zareagoval. Ty p\u016fj\u010dky novoman\u017eelsk\u00e9, bez\u00faro\u010dn\u00e9 p\u016fj\u010dky, tak ty samoz\u0159ejm\u011b \u0159e\u0161\u00ed a je to osv\u011bd\u010den\u00fd model i ze sv\u011bta. Proto\u017ee probl\u00e9m je v tom, \u017ee mlad\u00ed lid\u00e9 se boj\u00ed m\u00edt v\u00edcero d\u011bt\u00ed, proto\u017ee na n\u011b nebudou m\u00edt pen\u00edze, v\u00edte.<\/p>\n<p>Jan \u010cI\u017dINSK\u00dd,<br \/>\nA tak jim p\u016fj\u010d\u00edte, aby se zadlu\u017eili je\u0161t\u011b v\u00edc. Ta p\u016fj\u010dka jakoby sama v tom syst\u00e9mu nic ne\u0159e\u0161\u00ed.<\/p>\n<p>Tomio OKAMURA,<br \/>\nTak j\u00e1 bych r\u00e1d teda opravdu diskutoval bez sk\u00e1k\u00e1n\u00ed do \u0159e\u010di. Mohu v\u00e1s poprosit, abych se mohl vyj\u00e1d\u0159it? Tak. Vy jste mluvil dlouho, j\u00e1 bych se taky r\u00e1d vyj\u00e1d\u0159il. Tak\u017ee ty p\u016fj\u010dky, tady probl\u00e9m mlad\u00fdch lid\u00ed je v tom, \u017ee v\u011bt\u0161ina mlad\u00fdch lid\u00ed si nem\u016f\u017ee koupit byt jako vy. U n\u00e1s t\u0159eba na Zl\u00ednsku jsou pr\u016fm\u011brn\u00e9 platy dev\u011bt a\u017e dvan\u00e1ct tis\u00edc hrub\u00e9ho. Nev\u00edm, jak\u00fd m\u00e1te vy. To znamen\u00e1, ty novoman\u017eelsk\u00e9 p\u016fj\u010dky jsou tady od toho, abysme motivovali mlad\u00e9 lidi, aby se neb\u00e1li m\u00edt v\u00edcero d\u011bt\u00ed. To je velmi d\u016fle\u017eit\u00fd instrument.<\/p>\n<p><strong>Pane p\u0159edsedo, pros\u00edm v\u00e1s, kdybyste mohl k t\u00e9 ot\u00e1zce, a to bylo v d\u016fchodech jak zohledn\u00edte, kdy\u017e \u017eena je s d\u011btmi.\u00a0<\/strong><\/p>\n<p>Tomio OKAMURA,<br \/>\nUr\u010dit\u011b. J\u00e1 s v\u00e1ma absolutn\u011b souhlas\u00edm. J\u00e1 u\u017e jsem to \u0159\u00edkal i u\u017e n\u011bkolik let to \u0159\u00edk\u00e1m, \u017ee u n\u00e1s nen\u00ed v\u016fbec ocen\u011bn\u00e1 rodi\u010de, kte\u0159\u00ed osmn\u00e1ct let vychovaj\u00ed d\u011bti ve slu\u0161n\u00e9 a poctiv\u00e9&#8230;<\/p>\n<p>Jan \u010cI\u017dINSK\u00dd,<br \/>\nAle vy konstatujete. Vy m\u00e1te \u0159\u00edct, vy jste politik, vy m\u00e1te \u0159\u00edct, jak to budete \u0159e\u0161it.<\/p>\n<p>Tomio OKAMURA,<br \/>\nAle pros\u00edm v\u00e1s, vy m\u011b ani nenech\u00e1te domluvit. J\u00e1 bych se r\u00e1d vyj\u00e1d\u0159il.<\/p>\n<p><strong>Ale to nen\u00ed&#8230; Tady bych se zastala ob\u010dana, ano. Tak jestli to bude, v\u017edy\u0165 to sta\u010d\u00ed ano ne.<\/strong><\/p>\n<p>Tomio OKAMURA,<br \/>\nA m\u016f\u017eu pros\u00edm jednou v\u011btou analyzovat stav a hned d\u00e1m n\u00e1vrh \u0159e\u0161en\u00ed. Tak\u017ee my m\u00e1me probl\u00e9m v tom, \u017ee to, co je nejd\u016fle\u017eit\u011bj\u0161\u00ed a nejv\u011bt\u0161\u00ed pr\u00e1ce, \u017ee osmn\u00e1ct let n\u011bkdo vychov\u00e1 slu\u0161n\u00e9 d\u011bti, \u017ee to nen\u00ed spole\u010densky ohodnoceno. My v \u00dasvitu navrhujeme, abychom dali t\u0159eba n\u011bjak\u00fd c\u00edlov\u00fd bonus, t\u0159eba formou n\u011bjak\u00e9ho da\u0148ov\u00e9ho zv\u00fdhodn\u011bn\u00ed a podobn\u011b pr\u00e1v\u011b t\u011bm rodi\u010d\u016fm, kter\u00e9 vychovaj\u00ed skute\u010dn\u011b dob\u0159e sv\u00e9 d\u011bti.<\/p>\n<p><strong>Pan\u00ed p\u0159edsedo, ale my mluv\u00edme o d\u016fchodu.<\/strong><\/p>\n<p>Jan \u010cI\u017dINSK\u00dd,<br \/>\nAle to t\u00e9 pan\u00ed v\u016fbec nepom\u016f\u017ee, proto\u017ee ta pan\u00ed u\u017e je v d\u016fchodu.<\/p>\n<p><strong>Pane expremi\u00e9re, budou n\u011bjak v d\u016fchodech tedy zohled\u0148ov\u00e1ny matky podle po\u010dtu d\u011bt\u00ed?<\/strong><\/p>\n<p>Vladim\u00edr \u0160PIDLA<br \/>\nPrvn\u00ed v\u011bc, kterou jsem \u0159ekl, pr\u016fb\u011b\u017en\u00fd d\u016fchodov\u00fd syst\u00e9m je nesmrteln\u00fd, kdy\u017e se s n\u00edm zach\u00e1z\u00ed slu\u0161n\u011b. Ov\u0161em sou\u010dasn\u00fd d\u016fchodov\u00fd syst\u00e9m pr\u016fb\u011b\u017en\u00fd m\u00e1 celou \u0159adu nespravedlnost\u00ed, viz jedna byla uvedena. To, co je mo\u017en\u00e9 technicky a co je m\u016fj n\u00e1vrh, nev\u00edm, jestli se prosad\u00ed a tak d\u00e1le, je ten, \u017ee tu dobu, po kterou vychov\u00e1v\u00e1te d\u011bti, pova\u017eujete za odpracovanou dobu a zohled\u0148ujete ji v d\u016fchodov\u00e9m syst\u00e9mu. Tak\u017ee ten \u010dlov\u011bk, kdy\u017e by \u0161el do d\u016fchodu, tak by ho m\u011bl srovnateln\u00fd jako ten \u010dlov\u011bk, kter\u00fd pracoval.<\/p>\n<p>Jan \u010cI\u017dINSK\u00dd<br \/>\nJenom krati\u010dce. J\u00e1 jenom zareaguji, ale to se po\u0159\u00e1d t\u00fdk\u00e1 t\u011bch budouc\u00edch. A up\u0159\u00edmn\u011b \u0159e\u010deno, jako j\u00e1 nebudu v\u011b\u0159it st\u00e1tu, \u017ee spln\u00ed n\u011bjak\u00fd slib za dvacet let. Ten st\u00e1t m\u00e1 vyslat te\u010fka sign\u00e1l, \u017ee to s t\u011bmi \u017eenami, co vychovaly ty d\u011bti, mysl\u00ed v\u00e1\u017en\u011b. A potom by byla n\u011bjak\u00e1 d\u016fv\u011bra na m\u00edst\u011b.<\/p>\n<p>Vladim\u00edr \u0160PIDLA,<br \/>\nTam je druh\u00e9 opat\u0159en\u00ed, kter\u00e9 soci\u00e1ln\u00ed demokracie navrhuje, to jest minim\u00e1ln\u00ed d\u016fchod. To jest ka\u017edej, kdo m\u00e1 n\u00e1rok na d\u016fchod, tak by m\u011bl d\u016fchod v ur\u010dit\u00e9 v\u00fd\u0161i, co\u017e by pr\u00e1v\u011b zv\u00fdhodnilo tyto nebo respektive z\u010d\u00e1sti pomohlo t\u011bmto \u017een\u00e1m.<\/p>\n<p><strong>Tak pros\u00edm v\u00e1s p\u011bkn\u011b, j\u00e1 bych je\u0161t\u011b jednu v\u011bc, d\u016fle\u017eitou, proto\u017ee tady pan Dob\u00e1s je p\u0159edstavitel zase zaj\u00edmav\u00e9ho jin\u00e9ho typu budouc\u00edho d\u016fchodce, proto\u017ee pan Dobi\u00e1s, vy budete m\u00edt u\u017e brzo p\u011bt let do d\u016fchodu a t\u00edm p\u00e1dem m\u016f\u017eete j\u00edt do p\u0159edd\u016fchodu, ale podm\u00ednkou pros\u00edm je, \u017ee mus\u00edte m\u00edt naspo\u0159eno alespo\u0148 7300 korun na m\u011bs\u00edc, kter\u00e9 to, co jste si naspo\u0159il, tak v\u00e1m budou te\u010f milostiv\u011b pos\u00edlat a pak m\u016f\u017eete teda do p\u0159edd\u016fchodu, ale to pros\u00edm v\u00e1s znamen\u00e1, \u017ee t\u0159eba na dva roky, to je snad 180 tis\u00edc nebo kolik, a co v\u00e1m pak zbyde na st\u00e1\u0159\u00ed.<\/strong><\/p>\n<p>Zden\u011bk DOBI\u00c1S,<br \/>\nJ\u00e1 bych to teda up\u0159esnil. Tak zaprv\u00e9 mus\u00edm \u0159\u00edct, \u017ee 8. listopadu jsem m\u011bl u\u017e n\u00e1rok na pob\u00edr\u00e1n\u00ed p\u0159edd\u016fchodu, proto\u017ee p\u0159edd\u016fchod m\u016f\u017eete pob\u00edrat nejd\u0159\u00edve p\u011bt let p\u0159ed dovr\u0161en\u00edm starobn\u00edho d\u016fchodu. Abyste mohla \u010derpat p\u0159edd\u016fchod, tak mus\u00edte m\u00edt na\u0161et\u0159eno na ka\u017ed\u00fd m\u011bs\u00edc p\u0159edd\u016fchodu \u010d\u00e1stku 7530 korun. Co\u017e te\u010f zaokrouhl\u00edm, neberte to doslova, nebudu to po\u010d\u00edtat, d\u011bl\u00e1 na p\u011bt rok\u016f n\u011bjak\u00fdch 450 tis\u00edc. To prost\u011b mus\u00edte m\u00edt, jinak nem\u00e1te \u0161anci t\u011bch p\u011bt let \u010derpat p\u0159edd\u016fchod, ale vy to m\u016f\u017eete \u010derpat i krat\u0161\u00ed dobu. Nav\u00edc po dvou letech m\u016f\u017eete p\u0159eru\u0161it \u010derp\u00e1n\u00ed p\u0159edd\u016fchodu. V tom p\u0159edd\u016fchodu si m\u016f\u017eete vyd\u011blat neomezen\u011b. Tam v\u00e1s nikdo v tom neomezuje. Ale j\u00e1 chci \u0159\u00edct jednu v\u011bc. J\u00e1 jsem si od po\u010d\u00e1tku \u0161et\u0159il v t\u0159et\u00edm pil\u00ed\u0159i, penzijn\u00ed p\u0159ipoji\u0161t\u011bn\u00ed. V dobr\u00e9 v\u00ed\u0159e, \u017ee jednoho dne si p\u0159ilep\u0161\u00edm na starobn\u00ed d\u016fchod. A jak\u00fd je v\u00fdsledek? Co se tady d\u011bje v tom st\u00e1t\u011b, je to, \u017ee j\u00e1, by\u0165 m\u00e1m pom\u011brn\u011b vysokou kvalifikaci, tak nem\u016f\u017eu sehnat pr\u00e1ci, a to je zase na jin\u00e9 t\u00e9ma, pro\u010d nem\u016f\u017eu sehnat pr\u00e1ci, a v\u00fdsledek je, \u017ee mus\u00edm j\u00edt do p\u0159edd\u016fchodu a m\u00edsto, abych si t\u011bch pen\u011bz z toho penzijn\u00edho p\u0159ipoji\u0161t\u011bn\u00ed u\u017eil ve starobn\u00edm d\u016fchodu, tak j\u00e1 je vy\u010derp\u00e1m v p\u0159edd\u016fchodu. A te\u010f bych cht\u011bl \u0159\u00edci n\u011bco, co je holt ne\u0161t\u011bst\u00ed pro budouc\u00ed generace. J\u00e1 jsem ztratil pr\u00e1ci v 56 letech v\u011bku. Do 58 to n\u011bjak\u00fdm zp\u016fsobem jsem doklepal a te\u010f p\u016fjdu do p\u0159edd\u016fchodu. Tak\u017ee hypoteticky to n\u011bjak doklepu do toho starobn\u00edho d\u016fchodu. A te\u010f si vemte \u010dlov\u011bka, kter\u00fd m\u00e1 dneska 30 let, penzijn\u011b si spo\u0159\u00ed ve t\u0159et\u00edm pil\u00ed\u0159i, p\u0159ijde o pr\u00e1ci ne v 56 jak j\u00e1, v pades\u00e1ti? Mo\u017en\u00e1, \u017ee je\u0161t\u011b d\u0159\u00edve, proto\u017ee budouc\u00ed generace, kter\u00e9 nastoup\u00ed, budou je\u0161t\u011b agresivn\u011bj\u0161\u00ed, tak mo\u017en\u00e1 v 45 a z \u010deho bude \u017e\u00edt do 65, pokud p\u016fjde v sedmdes\u00e1ti do d\u016fchodu? Ptal se u\u017e n\u011bkdo?<\/p>\n<p><strong>Tak v\u00e1\u017een\u00ed, bohu\u017eel mus\u00edme kon\u010dit. Jestli chcete jednou v\u011btou, u\u017e p\u0159etahujeme.<\/strong><\/p>\n<p>V\u00edt JEDLI\u010cKA,<br \/>\nPokud budeme pokra\u010dovat tam, kam jsme se vydali, tak nezam\u011bstnanost v \u010cesk\u00e9 republice bude brzo podobn\u00e1 jako ve \u0160pan\u011blsku, budeme tu m\u00edt 25procentn\u00ed nezam\u011bstnanost a jsme na dobr\u00e9&#8230;<\/p>\n<p>Jan \u010cI\u017dINSK\u00dd,<br \/>\nJ\u00e1 bych jenom \u0159ekl, \u017ee nikam nevede stav\u011bt generace proti sob\u011b. Ty generace musej spolupracovat. Nikam nevede \u0159\u00edct, mlad\u00ed n\u00e1m berou, sta\u0159\u00ed n\u00e1m berou. Nikam to nevede. Musej spolupracovat na tom, aby ten syst\u00e9m byl udr\u017eiteln\u00fd.<\/p>\n<p><strong>Ano. Tak pros\u00edm. Z\u00e1v\u011brem jestli m\u016f\u017eete jednou v\u011btou, proto\u017ee to je opravdu smutn\u00e9. Tady pod\u00edvejte se, jak se to m\u011bn\u00ed. Pro m\u011b je to velmi v\u00fdznamn\u00e9. Pan Dobi\u00e1s si \u0159\u00e1dn\u011b \u0161et\u0159il a te\u010f to utrat\u00ed, aby v\u016fbec mohl b\u00fdt p\u0159edd\u016fchodce. Aby v\u016fbec vy\u017eil.<\/strong><\/p>\n<p>Tomio OKAMURA,<br \/>\nTak j\u00e1 s tou kritikou, kter\u00e1 tady je, souhlas\u00edm. Pr\u00e1v\u011b proto \u00dasvit p\u0159\u00edm\u00e9 demokracie \u0161el do politiky, aby se zasadil o zm\u011bnu. Tak\u017ee to, co je tady \u0159e\u010deno, ten stav je skute\u010dn\u011b po t\u011bch dvaceti letech neadekv\u00e1tn\u00ed, kdy ze zem\u011b, kter\u00e1 m\u011bla na d\u016fchodov\u00e9m \u00fa\u010dtu miliardy p\u0159ed dvaceti lety, najednou je zem\u011b, kter\u00e1 je zadlu\u017een\u00e1 a\u017e po u\u0161i. Ale to tady ud\u011blali ti politici za uplynul\u00fdch dvacet let.<\/p>\n<p><strong>Ano. Pane expremi\u00e9re.<\/strong><\/p>\n<p>Vladim\u00edr \u0160PIDLA,<br \/>\nOdpov\u011b\u010f alespo\u0148 \u010d\u00e1ste\u010dn\u00e1 na tuto situaci je dob\u0159e funguj\u00edc\u00ed soci\u00e1ln\u00ed st\u00e1t. Tam, kde funguje, tam je m\u00edra nezam\u011bstnanosti podstatn\u011b ni\u017e\u0161\u00ed a v\u0161echny tyto probl\u00e9my jsou v\u00fdrazn\u011b slab\u0161\u00ed. Nen\u00ed to dokonal\u00fd l\u00e9k, ale je to podstatn\u00fd l\u00e9k a funguje to.<\/p>\n<p><strong>No tak j\u00e1 mus\u00edm bohu\u017eel kon\u010dit. Ale pane p\u0159edsedo, co tomu \u0159\u00edk\u00e1te? Jako v\u011b\u0159\u00edte, \u017ee bude l\u00edp?<\/strong><\/p>\n<p>Zden\u011bk PERNES,<br \/>\nNo, m\u00e1me to sl\u00edben\u00fd, tak&#8230;<\/p>\n<p><strong>A v\u011b\u0159\u00edte tomu?<\/strong><\/p>\n<p>Zden\u011bk PERNES, co mn\u011b jin\u00fdho zb\u00fdv\u00e1.<\/p>\n<p><strong>Ano. Tady pan Dobi\u00e1s, v\u011b\u0159 a v\u00edra tv\u00e1 t\u011b uzdrav\u00ed. Mil\u00ed div\u00e1ci, je mi l\u00edto, mus\u00edme kon\u010dit. Na shledanou<\/strong><\/p>\n","protected":false},"excerpt":{"rendered":"<div class=\"mh-excerpt\"><p>\u00a0Op\u011bt se zdra\u017euje, ale d\u016fchody se nezvy\u0161uj\u00ed. Chystan\u00e1 valorizace o maxim\u00e1ln\u011b 45 korun je sp\u00ed\u0161e ur\u00e1\u017ekou senior\u016f ne\u017e p\u0159ilep\u0161en\u00edm. A je\u0161t\u011b h\u016f\u0159e na tom jsou <a class=\"mh-excerpt-more\" href=\"https:\/\/www.invarena.cz\/?p=13358\" title=\"\u0160pidla i Okamura jsou pro mimo\u0159\u00e1dnou valorizaci d\u016fchod\u016f\">[&#8230;]<\/a><\/p>\n<\/div>","protected":false},"author":1,"featured_media":2579,"comment_status":"open","ping_status":"open","sticky":false,"template":"","format":"standard","meta":{"footnotes":""},"categories":[12],"tags":[],"class_list":["post-13358","post","type-post","status-publish","format-standard","has-post-thumbnail","hentry","category-rozhovory"],"_links":{"self":[{"href":"https:\/\/www.invarena.cz\/index.php?rest_route=\/wp\/v2\/posts\/13358","targetHints":{"allow":["GET"]}}],"collection":[{"href":"https:\/\/www.invarena.cz\/index.php?rest_route=\/wp\/v2\/posts"}],"about":[{"href":"https:\/\/www.invarena.cz\/index.php?rest_route=\/wp\/v2\/types\/post"}],"author":[{"embeddable":true,"href":"https:\/\/www.invarena.cz\/index.php?rest_route=\/wp\/v2\/users\/1"}],"replies":[{"embeddable":true,"href":"https:\/\/www.invarena.cz\/index.php?rest_route=%2Fwp%2Fv2%2Fcomments&post=13358"}],"version-history":[{"count":0,"href":"https:\/\/www.invarena.cz\/index.php?rest_route=\/wp\/v2\/posts\/13358\/revisions"}],"wp:featuredmedia":[{"embeddable":true,"href":"https:\/\/www.invarena.cz\/index.php?rest_route=\/wp\/v2\/media\/2579"}],"wp:attachment":[{"href":"https:\/\/www.invarena.cz\/index.php?rest_route=%2Fwp%2Fv2%2Fmedia&parent=13358"}],"wp:term":[{"taxonomy":"category","embeddable":true,"href":"https:\/\/www.invarena.cz\/index.php?rest_route=%2Fwp%2Fv2%2Fcategories&post=13358"},{"taxonomy":"post_tag","embeddable":true,"href":"https:\/\/www.invarena.cz\/index.php?rest_route=%2Fwp%2Fv2%2Ftags&post=13358"}],"curies":[{"name":"wp","href":"https:\/\/api.w.org\/{rel}","templated":true}]}}