{"id":13416,"date":"2013-11-25T21:29:56","date_gmt":"2013-11-25T20:29:56","guid":{"rendered":"http:\/\/www.invarena.cz\/?p=13416"},"modified":"2014-10-20T20:05:06","modified_gmt":"2014-10-20T18:05:06","slug":"nevidome-zene-se-splnil-sen-studuje-v-basileji","status":"publish","type":"post","link":"https:\/\/www.invarena.cz\/?p=13416","title":{"rendered":"Nevidom\u00e9 \u017een\u011b se splnil sen, studuje v Basileji"},"content":{"rendered":"<p><strong>Nevidom\u00e1 mlad\u00e1 \u017eena vystudovala Jan\u00e1\u010dkovu konzervato\u0159 v Ostrav\u011b i pr\u00e1vnickou fakultu v Brn\u011b. Te\u010f si splnila sv\u016fj \u017eivotn\u00ed sen, nastoupila na Universitu star\u00e9 hudby ve \u0161v\u00fdcarsk\u00e9 Basileji.<!--more--><\/strong><\/p>\n<p>&nbsp;<\/p>\n<p>Pavla \u010cicho\u0148ov\u00e1 (na sn\u00edmku) z Ostravy se narodila jako nedono\u0161en\u00e9 d\u00edt\u011b a v inkub\u00e1toru p\u0159i\u0161la o zrak. P\u0159esto nikdy nechodila do speci\u00e1ln\u00edch \u0161kol, vystudovala Jan\u00e1\u010dkovu konzervato\u0159 v Ostrav\u011b i pr\u00e1vnickou fakultu v Brn\u011b.<\/p>\n<p>Del\u0161\u00ed dobu se nemohla rozhodnout mezi pr\u00e1vn\u00ed prax\u00ed a zp\u011bvem. Je toti\u017e talentovan\u00e1 sopranistka, za sv\u00e9 p\u011bveck\u00e9 v\u00fdkony u\u017e z\u00edskala \u0159adu ocen\u011bn\u00ed. P\u0159ed m\u011bs\u00edcem se ale vdala a ve sv\u00fdch osmadvaceti letech se vydala do \u0160v\u00fdcarska splnit si \u017eivotn\u00ed sen. Nastoupila na Universitu star\u00e9 hudby v Basileji. A stala se tak prvn\u00ed nevidomou studentkou v historii t\u00e9to presti\u017en\u00ed \u0161koly.<\/p>\n<p>&#8222;D\u011blala jsem zkou\u0161ky jako \u0159\u00e1dn\u00fd student ze zp\u011bvu, hry na cembalo a teorie hudby. D\u00edky dobr\u00e9mu v\u00fdkonu jsem byla p\u0159ijata k magistersk\u00e9mu studiu oboru star\u00e1 hudba od renesance po romantismus. Nejbli\u017e\u0161\u00ed je mi barokn\u00ed hudba, t\u00e9 bych se cht\u011bla v\u011bnovat p\u0159edev\u0161\u00edm,&#8220; sv\u011b\u0159uje se Pavla \u010cicho\u0148ov\u00e1, provdan\u00e1 Fl\u00e1mov\u00e1.<\/p>\n<p>P\u0159ed p\u00e1r dny pobyla kr\u00e1tce v Ostrav\u011b, aby si vy\u0159\u00eddila nov\u00e9 osobn\u00ed doklady. V ned\u011bli ale odjela zp\u00e1tky do \u0160v\u00fdcarska i se sv\u00fdm man\u017eelem, kter\u00fd si tam te\u010f hled\u00e1 pr\u00e1ci.<\/p>\n<p>&#8222;Bez podpory rodiny bych studium a pobyt v cizin\u011b nezvl\u00e1dla. Pom\u00e1h\u00e1 mi i finan\u010dn\u011b. St\u00e1le sh\u00e1n\u00edm stipendia, proto\u017ee \u0161koln\u00e9 stoj\u00ed 1 200 frank\u016f na semestr a \u017eivobyt\u00ed ve \u0160v\u00fdcarsku (bydlen\u00ed, strava, poji\u0161t\u011bn\u00ed a studijn\u00ed n\u00e1klady), je nesm\u00edrn\u011b drah\u00e9, pohybuje se okolo sedmi tis\u00edc frank\u016f na semestr. U n\u00e1s ale \u017e\u00e1dn\u00e1 \u0161kola takov\u00e9 vzd\u011bl\u00e1n\u00ed nenab\u00edz\u00ed. Starou hudbu u\u010d\u00ed jen dv\u011b univerzity v Evrop\u011b,&#8220; l\u00ed\u010d\u00ed mlad\u00e1 \u017eena.<\/p>\n<p>Jej\u00ed talent a \u017eivotn\u00ed p\u0159\u00edb\u011bh na\u0161t\u011bst\u00ed zaujal i Rotary klub Ostrava. Nevidom\u00e1 sopranistka se stala jedn\u00edm z n\u011bkolika des\u00edtek lid\u00ed, kter\u00fdm se rotari\u00e1ni rozhodli pomoci. &#8222;Plat\u00ed mi leto\u0161n\u00ed \u0161koln\u00e9 a p\u0159isp\u011bli i jednor\u00e1zovou \u010d\u00e1stkou ve v\u00fd\u0161i 50 tis\u00edc korun na dal\u0161\u00ed n\u00e1klady. Tak\u00e9 m\u011b nakontaktovali na \u0161v\u00fdcarsk\u00e9 rotari\u00e1nsk\u00e9 kolegy, kte\u0159\u00ed p\u0159isl\u00edbili finan\u010dn\u00ed pomoc pro tento rok, ale ta je zat\u00edm v jedn\u00e1n\u00ed,&#8220; \u0159\u00edk\u00e1 nevidom\u00e1 sopranistka, kter\u00e1 v Ostrav\u011b studovala u v\u011bhlasn\u00e9 opern\u00ed p\u011bvkyn\u011b Evy D\u0159\u00edzgov\u00e9 Jiru\u0161ov\u00e9.<\/p>\n<p>Mlad\u00e1 fronta DNES &#8211;<\/p>\n","protected":false},"excerpt":{"rendered":"<div class=\"mh-excerpt\"><p>Nevidom\u00e1 mlad\u00e1 \u017eena vystudovala Jan\u00e1\u010dkovu konzervato\u0159 v Ostrav\u011b i pr\u00e1vnickou fakultu v Brn\u011b. Te\u010f si splnila sv\u016fj \u017eivotn\u00ed sen, nastoupila na Universitu star\u00e9 hudby ve <a class=\"mh-excerpt-more\" href=\"https:\/\/www.invarena.cz\/?p=13416\" title=\"Nevidom\u00e9 \u017een\u011b se splnil sen, studuje v Basileji\">[&#8230;]<\/a><\/p>\n<\/div>","protected":false},"author":1,"featured_media":13417,"comment_status":"open","ping_status":"open","sticky":false,"template":"","format":"standard","meta":{"footnotes":""},"categories":[7],"tags":[],"class_list":["post-13416","post","type-post","status-publish","format-standard","has-post-thumbnail","hentry","category-spolecnost"],"_links":{"self":[{"href":"https:\/\/www.invarena.cz\/index.php?rest_route=\/wp\/v2\/posts\/13416","targetHints":{"allow":["GET"]}}],"collection":[{"href":"https:\/\/www.invarena.cz\/index.php?rest_route=\/wp\/v2\/posts"}],"about":[{"href":"https:\/\/www.invarena.cz\/index.php?rest_route=\/wp\/v2\/types\/post"}],"author":[{"embeddable":true,"href":"https:\/\/www.invarena.cz\/index.php?rest_route=\/wp\/v2\/users\/1"}],"replies":[{"embeddable":true,"href":"https:\/\/www.invarena.cz\/index.php?rest_route=%2Fwp%2Fv2%2Fcomments&post=13416"}],"version-history":[{"count":0,"href":"https:\/\/www.invarena.cz\/index.php?rest_route=\/wp\/v2\/posts\/13416\/revisions"}],"wp:featuredmedia":[{"embeddable":true,"href":"https:\/\/www.invarena.cz\/index.php?rest_route=\/wp\/v2\/media\/13417"}],"wp:attachment":[{"href":"https:\/\/www.invarena.cz\/index.php?rest_route=%2Fwp%2Fv2%2Fmedia&parent=13416"}],"wp:term":[{"taxonomy":"category","embeddable":true,"href":"https:\/\/www.invarena.cz\/index.php?rest_route=%2Fwp%2Fv2%2Fcategories&post=13416"},{"taxonomy":"post_tag","embeddable":true,"href":"https:\/\/www.invarena.cz\/index.php?rest_route=%2Fwp%2Fv2%2Ftags&post=13416"}],"curies":[{"name":"wp","href":"https:\/\/api.w.org\/{rel}","templated":true}]}}