{"id":13464,"date":"2013-11-26T20:19:21","date_gmt":"2013-11-26T19:19:21","guid":{"rendered":"http:\/\/www.invarena.cz\/?p=13464"},"modified":"2013-11-26T20:19:39","modified_gmt":"2013-11-26T19:19:39","slug":"v-olomouci-zacne-prodej-vanocnich-kvetin-na-pomoc-detem","status":"publish","type":"post","link":"https:\/\/www.invarena.cz\/?p=13464","title":{"rendered":"Za\u010dne prodej v\u00e1no\u010dn\u00edch kv\u011btin na pomoc d\u011btem"},"content":{"rendered":"<p><strong>Na 30 tis\u00edc tradi\u010dn\u00edch v\u00e1no\u010dn\u00edch kv\u011btin je letos p\u0159ipraveno na sb\u00edrku ur\u010denou pro mal\u00e9 pacienty hemato-onkologick\u00e9ho odd\u011blen\u00ed na d\u011btsk\u00e9 klinice Fakultn\u00ed nemocnice v Olomouci. S prodejci v\u00e1no\u010dn\u00edch hv\u011bzd se budou moci lid\u00e9 setkat od pond\u011bl\u00ed nap\u0159. v Olomouci, Litovli, Velk\u00e9 Byst\u0159ici, ale i jinde v \u010cesku.<!--more--> <\/strong><\/p>\n<p>&nbsp;<\/p>\n<p>Sb\u00edrka m\u00e1 ji\u017e dlouholetou tradici, kon\u00e1 se u\u017e 16 let. Mezi lidmi se setk\u00e1v\u00e1 s obrovskou solidaritu. Lo\u0148sk\u00fd v\u00fdt\u011b\u017eek \u010dinil t\u00e9m\u011b\u0159 p\u016fldruh\u00e9ho milionu korun, \u0159ekla koordin\u00e1torka sb\u00edrky Eva Dvo\u0159\u00e1kov\u00e1.<\/p>\n<p>&#8222;P\u016fvodn\u011b to byla pouze region\u00e1ln\u00ed sb\u00edrka, ale za\u010dali se oz\u00fdvat i lid\u00e9 z jin\u00fdch kout\u016f zem\u011b, kte\u0159\u00ed cht\u011bj\u00ed projektu pomoci. V\u00e1no\u010dn\u00ed hv\u011bzdy u\u017e tak dod\u00e1v\u00e1me po cel\u00e9 republice,&#8220; uvedla Dvo\u0159\u00e1kov\u00e1. Podotkla, \u017ee do sb\u00edrky se zapojuje na 600 a\u017e 700 dobrovoln\u00edk\u016f. Jsou mezi nimi vyl\u00e9\u010den\u00e9 d\u011bti a jejich rodiny, ale i zdravotn\u00ed person\u00e1l, p\u0159\u00e1tel\u00e9 \u0160ance &#8211; sdru\u017een\u00ed rodi\u010d\u016f a p\u0159\u00e1tel hematologicky a onkologicky nemocn\u00fdch d\u011bt\u00ed, kter\u00e9 sb\u00edrku organizuje.<\/p>\n<p>Od pond\u011bl\u00ed si kv\u011btinu, kter\u00e1 se stala symbolem V\u00e1noc, mohou lid\u00e9 koupit v Olomouci nap\u0159\u00edklad v galerii Caesar, na d\u011btsk\u00e9 klinice fakultn\u00ed nemocnice \u010di v tamn\u00edch obchodn\u00edch centrech. Prod\u00e1vat se bude tak\u00e9 v l\u00e1zn\u00edch Slatinice, \u010di v m\u011bstsk\u00e9m klubu v Litovli.<\/p>\n<p>Podle koordin\u00e1torky sb\u00edrky lidi neodradila ani krize. &#8222;\u010cekala jsem, kdy n\u00e1s to postihne. Ale v\u00fdt\u011b\u017eek n\u00e1m naopak st\u00e1le stoup\u00e1, nepoc\u00edtili jsme to. Z\u0159ejm\u011b lid\u00e9 vid\u00ed, \u017ee pen\u00edze z\u016fst\u00e1vaj\u00ed v regionu, a ch\u00e1pou i jejich \u00fa\u010del,&#8220; doplnila Dvo\u0159\u00e1kov\u00e1.<\/p>\n<p>V\u00fdt\u011b\u017eek sb\u00edrky putuje na pomoc t\u011b\u017ece nemocn\u00fdm d\u011btem a jejich rodin\u00e1m. Zp\u0159\u00edjem\u0148uje jim nap\u0159\u00edklad prostory d\u011btsk\u00e9 onkologie, z pen\u011bz se hrad\u00ed tak\u00e9 rekondi\u010dn\u00ed pobyty pro mal\u00e9 pacienty po l\u00e9\u010db\u011b, ale pom\u00e1haj\u00ed i rodin\u00e1m na zaplacen\u00ed poplatk\u016f za pobyt v nemocnic\u00edch.<\/p>\n","protected":false},"excerpt":{"rendered":"<div class=\"mh-excerpt\"><p>Na 30 tis\u00edc tradi\u010dn\u00edch v\u00e1no\u010dn\u00edch kv\u011btin je letos p\u0159ipraveno na sb\u00edrku ur\u010denou pro mal\u00e9 pacienty hemato-onkologick\u00e9ho odd\u011blen\u00ed na d\u011btsk\u00e9 klinice Fakultn\u00ed nemocnice v Olomouci. S <a class=\"mh-excerpt-more\" href=\"https:\/\/www.invarena.cz\/?p=13464\" title=\"Za\u010dne prodej v\u00e1no\u010dn\u00edch kv\u011btin na pomoc d\u011btem\">[&#8230;]<\/a><\/p>\n<\/div>","protected":false},"author":1,"featured_media":13465,"comment_status":"open","ping_status":"open","sticky":false,"template":"","format":"standard","meta":{"footnotes":""},"categories":[7],"tags":[],"class_list":["post-13464","post","type-post","status-publish","format-standard","has-post-thumbnail","hentry","category-spolecnost"],"_links":{"self":[{"href":"https:\/\/www.invarena.cz\/index.php?rest_route=\/wp\/v2\/posts\/13464","targetHints":{"allow":["GET"]}}],"collection":[{"href":"https:\/\/www.invarena.cz\/index.php?rest_route=\/wp\/v2\/posts"}],"about":[{"href":"https:\/\/www.invarena.cz\/index.php?rest_route=\/wp\/v2\/types\/post"}],"author":[{"embeddable":true,"href":"https:\/\/www.invarena.cz\/index.php?rest_route=\/wp\/v2\/users\/1"}],"replies":[{"embeddable":true,"href":"https:\/\/www.invarena.cz\/index.php?rest_route=%2Fwp%2Fv2%2Fcomments&post=13464"}],"version-history":[{"count":0,"href":"https:\/\/www.invarena.cz\/index.php?rest_route=\/wp\/v2\/posts\/13464\/revisions"}],"wp:featuredmedia":[{"embeddable":true,"href":"https:\/\/www.invarena.cz\/index.php?rest_route=\/wp\/v2\/media\/13465"}],"wp:attachment":[{"href":"https:\/\/www.invarena.cz\/index.php?rest_route=%2Fwp%2Fv2%2Fmedia&parent=13464"}],"wp:term":[{"taxonomy":"category","embeddable":true,"href":"https:\/\/www.invarena.cz\/index.php?rest_route=%2Fwp%2Fv2%2Fcategories&post=13464"},{"taxonomy":"post_tag","embeddable":true,"href":"https:\/\/www.invarena.cz\/index.php?rest_route=%2Fwp%2Fv2%2Ftags&post=13464"}],"curies":[{"name":"wp","href":"https:\/\/api.w.org\/{rel}","templated":true}]}}