{"id":13502,"date":"2013-11-27T10:47:04","date_gmt":"2013-11-27T09:47:04","guid":{"rendered":"http:\/\/www.invarena.cz\/?p=13502"},"modified":"2013-11-27T10:46:56","modified_gmt":"2013-11-27T09:46:56","slug":"reakce-mpsv-na-clanek-v-mediich-k-navrhu-na-zvyseni-maximalnich-sazeb-uhrad-za-poskytovane-socialni-sluzby","status":"publish","type":"post","link":"https:\/\/www.invarena.cz\/?p=13502","title":{"rendered":"MPSV se ohrazuje proti informac\u00edm v m\u00e9di\u00edch o chystan\u00e9m zv\u00fd\u0161en\u00ed \u00fahrad za soci\u00e1ln\u00ed slu\u017eby"},"content":{"rendered":"<p><strong>Ministerstvo pr\u00e1ce a soci\u00e1ln\u00edch v\u011bc\u00ed (MPSV) se ohrazuje proti zav\u00e1d\u011bj\u00edc\u00edm informac\u00edm, kter\u00e9 se objevily v \u010dl\u00e1nku na serveru Aktualn\u011b.cz (\u201eMPSV otev\u00edr\u00e1 cestu ke zdra\u017eov\u00e1n\u00ed soci\u00e1ln\u00ed p\u00e9\u010de\u201c. Pr\u00fd je interpretace <strong>nep\u0159esn\u00e1.<!--more--><\/strong><br \/>\n<\/strong><\/p>\n<p>&nbsp;<\/p>\n<p>V \u010dl\u00e1nku uv\u00e1d\u011bn\u00e1 kritika vych\u00e1z\u00ed jednak z nep\u0159esn\u00e9 interpretace n\u00e1vrhu novely prov\u00e1d\u011bc\u00ed vyhl\u00e1\u0161ky k z\u00e1konu o soci\u00e1ln\u00edch slu\u017eb\u00e1ch, a jednak z\u0159ejm\u011b z nepochopen\u00ed autora \u010dl\u00e1nku, jak sou\u010dasn\u00fd syst\u00e9m klient\u016fm \u00fahrady za soci\u00e1ln\u00ed slu\u017eby stanovuje.<\/p>\n<p>text \u010dl\u00e1nku <a href=\"https:\/\/www.invarena.cz\/?p=13402\"><strong>ZDE<\/strong><\/a><\/p>\n<p>Nejd\u0159\u00edve je nutn\u00e9 uv\u00e9st, \u017ee autor \u010dl\u00e1nku zcela opom\u00edj\u00ed podstatn\u00fd fakt a sice, \u017ee kryt\u00ed n\u00e1klad\u016f na soci\u00e1ln\u00ed slu\u017eby je v\u00edcezdrojov\u00e9. \u010cten\u00e1\u0159 m\u016f\u017ee nab\u00fdt dojem, \u017ee rostouc\u00ed n\u00e1klady na soci\u00e1ln\u00ed slu\u017eby mus\u00ed pokr\u00fdvat jedin\u011b MPSV, tj. st\u00e1t, prost\u0159ednictv\u00edm dotac\u00ed. Na financov\u00e1n\u00ed soci\u00e1ln\u00edch slu\u017eeb se v\u0161ak pod\u00edl\u00ed kraje, obce, sami poskytovatel\u00e9 soci\u00e1ln\u00ed p\u00e9\u010de z vlastn\u00edch zdroj\u016f nebo i \u010d\u00e1ste\u010dn\u011b klient za p\u0159isp\u011bn\u00ed sv\u00e9 rodiny.<\/p>\n<p>N\u00e1vrh MPSV na zv\u00fd\u0161en\u00ed strop\u016f \u00fahrad nav\u00edc vych\u00e1z\u00ed z po\u017eadavk\u016f p\u0159ev\u00e1\u017en\u00e9 \u010d\u00e1sti kraj\u016f, obc\u00ed i samotn\u00fdch poskytovatel\u016f soci\u00e1ln\u00edch slu\u017eeb, kte\u0159\u00ed po\u017eaduj\u00ed stanovit vy\u0161\u0161\u00ed \u010d\u00e1stky, ne\u017e navrhuje ministerstvo. Tento n\u00e1vrh je z\u00e1rove\u0148 ur\u010dit\u00fdm kompromisem mezi po\u017eadavky na \u00faplnou deregulaci \u00fahrad a sou\u010dasnou pr\u00e1vn\u00ed \u00fapravou.<\/p>\n<p>D\u00e1le je nutno zd\u016fraznit, \u017ee jde o n\u00e1vrh na vy\u0161\u0161\u00ed stropy \u00fahrad, nikoliv o jejich skute\u010dn\u00e9 v\u00fd\u0161e stanoven\u00e9 klient\u016fm a z\u00e1rove\u0148 z\u00e1le\u017e\u00ed na poskytovatel\u00edch, jak je s ohledem na p\u0159\u00edjmovou \u00farove\u0148 sv\u00fdch klient\u016f a mo\u017enosti sv\u00fdch dal\u0161\u00edch zdroj\u016f p\u0159\u00edjmu vyu\u017eij\u00ed \u010di nikoliv.<\/p>\n<p>V \u010dl\u00e1nku jsou rovn\u011b\u017e uvedeny zav\u00e1d\u011bj\u00edc\u00ed informace, kter\u00e9 se t\u00fdkaj\u00ed interpretace syst\u00e9mu stanoven\u00ed v\u00fd\u0161e \u00fahrad u\u017eivatel\u016fm soci\u00e1ln\u00edch slu\u017eeb. Ve \u010dten\u00e1\u0159i maj\u00ed z\u00e1m\u011brn\u011b vyvolat dojem, \u017ee \u010d\u00e1stky uv\u00e1d\u011bn\u00e9 jako maxim\u00e1ln\u00ed jsou vlastn\u011b v\u00fd\u0161e stanoven\u00e9 ve smlouv\u011b s klientem, kter\u00fd je nebude schopen uhradit, a proto bude slu\u017eby dost\u00e1vat v hor\u0161\u00ed kvalit\u011b nebo dokonce nebudou pro n\u011bj dostupn\u00e9. P\u0159itom autor \u010dl\u00e1nku si na citac\u00edch s n\u011bkter\u00fdmi poskytovateli slu\u017eeb s\u00e1m odpov\u00edd\u00e1, \u017ee klient s ni\u017e\u0161\u00edm nebo n\u00edzk\u00fdm p\u0159\u00edjmem je ochr\u00e1n\u011bn p\u0159ed takovou situac\u00ed, a to ji\u017e vlastn\u00edm stanoven\u00edm maxim\u00e1ln\u00ed v\u00fd\u0161e \u00fahrady, kter\u00fd poskytovatel nem\u016f\u017ee p\u0159ekro\u010dit. A pokud je pro n\u011bho z hlediska jeho p\u0159\u00edjmu stanoven\u00e1 \u00fahrada nedostupn\u00e1, tak se sn\u00ed\u017e\u00ed zaru\u010den\u00fdm z\u016fstatkem z p\u0159\u00edjmu na osobn\u00ed v\u00fddaje po zaplacen\u00ed \u00fahrady (v p\u0159\u00edpad\u011b pobytov\u00fdch slu\u017eeb) \u010di p\u0159ihl\u00e9dnut\u00edm poskytovatele k re\u00e1ln\u00e9 kupn\u00ed s\u00edle klienta.<\/p>\n<p>Cituje tak\u00e9 n\u00e1zor, \u017ee \u201enavrhovan\u00e9 mo\u017enosti zv\u00fd\u0161en\u00ed \u00fahrady n\u011bkte\u0159\u00ed poskytovatel\u00e9 ani nevyu\u017eij\u00ed\u201c. K n\u00e1mitce, \u017ee tak ztr\u00e1c\u00ed n\u00e1vrh smysl, lze uv\u00e9st, \u017ee na druh\u00e9 stran\u011b existuje i \u010d\u00e1st klient\u016f s vy\u0161\u0161\u00edm p\u0159\u00edjmem, kte\u0159\u00ed se mohou na \u00fahrad\u011b n\u00e1klad\u016f za poskytovan\u00e9 slu\u017eby v\u00edce pod\u00edlet a \u00fahradu v pln\u00e9 v\u00fd\u0161i zaplatit.<\/p>\n<p>Petr Sulek<br \/>\ntiskov\u00fd mluv\u010d\u00ed MPSV<\/p>\n","protected":false},"excerpt":{"rendered":"<div class=\"mh-excerpt\"><p>Ministerstvo pr\u00e1ce a soci\u00e1ln\u00edch v\u011bc\u00ed (MPSV) se ohrazuje proti zav\u00e1d\u011bj\u00edc\u00edm informac\u00edm, kter\u00e9 se objevily v \u010dl\u00e1nku na serveru Aktualn\u011b.cz (\u201eMPSV otev\u00edr\u00e1 cestu ke zdra\u017eov\u00e1n\u00ed soci\u00e1ln\u00ed <a class=\"mh-excerpt-more\" href=\"https:\/\/www.invarena.cz\/?p=13502\" title=\"MPSV se ohrazuje proti informac\u00edm v m\u00e9di\u00edch o chystan\u00e9m zv\u00fd\u0161en\u00ed \u00fahrad za soci\u00e1ln\u00ed slu\u017eby\">[&#8230;]<\/a><\/p>\n<\/div>","protected":false},"author":1,"featured_media":1226,"comment_status":"open","ping_status":"open","sticky":false,"template":"","format":"standard","meta":{"footnotes":""},"categories":[1,6],"tags":[],"class_list":["post-13502","post","type-post","status-publish","format-standard","has-post-thumbnail","hentry","category-nezarazene","category-politika"],"_links":{"self":[{"href":"https:\/\/www.invarena.cz\/index.php?rest_route=\/wp\/v2\/posts\/13502","targetHints":{"allow":["GET"]}}],"collection":[{"href":"https:\/\/www.invarena.cz\/index.php?rest_route=\/wp\/v2\/posts"}],"about":[{"href":"https:\/\/www.invarena.cz\/index.php?rest_route=\/wp\/v2\/types\/post"}],"author":[{"embeddable":true,"href":"https:\/\/www.invarena.cz\/index.php?rest_route=\/wp\/v2\/users\/1"}],"replies":[{"embeddable":true,"href":"https:\/\/www.invarena.cz\/index.php?rest_route=%2Fwp%2Fv2%2Fcomments&post=13502"}],"version-history":[{"count":0,"href":"https:\/\/www.invarena.cz\/index.php?rest_route=\/wp\/v2\/posts\/13502\/revisions"}],"wp:featuredmedia":[{"embeddable":true,"href":"https:\/\/www.invarena.cz\/index.php?rest_route=\/wp\/v2\/media\/1226"}],"wp:attachment":[{"href":"https:\/\/www.invarena.cz\/index.php?rest_route=%2Fwp%2Fv2%2Fmedia&parent=13502"}],"wp:term":[{"taxonomy":"category","embeddable":true,"href":"https:\/\/www.invarena.cz\/index.php?rest_route=%2Fwp%2Fv2%2Fcategories&post=13502"},{"taxonomy":"post_tag","embeddable":true,"href":"https:\/\/www.invarena.cz\/index.php?rest_route=%2Fwp%2Fv2%2Ftags&post=13502"}],"curies":[{"name":"wp","href":"https:\/\/api.w.org\/{rel}","templated":true}]}}