{"id":13538,"date":"2013-11-28T19:39:36","date_gmt":"2013-11-28T18:39:36","guid":{"rendered":"http:\/\/www.invarena.cz\/?p=13538"},"modified":"2013-11-28T19:43:57","modified_gmt":"2013-11-28T18:43:57","slug":"ministerstvo-prace-planuje-mimoradnou-valorizaci-duchodu-v-cervenci","status":"publish","type":"post","link":"https:\/\/www.invarena.cz\/?p=13538","title":{"rendered":"Ministerstvo pr\u00e1ce pl\u00e1nuje mimo\u0159\u00e1dnou valorizaci d\u016fchod\u016f v \u010dervenci"},"content":{"rendered":"<p><strong>Senio\u0159i mo\u017en\u00e1 p\u0159\u00ed\u0161t\u00ed rok nedostanou p\u0159id\u00e1no jen od ledna, ale tak\u00e9 je\u0161t\u011b od \u010dervence. Mimo\u0159\u00e1dnou valorizaci navrhuje ministerstvo pr\u00e1ce. Podle n\u011bj by si lid\u00e9, kte\u0159\u00ed \u0161li do penze p\u0159ed rokem 2013, m\u011bli od druh\u00e9ho pololet\u00ed polep\u0161it v pr\u016fm\u011bru o 271 korun m\u011bs\u00ed\u010dn\u011b.<\/strong><br \/>\n<!--more--><br \/>\nTi, co za\u010dali pob\u00edrat d\u016fchod letos, by mohli m\u00edt o 76 korun v\u00edc. N\u00e1vrh z\u00e1kona dostane vl\u00e1da. Aby za\u010dala norma platit, musel by ji schv\u00e1lit tak\u00e9 Parlament a podepsat prezident.<\/p>\n<p>D\u016fchodci a d\u016fchodkyn\u011b budou od ledna dost\u00e1vat v pr\u016fm\u011bru o 45 korun v\u00edc ne\u017e letos. Ministr pr\u00e1ce v demisi Franti\u0161ek Kon\u00ed\u010dek u\u017e d\u0159\u00edv \u0159ekl, \u017ee je to nedostate\u010dn\u00e9. Takov\u00e1to valorizace je podle n\u011bj nemravn\u00e1, v\u00edc ale pr\u00fd nyn\u011bj\u0161\u00ed z\u00e1kon nedovoluje p\u0159idat. Letos od ledna si senio\u0159i a seniorky polep\u0161ili proti lo\u0148sku v pr\u016fm\u011bru o 137 korun.<\/p>\n<p>Mimo\u0159\u00e1dn\u00e1 valorizace dorovn\u00e1 propad zp\u016fsoben\u00fd vl\u00e1dou Petra Ne\u010dase<\/p>\n<p>Podle z\u00e1kona se d\u016fchody zvy\u0161uj\u00ed v\u017edy od po\u010d\u00e1tku roku. Do lo\u0148ska starobn\u00ed penze rostly v pr\u016fm\u011bru nejm\u00e9n\u011b o r\u016fst cen a aspo\u0148 o t\u0159etinu vzestupu re\u00e1ln\u00fdch mezd. Ne\u010dasova vl\u00e1da p\u0159id\u00e1v\u00e1n\u00ed ve snaze udr\u017eet schodek rozpo\u010dtu zbrzdila. Od leto\u0161ka do roku 2015 se d\u016fchody zvedaj\u00ed o t\u0159etinu r\u016fstu re\u00e1ln\u00fdch mezd a procentn\u00ed \u010d\u00e1st penze o t\u0159etinu r\u016fstu cen. Mimo\u0159\u00e1dn\u00e1 valorizace m\u00e1 podle ministerstva propad dorovnat.<\/p>\n<p>D\u016fchody se skl\u00e1daj\u00ed z pevn\u00e9 \u010d\u00e1stky, kter\u00e1 je pro v\u0161echny stejn\u00e1. Nyn\u00ed \u010din\u00ed 2330 korun. Procentn\u00ed d\u00edl se stanovuje podle odpracovan\u00fdch let a odvod\u016f. Lidem, kte\u0159\u00ed dostali penzi do konce lo\u0148ska, by se procentn\u00ed \u010d\u00e1st m\u011bla zv\u00fd\u0161it o 3,1 procenta. T\u011bm, kte\u0159\u00ed pob\u00edraj\u00ed d\u016fchod od leto\u0161ka, by se od \u010dervence zvedla o 0,9 procenta.<\/p>\n<p>V\u00fddaje na penze zat\u00edm neporostou<\/p>\n<p>S vy\u0161\u0161\u00edmi v\u00fddaji na penze rozpo\u010det nepo\u010d\u00edt\u00e1. P\u0159\u00ed\u0161t\u00ed rok by bylo podle podklad\u016f pro vl\u00e1du pot\u0159eba 4,5 miliardy korun nav\u00edc, v roce 2015 pak 17,2 miliardy a v roce 2016 celkem 21,4 miliardy korun. Podle ministerstva pr\u00e1ce by kabinet proto m\u011bl ministrovi financ\u00ed ulo\u017eit, aby pen\u00edze zajistil.<\/p>\n<p>N\u00e1vrhu z\u00e1kona by se vl\u00e1da v demisi mohla v\u011bnovat je\u0161t\u011b p\u0159ed V\u00e1nocemi. Ministerstvo navrhuje, aby poslanci normu projednali zrychlen\u011b, tedy aby o n\u00ed hned hlasovali. Kdyby ji schv\u00e1lil i Sen\u00e1t a podepsal prezident, m\u011bla by b\u00fdt \u00fa\u010dinn\u00e1 od b\u0159ezna. \u010cesk\u00e1 spr\u00e1va soci\u00e1ln\u00edho zabezpe\u010den\u00ed by se tak na valorizaci stihla p\u0159ipravit.<\/p>\n<p><a href=\"http:\/\/www.parlamentnilisty.cz\/\">Parlamentnilisty.cz<\/a><\/p>\n","protected":false},"excerpt":{"rendered":"<div class=\"mh-excerpt\"><p>Senio\u0159i mo\u017en\u00e1 p\u0159\u00ed\u0161t\u00ed rok nedostanou p\u0159id\u00e1no jen od ledna, ale tak\u00e9 je\u0161t\u011b od \u010dervence. Mimo\u0159\u00e1dnou valorizaci navrhuje ministerstvo pr\u00e1ce. Podle n\u011bj by si lid\u00e9, kte\u0159\u00ed <a class=\"mh-excerpt-more\" href=\"https:\/\/www.invarena.cz\/?p=13538\" title=\"Ministerstvo pr\u00e1ce pl\u00e1nuje mimo\u0159\u00e1dnou valorizaci d\u016fchod\u016f v \u010dervenci\">[&#8230;]<\/a><\/p>\n<\/div>","protected":false},"author":1,"featured_media":0,"comment_status":"open","ping_status":"open","sticky":false,"template":"","format":"standard","meta":{"footnotes":""},"categories":[1],"tags":[],"class_list":["post-13538","post","type-post","status-publish","format-standard","hentry","category-nezarazene"],"_links":{"self":[{"href":"https:\/\/www.invarena.cz\/index.php?rest_route=\/wp\/v2\/posts\/13538","targetHints":{"allow":["GET"]}}],"collection":[{"href":"https:\/\/www.invarena.cz\/index.php?rest_route=\/wp\/v2\/posts"}],"about":[{"href":"https:\/\/www.invarena.cz\/index.php?rest_route=\/wp\/v2\/types\/post"}],"author":[{"embeddable":true,"href":"https:\/\/www.invarena.cz\/index.php?rest_route=\/wp\/v2\/users\/1"}],"replies":[{"embeddable":true,"href":"https:\/\/www.invarena.cz\/index.php?rest_route=%2Fwp%2Fv2%2Fcomments&post=13538"}],"version-history":[{"count":0,"href":"https:\/\/www.invarena.cz\/index.php?rest_route=\/wp\/v2\/posts\/13538\/revisions"}],"wp:attachment":[{"href":"https:\/\/www.invarena.cz\/index.php?rest_route=%2Fwp%2Fv2%2Fmedia&parent=13538"}],"wp:term":[{"taxonomy":"category","embeddable":true,"href":"https:\/\/www.invarena.cz\/index.php?rest_route=%2Fwp%2Fv2%2Fcategories&post=13538"},{"taxonomy":"post_tag","embeddable":true,"href":"https:\/\/www.invarena.cz\/index.php?rest_route=%2Fwp%2Fv2%2Ftags&post=13538"}],"curies":[{"name":"wp","href":"https:\/\/api.w.org\/{rel}","templated":true}]}}