{"id":13547,"date":"2013-11-28T12:30:58","date_gmt":"2013-11-28T11:30:58","guid":{"rendered":"http:\/\/www.invarena.cz\/?p=13547"},"modified":"2013-11-28T19:38:20","modified_gmt":"2013-11-28T18:38:20","slug":"dentalni-hygienistky-poradaji-akci-kartackem-to-nekonci","status":"publish","type":"post","link":"https:\/\/www.invarena.cz\/?p=13547","title":{"rendered":"Dent\u00e1ln\u00ed hygienistky po\u0159\u00e1daj\u00ed akci &#8211; Kart\u00e1\u010dkem to nekon\u010d\u00ed"},"content":{"rendered":"<p><strong>Asociace dent\u00e1ln\u00edch hygienistek po\u0159\u00e1d\u00e1 na p\u0159elomu listopadu a prosince osv\u011btovou akci &#8222;Kart\u00e1\u010dkem to nekon\u010d\u00ed.&#8220; D\u011bti na akci dostanou jako odm\u011bnu omalov\u00e1nky.\u00a0 <\/strong><br \/>\n<!--more--><\/p>\n<p><strong>I kdy\u017e lid\u00ed pravideln\u011b doch\u00e1zej\u00edc\u00edch k dent\u00e1ln\u00edm hygienik\u016fm je st\u00e1le v\u00edce, po\u0159\u00e1d to nesta\u010d\u00ed.<\/strong><\/p>\n<p>\u00darove\u0148 p\u00e9\u010de o chrup se v \u010cesku pomalu zlep\u0161uje. Roste po\u010det lid\u00ed, kte\u0159\u00ed chod\u00ed pravideln\u011b k zuba\u0159i a p\u0159edev\u0161\u00edm k dent\u00e1ln\u00edm hygienistk\u00e1m. Zat\u00edmco v roce 2011 pravideln\u011b nav\u0161t\u011bvovalo hygienisty 22 procent \u010desk\u00e9 populace, loni to u\u017e bylo 28 procent. R\u016fst o\u010dek\u00e1vaj\u00ed odborn\u00edci i v tomto roce. Zv\u00fd\u0161il se tak\u00e9 po\u010det \u010cech\u016f, kte\u0159\u00ed pravideln\u011b nav\u0161t\u011bvuj\u00ed zuba\u0159e, v roce 2011 to bylo 61 procent, loni 68 procent obyvatel.<\/p>\n<p>\u201eTento r\u016fst p\u0159isuzujeme osv\u011btov\u00fdm program\u016fm, lid\u00e9 tak\u00e9 za\u010d\u00ednaj\u00ed v\u00edce db\u00e1t o zdrav\u00fd \u017eivotn\u00ed styl, k n\u011bmu\u017e zdrav\u00e9 zuby bezpochyby pat\u0159\u00ed,\u201c uvedla Hana Ku\u010dov\u00e1, prezidentka Asociace dent\u00e1ln\u00edch hygienistek \u010cR. \u201eNa druhou stranu je tady st\u00e1le je\u0161t\u011b dost lid\u00ed, kte\u0159\u00ed se domn\u00edvaj\u00ed, \u017ee pokud je zuby a d\u00e1sn\u011b nebol\u00ed, jsou zdrav\u00e9. To je ov\u0161em omyl. Trv\u00e1 l\u00e9ta, ne\u017e \u010dlov\u011bk zaregistruje onemocn\u011bn\u00ed, kter\u00e1 vedou ke ztr\u00e1t\u011b zub\u016f \u2013 tedy p\u0159edev\u0161\u00edm zubn\u00ed kaz a onemocn\u011bn\u00ed parodontu. Pokud zuby nebo d\u00e1sn\u011b bol\u00ed, je u\u017e v\u011bt\u0161inou pozd\u011b a pacienta \u010dek\u00e1 velk\u00e1, bohu\u017eel mnohdy i nep\u0159\u00edjemn\u00e1, oprava,\u201c uvedla Ku\u010dov\u00e1.<\/p>\n<p>Nap\u0159\u00edklad zubn\u00ed kaz se m\u016f\u017ee tvo\u0159it 1 a\u017e 5 let, ne\u017e zabol\u00ed. Proto jsou preventivn\u00ed n\u00e1v\u0161t\u011bvy u dent\u00e1ln\u00edch hygienistek i zubn\u00edch l\u00e9ka\u0159\u016f tak d\u016fle\u017eit\u00e9. Pravideln\u00e9 n\u00e1v\u0161t\u011bvy ordinac\u00ed dent\u00e1ln\u00ed hygieny zkr\u00e1tka zaru\u010d\u00ed lidem, \u017ee se nemus\u00ed preventivn\u00edch prohl\u00eddek u stomatolog\u016f ob\u00e1vat.<\/p>\n<p>Dent\u00e1ln\u00ed hygienistky stanovuj\u00ed indexy stavu parodontu a \u010distoty chrupu, odstra\u0148uj\u00ed profesion\u00e1ln\u011b speci\u00e1ln\u00edmi n\u00e1stroji a p\u0159\u00edstroji hlavn\u00ed p\u0159\u00ed\u010diny vzniku zubn\u00edho kazu a onemocn\u011bn\u00ed parodontu &#8211; plak a zubn\u00ed k\u00e1men, sezn\u00e1m\u00ed pacienta s pom\u016fckami a technikami spr\u00e1vn\u00e9ho \u010di\u0161t\u011bn\u00ed zub\u016f, pom\u00e1haj\u00ed s n\u00e1cvikem dom\u00e1c\u00ed p\u00e9\u010de o chrup.<\/p>\n<p>Pro lep\u0161\u00ed osv\u011btu organizuje v t\u011bchto dnech Asociace dent\u00e1ln\u00edch hygienistek \u010cR akci &#8211; Kart\u00e1\u010dkem to nekon\u010d\u00ed, kter\u00e1 startuje<strong> 28. listopadu v Centrech zdrav\u00ed.<\/strong><\/p>\n<p>Dent\u00e1ln\u00ed hygienistky budou na st\u00e1nc\u00edch vysv\u011btlovat dosp\u011bl\u00fdm a d\u011btem z\u00e1klady zubn\u00ed hygieny, tedy techniky spr\u00e1vn\u00e9ho \u010di\u0161t\u011bn\u00ed zub\u016f, pou\u017e\u00edv\u00e1n\u00ed mezizubn\u00edch kart\u00e1\u010dk\u016f, \u00fastn\u00ed vody. Pro d\u011bti budou m\u00edt p\u0159ipraveny d\u011btsk\u00e9 verze kart\u00e1\u010dk\u016f, \u00fastn\u00ed vody a jako odm\u011bnu omalov\u00e1nky. Akce v Brn\u011b, Praze, Jihlav\u011b, Ostrav\u011b a Plzni trv\u00e1 do 1. prosince.<\/p>\n<p>Asociace dent\u00e1ln\u00edch hygienistek \u010cR dosud bojuje se \u0161patnou informovanost\u00ed ve\u0159ejnosti. Ta si je \u010dasto plete s \u201edent\u00e1ln\u00edmi kosmeti\u010dkami\u201c \u010di \u201edent\u00e1ln\u00edmi u\u010ditelkami\u201c, poskytuj\u00edc\u00edmi pouze b\u011blen\u00ed a v\u00fduku \u010di\u0161t\u011bn\u00ed zub\u016f.<\/p>\n<p>\u201eDent\u00e1ln\u00ed hygiena nav\u00edc nen\u00ed v \u010cR hrazena z ve\u0159ejn\u00e9ho zdravotn\u00edho poji\u0161t\u011bn\u00ed, p\u0159esto\u017ee prevence je v\u017edy levn\u011bj\u0161\u00ed, ne\u017e l\u00e9\u010dba. To si v\u0161ak mus\u00ed prozat\u00edm uv\u011bdomovat p\u0159edev\u0161\u00edm pacienti, proto\u017ee poji\u0161\u0165ovny v tomto ohledu p\u0159\u00edli\u0161 aktivn\u00ed nejsou,\u201c dod\u00e1v\u00e1 Ku\u010dov\u00e1.<\/p>\n<p>Cena jedn\u00e9 n\u00e1v\u0161t\u011bvy u hygienistky se pohybuje p\u0159ibli\u017en\u011b kolem jednoho tis\u00edce korun, v z\u00e1vislosti na provozn\u00edch n\u00e1kladech ordinace.<\/p>\n<p>&nbsp;<\/p>\n<p><strong>O asociaci dent\u00e1ln\u00edch hygienistek<\/strong><\/p>\n<p>Profesn\u00ed organizace, zalo\u017eena v roce 2000 jako ob\u010dansk\u00e9 sdru\u017een\u00ed, m\u00e1 nyn\u00ed v\u00edce ne\u017e 150 \u010dlen\u016f. Jej\u00edm c\u00edlem je sdru\u017eovat dent\u00e1ln\u00ed hygienistky a hygienisty, kte\u0159\u00ed cht\u011bj\u00ed svou profesi vykon\u00e1vat kvalitn\u011b, v souladu s etick\u00fdm kodexem a sou\u010dasn\u00fdmi trendy. ADH \u010cR je \u010dlenem EDHF (Evropsk\u00e9 federace dent\u00e1ln\u00edch hygienistek) a uch\u00e1z\u00ed se o \u010dlenstv\u00ed v mezin\u00e1rodn\u00ed federaci dent\u00e1ln\u00edch hygienistek (IFDH).<\/p>\n<p>Jej\u00edm c\u00edlem je zvy\u0161ovat \u00farove\u0148 a presti\u017e t\u00e9to profese v \u010cR v\u010detn\u011b jej\u00ed osv\u011bty, stanoven\u00ed po\u017eadavk\u016f na kvalitu v\u00fdkon\u016f a legislativn\u00edho ukotven\u00ed v syst\u00e9mu cel\u00e9 stomatologick\u00e9 p\u00e9\u010de.<\/p>\n<p>Ve\u0159ejnosti pak nab\u00edz\u00ed z\u00e1kladn\u00ed informace o tomto oboru, o pr\u016fb\u011bhu kvalitn\u00edho vy\u0161et\u0159en\u00ed a o\u0161et\u0159en\u00ed, o dom\u00e1c\u00ed p\u00e9\u010di o chrup pr\u00e1v\u011b prost\u0159ednictv\u00edm osv\u011btov\u00fdch akc\u00ed a projekt\u016f, prost\u0159ednictv\u00edm m\u00e9di\u00ed nebo na sv\u00fdch webov\u00fdch str\u00e1nk\u00e1ch (www.asociacedh.cz) v sekci pro laiky. Poskytuje zde tak\u00e9 mo\u017enost vyhledat si dent\u00e1ln\u00ed hygienistku &#8211; \u010dlenku ADH \u010cR &#8211; ve sv\u00e9m okol\u00ed.<\/p>\n<p>Mark\u00e9ta Pudilov\u00e1<br \/>\nTiskov\u00e1 zpr\u00e1va Asociace dent\u00e1ln\u00edch hygienistek<\/p>\n","protected":false},"excerpt":{"rendered":"<div class=\"mh-excerpt\"><p>Asociace dent\u00e1ln\u00edch hygienistek po\u0159\u00e1d\u00e1 na p\u0159elomu listopadu a prosince osv\u011btovou akci &#8222;Kart\u00e1\u010dkem to nekon\u010d\u00ed.&#8220; D\u011bti na akci dostanou jako odm\u011bnu omalov\u00e1nky.\u00a0<\/p>\n<\/div>","protected":false},"author":1,"featured_media":0,"comment_status":"open","ping_status":"open","sticky":false,"template":"","format":"standard","meta":{"footnotes":""},"categories":[11],"tags":[],"class_list":["post-13547","post","type-post","status-publish","format-standard","hentry","category-zdravi"],"_links":{"self":[{"href":"https:\/\/www.invarena.cz\/index.php?rest_route=\/wp\/v2\/posts\/13547","targetHints":{"allow":["GET"]}}],"collection":[{"href":"https:\/\/www.invarena.cz\/index.php?rest_route=\/wp\/v2\/posts"}],"about":[{"href":"https:\/\/www.invarena.cz\/index.php?rest_route=\/wp\/v2\/types\/post"}],"author":[{"embeddable":true,"href":"https:\/\/www.invarena.cz\/index.php?rest_route=\/wp\/v2\/users\/1"}],"replies":[{"embeddable":true,"href":"https:\/\/www.invarena.cz\/index.php?rest_route=%2Fwp%2Fv2%2Fcomments&post=13547"}],"version-history":[{"count":0,"href":"https:\/\/www.invarena.cz\/index.php?rest_route=\/wp\/v2\/posts\/13547\/revisions"}],"wp:attachment":[{"href":"https:\/\/www.invarena.cz\/index.php?rest_route=%2Fwp%2Fv2%2Fmedia&parent=13547"}],"wp:term":[{"taxonomy":"category","embeddable":true,"href":"https:\/\/www.invarena.cz\/index.php?rest_route=%2Fwp%2Fv2%2Fcategories&post=13547"},{"taxonomy":"post_tag","embeddable":true,"href":"https:\/\/www.invarena.cz\/index.php?rest_route=%2Fwp%2Fv2%2Ftags&post=13547"}],"curies":[{"name":"wp","href":"https:\/\/api.w.org\/{rel}","templated":true}]}}