{"id":13577,"date":"2013-12-07T11:12:08","date_gmt":"2013-12-07T10:12:08","guid":{"rendered":"http:\/\/www.invarena.cz\/?p=13577"},"modified":"2013-12-07T11:37:27","modified_gmt":"2013-12-07T10:37:27","slug":"pracovnici-uradu-prace-dostanou-od-prosince-pridano","status":"publish","type":"post","link":"https:\/\/www.invarena.cz\/?p=13577","title":{"rendered":"Pracovn\u00edci \u00fa\u0159ad\u016f pr\u00e1ce dostanou od prosince p\u0159id\u00e1no"},"content":{"rendered":"<p><strong>Pracovn\u00edci \u00fa\u0159ad\u016f pr\u00e1ce, spr\u00e1vy soci\u00e1ln\u00edho zabezpe\u010den\u00ed a inspekce pr\u00e1ce dostanou od prosince p\u0159id\u00e1no. N\u00e1vrh ministerstva pr\u00e1ce schv\u00e1lila vl\u00e1da v demisi. \u00da\u0159edn\u00edci budou m\u00edt v pr\u016fm\u011bru o 450 korun m\u011bs\u00ed\u010dn\u011b v\u00edc.<!--more--><\/strong><\/p>\n<p>&nbsp;<\/p>\n<p>\u0158\u00edk\u00e1 ministr pr\u00e1ce Franti\u0161ek Kon\u00ed\u010dek: &#8222;Co\u017e p\u0159i sou\u010dasn\u00e9 \u00farovni v rozpo\u010dtov\u00e9 sf\u00e9\u0159e nedos\u00e1hne ani 25 procent kompenzace toho rozd\u00edlu mezi t\u00edm, co nap\u0159\u00edklad maj\u00ed finan\u010dn\u00ed \u0159editelstv\u00ed nebo i jin\u00e9 rozpo\u010dtov\u00e9 organiza\u010dn\u00ed slo\u017eky st\u00e1tu. Agendy p\u0159ib\u00fdv\u00e1 a jejich platy nejenom, jaksi re\u00e1ln\u011b ale i nomin\u00e1ln\u011b v podstat\u011b \u0161ly od roku 2010 dol\u016f, po\u0159\u00e1d o 7 %. To je dlouhodob\u011b neudr\u017eiteln\u00e9.&#8220;<\/p>\n<p>P\u0159id\u00e1no tak dostane p\u0159es 18 tis\u00edc zam\u011bstnanc\u016f. Ministerstvo na nav\u00fd\u0161en\u00ed plat\u016f pot\u0159ebuje 134 miliony korun.<\/p>\n<p>Na \u00fa\u0159adech pr\u00e1ce pracuje osm tis\u00edc zam\u011bstnanc\u016f, pr\u016fm\u011brn\u00fd plat je dnes kolem 21 800 korun.<\/p>\n<p>podle report\u00e1\u017ee Radio\u017eurn\u00e1lu zaznamenala invArena<\/p>\n<p>&nbsp;<\/p>\n","protected":false},"excerpt":{"rendered":"<div class=\"mh-excerpt\"><p>Pracovn\u00edci \u00fa\u0159ad\u016f pr\u00e1ce, spr\u00e1vy soci\u00e1ln\u00edho zabezpe\u010den\u00ed a inspekce pr\u00e1ce dostanou od prosince p\u0159id\u00e1no. N\u00e1vrh ministerstva pr\u00e1ce schv\u00e1lila vl\u00e1da v demisi. \u00da\u0159edn\u00edci budou m\u00edt v pr\u016fm\u011bru <a class=\"mh-excerpt-more\" href=\"https:\/\/www.invarena.cz\/?p=13577\" title=\"Pracovn\u00edci \u00fa\u0159ad\u016f pr\u00e1ce dostanou od prosince p\u0159id\u00e1no\">[&#8230;]<\/a><\/p>\n<\/div>","protected":false},"author":1,"featured_media":0,"comment_status":"open","ping_status":"open","sticky":false,"template":"","format":"standard","meta":{"footnotes":""},"categories":[1],"tags":[],"class_list":["post-13577","post","type-post","status-publish","format-standard","hentry","category-nezarazene"],"_links":{"self":[{"href":"https:\/\/www.invarena.cz\/index.php?rest_route=\/wp\/v2\/posts\/13577","targetHints":{"allow":["GET"]}}],"collection":[{"href":"https:\/\/www.invarena.cz\/index.php?rest_route=\/wp\/v2\/posts"}],"about":[{"href":"https:\/\/www.invarena.cz\/index.php?rest_route=\/wp\/v2\/types\/post"}],"author":[{"embeddable":true,"href":"https:\/\/www.invarena.cz\/index.php?rest_route=\/wp\/v2\/users\/1"}],"replies":[{"embeddable":true,"href":"https:\/\/www.invarena.cz\/index.php?rest_route=%2Fwp%2Fv2%2Fcomments&post=13577"}],"version-history":[{"count":0,"href":"https:\/\/www.invarena.cz\/index.php?rest_route=\/wp\/v2\/posts\/13577\/revisions"}],"wp:attachment":[{"href":"https:\/\/www.invarena.cz\/index.php?rest_route=%2Fwp%2Fv2%2Fmedia&parent=13577"}],"wp:term":[{"taxonomy":"category","embeddable":true,"href":"https:\/\/www.invarena.cz\/index.php?rest_route=%2Fwp%2Fv2%2Fcategories&post=13577"},{"taxonomy":"post_tag","embeddable":true,"href":"https:\/\/www.invarena.cz\/index.php?rest_route=%2Fwp%2Fv2%2Ftags&post=13577"}],"curies":[{"name":"wp","href":"https:\/\/api.w.org\/{rel}","templated":true}]}}