{"id":13676,"date":"2013-12-03T10:31:03","date_gmt":"2013-12-03T09:31:03","guid":{"rendered":"http:\/\/www.invarena.cz\/?p=13676"},"modified":"2013-12-03T10:31:03","modified_gmt":"2013-12-03T09:31:03","slug":"na-jihu-moravy-rozvijeji-socialni-sluzby-za-miliardu","status":"publish","type":"post","link":"https:\/\/www.invarena.cz\/?p=13676","title":{"rendered":"Na jihu Moravy rozv\u00edjej\u00ed soci\u00e1ln\u00ed slu\u017eby za miliardu"},"content":{"rendered":"<p><strong>V Jihomoravsk\u00e9m kraji se vyd\u00e1 ro\u010dn\u011b v\u00edce ne\u017e 900 milion\u016f korun na soci\u00e1ln\u00ed slu\u017eby. Aby byly p\u0159id\u011bleny skute\u010dn\u011b na aktivity, kter\u00e9 jsou nejv\u00edce pot\u0159ebn\u00e9, m\u00e1 kraj zpracovan\u00fd pl\u00e1n jejich rozvoje.<\/strong><br \/>\n<!--more--><br \/>\nPr\u00e1ce na p\u0159\u00edprav\u011b detailn\u00edho pl\u00e1nu a jeho dal\u0161\u00edm rozvoji je sou\u010d\u00e1st\u00ed dvou projekt\u016f hrazen\u00fdch z Evropsk\u00e9ho soci\u00e1ln\u00edho fondu. \u201eKa\u017ed\u00fd \u010dlov\u011bk v ka\u017ed\u00e9 obci m\u00e1 zcela jin\u00e9 pot\u0159eby. Z centr\u00e1ln\u00edho hlediska lze tyto pot\u0159eby t\u011b\u017eko odhadnout. V\u00edt\u00e1me proto projekty, kter\u00e9 sm\u011bruj\u00ed finan\u010dn\u00ed pomoc tam, kde je skute\u010dn\u011b nutn\u00e1 a opodstatn\u011bn\u00e1,\u201c \u0159\u00edk\u00e1 ministr pr\u00e1ce a soci\u00e1ln\u00edch v\u011bc\u00ed Franti\u0161ek Kon\u00ed\u010dek.<\/p>\n<p>Proces komunitn\u00edho pl\u00e1nov\u00e1n\u00ed soci\u00e1ln\u00edch slu\u017eeb v Jihomoravsk\u00e9m kraji byl zah\u00e1jen ji\u017e v roce 2004. Jeho z\u00e1kladem je \u00fazk\u00e1 spolupr\u00e1ce kraje s obcemi. D\u00edky tomu se p\u0159esn\u011b v\u00ed, kde je pot\u0159eba zajistit v\u011bt\u0161\u00ed p\u00e9\u010di o seniory a kde je naopak lep\u0161\u00ed pos\u00edlit nap\u0159\u00edklad prevenci kriminality mladistv\u00fdch.<\/p>\n<p>Projekt Podpora pl\u00e1nov\u00e1n\u00ed rozvoje soci\u00e1ln\u00edch slu\u017eeb v Jihomoravsk\u00e9m krajibyl zah\u00e1jen v roce 2009 a jeho pokra\u010dov\u00e1n\u00edskon\u010dilo letos v \u0159\u00edjnu. Na oba projekty bylo p\u0159id\u011bleno cca 20 milion\u016f K\u010d.<\/p>\n<p>\u201eC\u00edlem prvn\u00edho projektu bylo zefektivnit nastaven\u00ed syst\u00e9mu, podpo\u0159it partnerstv\u00ed a vz\u00e1jemnou spolupr\u00e1ci kraje a obc\u00ed. Pot\u00e9 jsme se zam\u011b\u0159ili na anal\u00fdzu pot\u0159eb u\u017eivatel\u016f soci\u00e1ln\u00edch slu\u017eeb, jej\u00ed\u017e v\u00fdstupy byly d\u016fle\u017eit\u00fdm zdrojem pro tvorbu dal\u0161\u00edch strategick\u00fdch dokument\u016f a ovlivnily sm\u011b\u0159ov\u00e1n\u00ed cel\u00e9ho procesu,\u201c \u0159\u00edk\u00e1 koordin\u00e1torka projektu Martina Ble\u0161ov\u00e1.<\/p>\n<p>V r\u00e1mci anal\u00fdzy pot\u0159eb u\u017eivatel\u016f, do n\u00ed\u017e bylo zapojeno p\u0159es dva a p\u016fl tis\u00edce dotazovan\u00fdch, se tak nap\u0159\u00edklad potvrdilo, \u017ee v\u011bt\u0161ina z nich vy\u017eaduje v\u011bt\u0161\u00ed pestrost v nab\u00eddce slu\u017eeb a preferuje je \u010derpat v dom\u00e1c\u00edm prost\u0159ed\u00ed. U\u017eivatel\u00e9 cht\u011bj\u00ed b\u00fdt rovn\u011b\u017e informov\u00e1ni o dostupnosti jednotliv\u00fdch slu\u017eeb a m\u00edt k nim jednodu\u0161\u0161\u00ed p\u0159\u00edstup. Navazuj\u00edc\u00ed projekt realizovan\u00fd od roku 2011 rozv\u00edjel dosavadn\u00ed spolupr\u00e1ci a zam\u011b\u0159oval se na propojen\u00ed syst\u00e9mu pl\u00e1nov\u00e1n\u00ed a financov\u00e1n\u00ed soci\u00e1ln\u00edch slu\u017eeb. Poda\u0159ilo se tak nastavit krit\u00e9ria pro jejich hodnocen\u00ed a financov\u00e1n\u00ed.<\/p>\n<p>Soci\u00e1ln\u00ed slu\u017eby jsou zpravidla \u010d\u00e1ste\u010dn\u011b hrazeny u\u017eivateli, bez dotace by ale nebyly udr\u017eiteln\u00e9. Proto na n\u011b p\u0159isp\u00edvaj\u00ed obce, kraje a Ministerstvo pr\u00e1ce a soci\u00e1ln\u00edch v\u011bc\u00ed. Projekty Jihomoravsk\u00e9ho kraje, kter\u00e9 podporuje Evropsk\u00fd soci\u00e1ln\u00ed fond, pom\u00e1haj\u00ed zefektiv\u0148ovat vynakl\u00e1d\u00e1n\u00ed t\u011bchto prost\u0159edk\u016f z ve\u0159ejn\u00fdch rozpo\u010dt\u016f.<\/p>\n<p>\u201eLid\u00e9 tak z\u00edskaj\u00ed jistotu, \u017ee pokud bude v jejich obci podlo\u017een\u00e1 popt\u00e1vka po n\u011bjak\u00e9m typu slu\u017eby a jej\u00ed \u0159e\u0161en\u00ed bude pro m\u00edstn\u00ed samospr\u00e1vu prioritou, kraj tuto pot\u0159ebu zohledn\u00ed v r\u00e1mci dota\u010dn\u00edch syst\u00e9m\u016f. C\u00edlem je, aby kraj financoval slu\u017eby, kter\u00e9 jsou podlo\u017eeny pot\u0159ebnost\u00ed a jsou v dan\u00e9 lokalit\u011b prioritn\u00ed,\u201c popisuje Ble\u0161ov\u00e1. Syst\u00e9m z\u00e1rove\u0148 funguje jako prevence p\u0159ed \u00fa\u010delov\u011b vznikaj\u00edc\u00edmi firmami, kter\u00e9 nejsou v souladu s pot\u0159ebnost\u00ed v dan\u00e9m \u00fazem\u00ed.<\/p>\n<p>V Jihomoravsk\u00e9m kraji poskytuje soci\u00e1ln\u00ed slu\u017eby mnoho pr\u00e1vn\u00edch subjekt\u016f. Nejvy\u0161\u0161\u00ed procento z nich p\u0159edstavuj\u00ed neziskov\u00e9 organizace, tedy r\u016fzn\u00e9 spole\u010dnosti, kluby, spolky \u010di svazy. Teprve za nimi jsou p\u0159\u00edsp\u011bvkov\u00e9 organizace kraje a obc\u00ed.<\/p>\n<p>Nejpo\u010detn\u011bji jsou zastoupeny slu\u017eby soci\u00e1ln\u00ed p\u00e9\u010de. Takov\u00fdch slu\u017eeb v kraji p\u016fsob\u00ed skoro t\u0159i stovky a zapo\u010d\u00edtat mezi n\u011b lze nap\u0159\u00edklad domy pro seniory a osoby se zdravotn\u00edm posti\u017een\u00edm, denn\u00ed stacion\u00e1\u0159e, chr\u00e1n\u011bn\u00e1 bydlen\u00ed a mnoh\u00e9 dal\u0161\u00ed.<\/p>\n<p>K dispozici jsou tak\u00e9 slu\u017eby soci\u00e1ln\u00ed prevence s azylov\u00fdmi domy, soci\u00e1ln\u011b aktiviza\u010dn\u00edmi slu\u017ebami pro rodiny s d\u011btmi, n\u00edzkoprahov\u00fdmi za\u0159\u00edzen\u00edmi pro d\u011bti a ml\u00e1de\u017e, domy na p\u016fli cesty, ale t\u0159eba tak\u00e9 slu\u017eby n\u00e1sledn\u00e9 p\u00e9\u010de, telefonick\u00e1 krizov\u00e1 pomoc, terapeutick\u00e9 komunity a mnoh\u00e9 dal\u0161\u00ed.<\/p>\n<p>Petr Sulek<br \/>\nTiskov\u00e1 zpr\u00e1va MPSV<\/p>\n","protected":false},"excerpt":{"rendered":"<div class=\"mh-excerpt\"><p>V Jihomoravsk\u00e9m kraji se vyd\u00e1 ro\u010dn\u011b v\u00edce ne\u017e 900 milion\u016f korun na soci\u00e1ln\u00ed slu\u017eby. Aby byly p\u0159id\u011bleny skute\u010dn\u011b na aktivity, kter\u00e9 jsou nejv\u00edce pot\u0159ebn\u00e9, m\u00e1 <a class=\"mh-excerpt-more\" href=\"https:\/\/www.invarena.cz\/?p=13676\" title=\"Na jihu Moravy rozv\u00edjej\u00ed soci\u00e1ln\u00ed slu\u017eby za miliardu\">[&#8230;]<\/a><\/p>\n<\/div>","protected":false},"author":1,"featured_media":13421,"comment_status":"open","ping_status":"open","sticky":false,"template":"","format":"standard","meta":{"footnotes":""},"categories":[1],"tags":[],"class_list":["post-13676","post","type-post","status-publish","format-standard","has-post-thumbnail","hentry","category-nezarazene"],"_links":{"self":[{"href":"https:\/\/www.invarena.cz\/index.php?rest_route=\/wp\/v2\/posts\/13676","targetHints":{"allow":["GET"]}}],"collection":[{"href":"https:\/\/www.invarena.cz\/index.php?rest_route=\/wp\/v2\/posts"}],"about":[{"href":"https:\/\/www.invarena.cz\/index.php?rest_route=\/wp\/v2\/types\/post"}],"author":[{"embeddable":true,"href":"https:\/\/www.invarena.cz\/index.php?rest_route=\/wp\/v2\/users\/1"}],"replies":[{"embeddable":true,"href":"https:\/\/www.invarena.cz\/index.php?rest_route=%2Fwp%2Fv2%2Fcomments&post=13676"}],"version-history":[{"count":0,"href":"https:\/\/www.invarena.cz\/index.php?rest_route=\/wp\/v2\/posts\/13676\/revisions"}],"wp:featuredmedia":[{"embeddable":true,"href":"https:\/\/www.invarena.cz\/index.php?rest_route=\/wp\/v2\/media\/13421"}],"wp:attachment":[{"href":"https:\/\/www.invarena.cz\/index.php?rest_route=%2Fwp%2Fv2%2Fmedia&parent=13676"}],"wp:term":[{"taxonomy":"category","embeddable":true,"href":"https:\/\/www.invarena.cz\/index.php?rest_route=%2Fwp%2Fv2%2Fcategories&post=13676"},{"taxonomy":"post_tag","embeddable":true,"href":"https:\/\/www.invarena.cz\/index.php?rest_route=%2Fwp%2Fv2%2Ftags&post=13676"}],"curies":[{"name":"wp","href":"https:\/\/api.w.org\/{rel}","templated":true}]}}