{"id":13695,"date":"2014-04-15T12:39:00","date_gmt":"2014-04-15T10:39:00","guid":{"rendered":"http:\/\/www.invarena.cz\/?p=13695"},"modified":"2023-05-15T12:40:23","modified_gmt":"2023-05-15T10:40:23","slug":"penze-by-misto-uspor-mohly-zdrazit","status":"publish","type":"post","link":"https:\/\/www.invarena.cz\/?p=13695","title":{"rendered":"Penze by m\u00edsto \u00faspor mohly zdra\u017eit"},"content":{"rendered":"<p><strong>Danajsk\u00fd dar na rozlou\u010denou po sob\u011b zanech\u00e1 p\u0159\u00ed\u0161t\u00ed vl\u00e1d\u011b ministr pr\u00e1ce Franti\u0161ek Kon\u00ed\u010dek. Jeho resort dal n\u00e1vrh na mimo\u0159\u00e1dnou valorizaci penz\u00ed v p\u0159\u00ed\u0161t\u00edm roce a n\u00e1vrh zvy\u0161ovat do budoucna d\u016fchody podle zvl\u00e1\u0161\u0165 m\u011b\u0159en\u00e9 d\u016fchodcovsk\u00e9 inflace. Pokud by tyto zm\u011bny pro\u0161ly, st\u00e1tn\u00ed kasa bude muset na v\u00fdplatu penz\u00ed naj\u00edt v\u00edc pen\u011bz ne\u017e dnes.<\/strong><\/p>\n<p>Ministerstvo navrhuje, aby se od \u010dervence 2014 d\u016fchody mimo\u0159\u00e1dn\u011b zv\u00fd\u0161ily o 271 korun m\u011bs\u00ed\u010dn\u011b (pro leto\u0161n\u00ed d\u016fchodce o 76 korun) jako vynahrazen\u00ed minivalorizac\u00ed v lednu 2013 a 2014. To by p\u0159i\u0161lo na 4,6 miliardy. Nav\u00edc chce rozv\u00e1zat vl\u00e1d\u011b ruce, kter\u00e9 j\u00ed sv\u00e1zala p\u0159edchoz\u00ed st\u0159edopravicov\u00e1 koalice, a umo\u017enit j\u00ed zvy\u0161ovat sv\u00fdm rozhodnut\u00edm penze i v\u00edce, ne\u017e vel\u00ed infla\u010dn\u00ed statistika v sou\u010dasn\u00e9 dob\u011b.<\/p>\n<p>N\u00e1vrh, kter\u00fd by finan\u010dn\u011b p\u0159ilep\u0161il d\u016fchodc\u016fm, m\u00e1 ov\u0161em jeden h\u00e1\u010dek \u2013 rozpo\u010det s t\u011bmito pen\u011bzi nepo\u010d\u00edt\u00e1. V letech 2014 a\u017e 2016 by podle n\u011bj d\u016fchody m\u011bly p\u0159ij\u00edt o 44,17 miliardy korun dr\u00e1\u017e oproti tomu, co je napl\u00e1nov\u00e1no v legislativ\u011b dnes.<br \/>\nI v\u00edt\u011bzov\u00e9 voleb jsou k takov\u00e9mu navy\u0161ov\u00e1n\u00ed zdr\u017eenliv\u00ed.<\/p>\n<p>\u017d\u00e1dn\u00e1 z potenci\u00e1ln\u00edch koali\u010dn\u00edch stran tak daleko v p\u0159edvolebn\u00edch slibech d\u016fchodc\u016fm neza\u0161la. ANO m\u00e1 v programu valorizaci d\u016fchod\u016f v pln\u00e9 v\u00fd\u0161i r\u016fstu spot\u0159ebitelsk\u00fdch cen, \u010cSSD tak\u00e9 s t\u00edm, \u017ee by k tomu m\u011blo doj\u00edt u\u017e v roce 2015. Dnes je kv\u016fli minivalorizaci r\u016fst d\u016fchod\u016f omezen.<\/p>\n<p>&#8222;M\u011bli bychom o mimo\u0159\u00e1dn\u00e9 valorizaci uva\u017eovat. D\u016fchodci byli dost po\u0161kozeni omezenou valorizac\u00ed,&#8220; \u0159\u00edk\u00e1 neur\u010dit\u011b Roman Sklen\u00e1k, st\u00ednov\u00fd ministr pr\u00e1ce \u010cSSD. Kde na ni v rozpo\u010dtu vz\u00edt, v\u0161ak \u010cSSD nev\u00ed. &#8222;Mimo\u0159\u00e1dnou valorizaci te\u010f nediskutujeme, musela by se prov\u00e1zat se st\u00e1tn\u00edm rozpo\u010dtem, d\u016fchody jsou z\u00e1sadn\u00ed polo\u017eka,&#8220; \u0159\u00edk\u00e1 Jan Barto\u0161ek, st\u00ednov\u00fd ministr pr\u00e1ce za KDU-\u010cSL.<\/p>\n<p><strong>Penzist\u00e9 maj\u00ed m\u00edt vlastn\u00ed inflaci<\/strong><\/p>\n<p>Podle n\u00e1vrhu ministerstva by nov\u011b m\u011bly b\u00fdt penze zvy\u0161ov\u00e1ny o inflaci zm\u011b\u0159enou pro dom\u00e1cnosti d\u016fchodc\u016f nam\u00edsto b\u011b\u017en\u011b pou\u017e\u00edvan\u00e9 spot\u0159ebitelsk\u00e9 inflace. &#8222;Za posledn\u00edch deset let byl dopad cen do dom\u00e1cnost\u00ed d\u016fchodc\u016f o 0,7 a\u017e 0,8 procentn\u00edho bodu vy\u0161\u0161\u00ed, ne\u017e \u010dinila b\u011b\u017en\u00e1 spot\u0159ebitelsk\u00e1 inflace,&#8220; \u0159\u00edk\u00e1 Jan \u0160korp\u00edk ze sekce soci\u00e1ln\u011bpojistn\u00fdch syst\u00e9m\u016f MPSV. D\u016fvodem je zejm\u00e9na velk\u00fd pod\u00edl potravin v n\u00e1kupech penzist\u016f. Ty zdra\u017eovaly v posledn\u00ed dob\u011b kv\u016fli zvy\u0161ov\u00e1n\u00ed DPH. Do valorizace u\u017e by se na druhou stranu nov\u011b nep\u0159ipo\u010d\u00edt\u00e1vala t\u0159etina r\u016fstu re\u00e1ln\u00fdch mezd.<\/p>\n<p>Ve h\u0159e je tak\u00e9 ot\u00e1zka d\u016fchodov\u00e9ho v\u011bku. Ten je nyn\u00ed nastaven na automatick\u00e9 prodlu\u017eov\u00e1n\u00ed po roce 2040 o dva m\u011bs\u00edce ro\u010dn\u011b. \u010cesko je v tom unik\u00e1tn\u00ed a Evropsk\u00e1 komise mu letos ve sv\u00e9 zpr\u00e1v\u011b doporu\u010dila, aby pravidlo zm\u00edrnilo. Ministerstvo proto aktu\u00e1ln\u011b p\u0159ipravuje n\u00e1vrh pravideln\u00fdch reviz\u00ed d\u016fchodov\u00e9ho v\u011bku podle toho, jak poroste st\u0159edn\u00ed d\u00e9lka \u017eivota. To m\u00e1 v programu i ANO, \u010cSSD p\u0159ed volbami mluvila o nastaven\u00ed pevn\u00e9 v\u011bkov\u00e9 hranice pro odchod do d\u016fchodu.<\/p>\n<p>Pokus p\u0159edchoz\u00ed Ne\u010dasovy vl\u00e1dy p\u0159ibrzdit rostouc\u00ed v\u00fddaje na d\u016fchody tak bude z\u0159ejm\u011b rozebr\u00e1n. &#8222;St\u00e1tn\u00ed d\u016fchodov\u00fd syst\u00e9m vydr\u017e\u00ed stabilizovan\u00fd, jen kdy\u017e politici nezru\u0161\u00ed automatick\u00e9 prodlu\u017eov\u00e1n\u00ed v\u011bkov\u00e9 hranice odchodu do d\u016fchodu a kdy\u017e nebudou populisticky valorizovat v\u00edc, ne\u017e jak jsme vid\u011bli posledn\u00edch 20 letech,&#8220; \u0159\u00edk\u00e1 v rozhovoru pro MF DNES Vladim\u00edr Bezd\u011bk, od leto\u0161ka \u0161\u00e9f nejv\u011bt\u0161\u00ed penzijn\u00ed spole\u010dnosti pat\u0159\u00edc\u00ed \u010cesk\u00e9 poji\u0161\u0165ovn\u011b, kter\u00fd se pod\u00edlel na dvou expertn\u00edch vl\u00e1dn\u00edch skupin\u00e1ch zab\u00fdvaj\u00edc\u00edch se d\u016fchodovou reformou.<\/p>\n<p>Jitka Vlkov\u00e1<\/p>\n<p><a href=\"http:\/\/zpravy.idnes.cz\/mfdnes.asp\" target=\"_blank\" rel=\"noopener\">http:\/\/zpravy.idnes.cz\/ mfdnes.asp<\/a><\/p>\n","protected":false},"excerpt":{"rendered":"<div class=\"mh-excerpt\"><p>Danajsk\u00fd dar na rozlou\u010denou po sob\u011b zanech\u00e1 p\u0159\u00ed\u0161t\u00ed vl\u00e1d\u011b ministr pr\u00e1ce Franti\u0161ek Kon\u00ed\u010dek. Jeho resort dal n\u00e1vrh na mimo\u0159\u00e1dnou valorizaci penz\u00ed v p\u0159\u00ed\u0161t\u00edm roce a <a class=\"mh-excerpt-more\" href=\"https:\/\/www.invarena.cz\/?p=13695\" title=\"Penze by m\u00edsto \u00faspor mohly zdra\u017eit\">[&#8230;]<\/a><\/p>\n<\/div>","protected":false},"author":1,"featured_media":14424,"comment_status":"open","ping_status":"closed","sticky":false,"template":"","format":"standard","meta":{"footnotes":""},"categories":[1],"tags":[],"class_list":["post-13695","post","type-post","status-publish","format-standard","has-post-thumbnail","hentry","category-nezarazene"],"_links":{"self":[{"href":"https:\/\/www.invarena.cz\/index.php?rest_route=\/wp\/v2\/posts\/13695","targetHints":{"allow":["GET"]}}],"collection":[{"href":"https:\/\/www.invarena.cz\/index.php?rest_route=\/wp\/v2\/posts"}],"about":[{"href":"https:\/\/www.invarena.cz\/index.php?rest_route=\/wp\/v2\/types\/post"}],"author":[{"embeddable":true,"href":"https:\/\/www.invarena.cz\/index.php?rest_route=\/wp\/v2\/users\/1"}],"replies":[{"embeddable":true,"href":"https:\/\/www.invarena.cz\/index.php?rest_route=%2Fwp%2Fv2%2Fcomments&post=13695"}],"version-history":[{"count":0,"href":"https:\/\/www.invarena.cz\/index.php?rest_route=\/wp\/v2\/posts\/13695\/revisions"}],"wp:featuredmedia":[{"embeddable":true,"href":"https:\/\/www.invarena.cz\/index.php?rest_route=\/wp\/v2\/media\/14424"}],"wp:attachment":[{"href":"https:\/\/www.invarena.cz\/index.php?rest_route=%2Fwp%2Fv2%2Fmedia&parent=13695"}],"wp:term":[{"taxonomy":"category","embeddable":true,"href":"https:\/\/www.invarena.cz\/index.php?rest_route=%2Fwp%2Fv2%2Fcategories&post=13695"},{"taxonomy":"post_tag","embeddable":true,"href":"https:\/\/www.invarena.cz\/index.php?rest_route=%2Fwp%2Fv2%2Ftags&post=13695"}],"curies":[{"name":"wp","href":"https:\/\/api.w.org\/{rel}","templated":true}]}}