{"id":13702,"date":"2013-12-03T15:09:54","date_gmt":"2013-12-03T14:09:54","guid":{"rendered":"http:\/\/www.invarena.cz\/?p=13702"},"modified":"2013-12-03T15:38:03","modified_gmt":"2013-12-03T14:38:03","slug":"dnes-se-udelovala-narodni-cena-za-praci-v-socialnich-sluzbach","status":"publish","type":"post","link":"https:\/\/www.invarena.cz\/?p=13702","title":{"rendered":"Dnes se ud\u011blovala N\u00e1rodn\u00ed cena za pr\u00e1ci v soci\u00e1ln\u00edch slu\u017eb\u00e1ch"},"content":{"rendered":"<p><strong>Dnes se v Praze rozd\u00e1valy n\u00e1rodn\u00ed ceny za pr\u00e1ci v soci\u00e1ln\u00edch slu\u017eb\u00e1ch. Titul Pe\u010dovatelka roku 2013 z\u00edskaly Antonie Pleska\u010dov\u00e1 z domova pro seniory diakonie v Sobot\u00edn\u011b, L\u00fddie Konieczn\u00e1 (foto) z centra soci\u00e1ln\u00edch slu\u017eeb v \u010cesk\u00e9m T\u011b\u0161\u00edn\u011b a Petra Koma\u0161kov\u00e1 z hav\u00ed\u0159ovsk\u00e9ho centra Sant\u00e9.<!--more--><\/strong><\/p>\n<p>Nejlep\u0161\u00ed soci\u00e1ln\u00ed pracovnic\u00ed se stala<strong> Jana Hrdinov\u00e1<\/strong> z uherskobrodsk\u00e9 charity, ocen\u011bn\u00ed pro mana\u017eera roku si odnesl \u0159editel domova pro seniory v \u0160anov\u011b na Znojemsku <strong>Ji\u0159\u00ed Du\u0161ek<\/strong>.<\/p>\n<p>Po\u0159adatel\u00e9 ocen\u011bn\u00edm cht\u011bj\u00ed upozornit na pot\u0159ebnost pe\u010dovatelsk\u00e9ho povol\u00e1n\u00ed.<\/p>\n<p>Cenu ud\u011bluj\u00ed Diakonie \u010ceskobratrsk\u00e9 c\u00edrkve evangelick\u00e9 s Asociac\u00ed poskytovatel\u016f soci\u00e1ln\u00edch slu\u017eeb. Diakonie pat\u0159\u00ed v \u010cesku k nejv\u011bt\u0161\u00edm organizac\u00edm na pomoc senior\u016fm a posti\u017een\u00fdm. Asociace zast\u0159e\u0161uje provozovatele slu\u017eeb pro pot\u0159ebn\u00e9. N\u00e1rodn\u00ed ocen\u011bn\u00ed se letos rozd\u00e1valo poprv\u00e9. Vzniklo spojen\u00edm samostatn\u00fdch cen obou po\u0159adatel\u016f.<\/p>\n<p>&#8222;Je zapot\u0159eb\u00ed si p\u0159ipom\u00ednat, \u017ee pom\u00e1h\u00e1n\u00ed a p\u00e9\u010de jsou v\u00fdjime\u010dn\u00e9 povol\u00e1n\u00ed, kter\u00e9 zat\u00edm nen\u00ed v na\u0161\u00ed spole\u010dnosti docen\u011bno ani spole\u010denskou presti\u017e\u00ed, ani financemi,&#8220; uvedl \u0159editel Diakonie \u010cCE David \u0160ourek. Podle n\u011bj pr\u00e1v\u011b ti, kte\u0159\u00ed se staraj\u00ed o druh\u00e9, v praxi dokazuj\u00ed mezilidskou solidaritu.<\/p>\n<p>V \u010cesku v soci\u00e1ln\u00edch slu\u017eb\u00e1ch pracuje asi 43.000 lid\u00ed. Odbory u\u017e l\u00e9ta ne\u00fasp\u011b\u0161n\u011b usiluj\u00ed o zv\u00fd\u0161en\u00ed jejich mezd. Podle p\u0159ed\u00e1k\u016f si i s p\u0159\u00edplatky za p\u0159es\u010dasy, no\u010dn\u00ed a v\u00edkendy ti, co se staraj\u00ed o star\u00e9 \u010di handicapovan\u00e9 lidi, vyd\u011blaj\u00ed kolem 12.000 korun \u010dist\u00e9ho m\u011bs\u00ed\u010dn\u011b.<\/p>\n<p>Pe\u010dovatelka roku v pobytov\u00fdch slu\u017eb\u00e1ch Pleska\u010dov\u00e1 podle koleg\u016f p\u0159edstavuje pe\u010dovatelsk\u00fd ide\u00e1l. &#8222;Je to pe\u010dovatelka, kterou byste si p\u0159\u00e1li, aby se starala o va\u0161e rodi\u010de,&#8220; uvedli po\u0159adatel\u00e9. Podle nich t\u00fdm ocen\u011bn\u00e9 zav\u00e1d\u00ed do praxe i nov\u00e9 p\u0159\u00edstupy k p\u00e9\u010di o seniory.<\/p>\n<p>Pe\u010dovatelka ter\u00e9nn\u00edch slu\u017eeb Konieczn\u00e1 senior\u016fm pom\u00e1h\u00e1 u\u017e 20 let, Koma\u0161kov\u00e1 dostala ocen\u011bn\u00ed za sv\u016fj profesion\u00e1ln\u00ed a individu\u00e1ln\u00ed p\u0159\u00edstup. Soci\u00e1ln\u00ed pracovnice roku Hrdinov\u00e1 se pro pr\u00e1ci se seniory rozhodla po t\u011b\u017ek\u00fdch \u017eivotn\u00edch zku\u0161enostech. Nejlep\u0161\u00ed mana\u017eer soci\u00e1ln\u00edch slu\u017eeb Du\u0161ek prosazuje p\u00e9\u010di s ohledem na d\u016fstojnost klient\u016f.<\/p>\n<p>Uzn\u00e1n\u00ed z\u00edskalo i osm dal\u0161\u00edch pe\u010dovatelek, dva pe\u010dovatel\u00e9 a t\u0159i soci\u00e1ln\u00ed pracovnice. V internetov\u00e9m hlasov\u00e1n\u00ed zv\u00edt\u011bzila Alena \u0160m\u00eddov\u00e1 z Centra soci\u00e1ln\u00edch slu\u017eeb Kojet\u00edn, kter\u00e1 pracuje jako pe\u010dovatelka v ter\u00e9nu. Profesi se v\u011bnuje u\u017e 25 let.<\/p>\n<p>bli\u017e\u0161\u00ed informace a foto k ocen\u011bn\u00fdm p\u0159in\u00e1\u0161\u00ed nap\u0159. str\u00e1nky Diakonie <strong>http:\/\/www.pecovatelkaroku.cz\/cena-verejnosti\/<\/strong><\/p>\n","protected":false},"excerpt":{"rendered":"<div class=\"mh-excerpt\"><p>Dnes se v Praze rozd\u00e1valy n\u00e1rodn\u00ed ceny za pr\u00e1ci v soci\u00e1ln\u00edch slu\u017eb\u00e1ch. Titul Pe\u010dovatelka roku 2013 z\u00edskaly Antonie Pleska\u010dov\u00e1 z domova pro seniory diakonie v <a class=\"mh-excerpt-more\" href=\"https:\/\/www.invarena.cz\/?p=13702\" title=\"Dnes se ud\u011blovala N\u00e1rodn\u00ed cena za pr\u00e1ci v soci\u00e1ln\u00edch slu\u017eb\u00e1ch\">[&#8230;]<\/a><\/p>\n<\/div>","protected":false},"author":1,"featured_media":13703,"comment_status":"open","ping_status":"open","sticky":false,"template":"","format":"standard","meta":{"footnotes":""},"categories":[7],"tags":[],"class_list":["post-13702","post","type-post","status-publish","format-standard","has-post-thumbnail","hentry","category-spolecnost"],"_links":{"self":[{"href":"https:\/\/www.invarena.cz\/index.php?rest_route=\/wp\/v2\/posts\/13702","targetHints":{"allow":["GET"]}}],"collection":[{"href":"https:\/\/www.invarena.cz\/index.php?rest_route=\/wp\/v2\/posts"}],"about":[{"href":"https:\/\/www.invarena.cz\/index.php?rest_route=\/wp\/v2\/types\/post"}],"author":[{"embeddable":true,"href":"https:\/\/www.invarena.cz\/index.php?rest_route=\/wp\/v2\/users\/1"}],"replies":[{"embeddable":true,"href":"https:\/\/www.invarena.cz\/index.php?rest_route=%2Fwp%2Fv2%2Fcomments&post=13702"}],"version-history":[{"count":0,"href":"https:\/\/www.invarena.cz\/index.php?rest_route=\/wp\/v2\/posts\/13702\/revisions"}],"wp:featuredmedia":[{"embeddable":true,"href":"https:\/\/www.invarena.cz\/index.php?rest_route=\/wp\/v2\/media\/13703"}],"wp:attachment":[{"href":"https:\/\/www.invarena.cz\/index.php?rest_route=%2Fwp%2Fv2%2Fmedia&parent=13702"}],"wp:term":[{"taxonomy":"category","embeddable":true,"href":"https:\/\/www.invarena.cz\/index.php?rest_route=%2Fwp%2Fv2%2Fcategories&post=13702"},{"taxonomy":"post_tag","embeddable":true,"href":"https:\/\/www.invarena.cz\/index.php?rest_route=%2Fwp%2Fv2%2Ftags&post=13702"}],"curies":[{"name":"wp","href":"https:\/\/api.w.org\/{rel}","templated":true}]}}