{"id":13875,"date":"2013-12-08T14:27:00","date_gmt":"2013-12-08T13:27:00","guid":{"rendered":"http:\/\/www.invarena.cz\/?p=13875"},"modified":"2013-12-08T14:31:40","modified_gmt":"2013-12-08T13:31:40","slug":"jizerskou-padesatku-pojede-i-vozickar","status":"publish","type":"post","link":"https:\/\/www.invarena.cz\/?p=13875","title":{"rendered":"Jizerskou pades\u00e1tku pojede i voz\u00ed\u010dk\u00e1\u0159"},"content":{"rendered":"<p><strong>Slavn\u00fd z\u00e1vod Jizersk\u00e1 50, kter\u00fd odstartuje dvan\u00e1ct\u00e9ho ledna, bude v jednom ohledu unik\u00e1tn\u00ed. V\u016fbec poprv\u00e9 v historii absolvuje podle report\u00e1\u017ee TV Barrandov b\u011b\u017eka\u0159sk\u00fd maraton handicapovan\u00fd ly\u017ea\u0159.<!--more--><\/strong>\/ilustra\u010dn\u00ed sn\u00edmek\/<\/p>\n<p>&nbsp;<\/p>\n<p>\u0160estadvacetilet\u00fd z\u00e1vodn\u00edk pojede na speci\u00e1ln\u011b upraven\u00fdch ly\u017e\u00edch pro voz\u00ed\u010dk\u00e1\u0159e.<\/p>\n<p>Jizersk\u00e9 50 se cht\u011bl z\u00fa\u010dastnit je\u0161t\u011b jako zdrav\u00fd sportovec. V\u00e1\u017en\u00e1 nehoda ho ale p\u0159ipoutala na invalidn\u00ed voz\u00edk. Jan Tom\u00e1nek si v\u0161ak sv\u016fj sen spln\u00ed a tradi\u010dn\u00ed z\u00e1vod pojede jako prvn\u00ed handicapovan\u00fd \u010cech. N\u00e1ro\u010dnou tra\u0165 absolvuje na speci\u00e1ln\u00edch b\u011b\u017ek\u00e1ch pro voz\u00ed\u010dk\u00e1\u0159e, zvan\u00fdch sle\u010d.<\/p>\n<p>Jan TOM\u00c1NEK &#8222;Tady jde o to hlavn\u011b to dojet a n\u011bjak\u00fdm zp\u016fsobem to p\u0159e\u017e\u00edt a mysl\u00edm si, \u017ee nen\u00ed d\u016fvod b\u00fdt nerv\u00f3zn\u00ed, mo\u017en\u00e1 ze za\u010d\u00e1tku, p\u0159ece jenom bude velik\u00fd chumel lid\u00ed, budou tam tis\u00edce lid\u00ed a to je tro\u0161inku nebezpe\u010dn\u00fd, tro\u0161ku limituj\u00edc\u00ed, ale na samotnej z\u00e1vod se stra\u0161n\u011b t\u011b\u0161\u00edm.&#8220;<\/p>\n<p>\u0160estadvacetilet\u00fd Tom\u00e1nek je ochrnut\u00fd od patn\u00e1cti let, kdy ho srazilo auto. S t\u011b\u017ek\u00fdm osudem se v\u0161ak nau\u010dil \u017e\u00edt a z\u00e1vod bere jako velkou v\u00fdzvu.<\/p>\n<p>Jan TOM\u00c1NEK:&#8220;Moj\u00ed takovou vysn\u011bnou metou je dostat se n\u011bkde na hranici p\u011bti hodin, co\u017e si mysl\u00edm, \u017ee kdy\u017e vyjde po\u010das\u00ed, bude dob\u0159e namaz\u00e1no a budu se c\u00edtit dob\u0159e, je re\u00e1lnej c\u00edl. &#8220;<\/p>\n<p>Z\u00e1vodn\u00edk, kter\u00fd je mimo jin\u00e9 \u010desk\u00fdm reprezentantem v silni\u010dn\u00ed paracyklistice by t\u00edmto \u010dinem nejen r\u00e1d p\u0159ekonal svoje vlastn\u00ed hranice, ale tak\u00e9 upozornil na to, jak je sport handicapovan\u00fdch n\u00e1ro\u010dn\u00fd a nedocen\u011bn\u00fd.<\/p>\n<p>Jan TOM\u00c1NEK&#8220;J\u00e1 bych prost\u011b cht\u011bl p\u0159isp\u011bt k tomu, aby se nastartoval t\u0159eba nov\u00fd trend, \u017ee i handicapovan\u00ed sportovci by se mohli naplno v\u011bnovat sportu a sportovn\u00ed \u010dinnost\u00ed se \u017eivit.&#8220;<\/p>\n<p>podle report\u00e1\u017ee TV Barrandov zaznamenala invArena<\/p>\n","protected":false},"excerpt":{"rendered":"<div class=\"mh-excerpt\"><p>Slavn\u00fd z\u00e1vod Jizersk\u00e1 50, kter\u00fd odstartuje dvan\u00e1ct\u00e9ho ledna, bude v jednom ohledu unik\u00e1tn\u00ed. V\u016fbec poprv\u00e9 v historii absolvuje podle report\u00e1\u017ee TV Barrandov b\u011b\u017eka\u0159sk\u00fd maraton handicapovan\u00fd <a class=\"mh-excerpt-more\" href=\"https:\/\/www.invarena.cz\/?p=13875\" title=\"Jizerskou pades\u00e1tku pojede i voz\u00ed\u010dk\u00e1\u0159\">[&#8230;]<\/a><\/p>\n<\/div>","protected":false},"author":1,"featured_media":13876,"comment_status":"open","ping_status":"closed","sticky":false,"template":"","format":"standard","meta":{"footnotes":""},"categories":[7],"tags":[],"class_list":["post-13875","post","type-post","status-publish","format-standard","has-post-thumbnail","hentry","category-spolecnost"],"_links":{"self":[{"href":"https:\/\/www.invarena.cz\/index.php?rest_route=\/wp\/v2\/posts\/13875","targetHints":{"allow":["GET"]}}],"collection":[{"href":"https:\/\/www.invarena.cz\/index.php?rest_route=\/wp\/v2\/posts"}],"about":[{"href":"https:\/\/www.invarena.cz\/index.php?rest_route=\/wp\/v2\/types\/post"}],"author":[{"embeddable":true,"href":"https:\/\/www.invarena.cz\/index.php?rest_route=\/wp\/v2\/users\/1"}],"replies":[{"embeddable":true,"href":"https:\/\/www.invarena.cz\/index.php?rest_route=%2Fwp%2Fv2%2Fcomments&post=13875"}],"version-history":[{"count":0,"href":"https:\/\/www.invarena.cz\/index.php?rest_route=\/wp\/v2\/posts\/13875\/revisions"}],"wp:featuredmedia":[{"embeddable":true,"href":"https:\/\/www.invarena.cz\/index.php?rest_route=\/wp\/v2\/media\/13876"}],"wp:attachment":[{"href":"https:\/\/www.invarena.cz\/index.php?rest_route=%2Fwp%2Fv2%2Fmedia&parent=13875"}],"wp:term":[{"taxonomy":"category","embeddable":true,"href":"https:\/\/www.invarena.cz\/index.php?rest_route=%2Fwp%2Fv2%2Fcategories&post=13875"},{"taxonomy":"post_tag","embeddable":true,"href":"https:\/\/www.invarena.cz\/index.php?rest_route=%2Fwp%2Fv2%2Ftags&post=13875"}],"curies":[{"name":"wp","href":"https:\/\/api.w.org\/{rel}","templated":true}]}}