{"id":13896,"date":"2013-12-10T11:57:01","date_gmt":"2013-12-10T10:57:01","guid":{"rendered":"http:\/\/www.invarena.cz\/?p=13896"},"modified":"2013-12-12T09:28:44","modified_gmt":"2013-12-12T08:28:44","slug":"remeslnik-se-stal-invalidou-ted-chce-na-nemocnici-15-milionu","status":"publish","type":"post","link":"https:\/\/www.invarena.cz\/?p=13896","title":{"rendered":"\u0158emesln\u00edk se stal invalidou. Te\u010f chce na nemocnici 1,5 milionu"},"content":{"rendered":"<p><strong>Tvrd\u00ed, \u017ee l\u00e9ka\u0159i a jejich chyby z n\u011bj ud\u011blali mrz\u00e1ka \u017eij\u00edc\u00edho v b\u00edd\u011b. Richard K\u00f6hler ze Svobody nad \u00dapou si p\u0159ed t\u0159emi roky zlomil nohu. L\u00e9\u010dba zran\u011bn\u00ed ve vrchlabsk\u00e9 nemocnici vedla k tomu, \u017ee m\u00e1 nyn\u00ed kon\u010detinu o n\u011bkolik centimetr\u016f krat\u0161\u00ed. S nemocn\u00edc se te\u010f soud\u00ed o od\u0161kodn\u00e9.<!--more--><\/strong><\/p>\n<p>Report\u00e1\u017e TV Barrandov:<br \/>\nBez berle se Richard K\u00f6hler neobejde ani v kuchyni. A jak\u00fdkoliv pohyb je pro n\u011bj probl\u00e9m. V\u0161e kv\u016fli drsn\u00fdm n\u00e1sledk\u016fm t\u0159i roky star\u00e9ho p\u00e1du z le\u0161en\u00ed.<\/p>\n<p>Richard K\u00d6HLER&#8220;Abych si zachoval pud sebez\u00e1chovy, tak jsem se odrazil a sesko\u010dil jsem a blb\u011b jsem asi dopadl, tak\u017ee kdy\u017e jsem se oto\u010dil, tak m\u011b koukala kost z nohy ven.&#8220;<\/p>\n<p>Skon\u010dil v nemocnici ve Vrchlab\u00ed, kde mu ukrajinsk\u00fd l\u00e9ka\u0159 nohu se\u0161rouboval a st\u00e1hl. Po \u00faprav\u011b jin\u00fdm tamn\u00edm l\u00e9ka\u0159em se mu ale konstrukce zk\u0159ivila a nohu mu museli op\u011bt rovnat. Pak je\u0161t\u011b dvakr\u00e1t.<\/p>\n<p>Richard K\u00d6HLER:&#8220;Po t\u011bchto incidentech jsem p\u0159i\u0161el dom\u016f a \u0159ekl jsem sv\u00fd p\u0159\u00edtelkyni: j\u00e1 u\u017e v tu nemocnici nev\u011b\u0159\u00edm, mn\u011b se to tam nel\u00edb\u00ed, j\u00e1 u\u017e na \u017e\u00e1dnou operaci prost\u011b nep\u016fjdu.&#8220;<\/p>\n<p>P\u0159esv\u011bd\u010dit se nechal a\u017e pot\u00e9, co se pojistil. A bylo proti \u010demu. R\u00e1na se toti\u017e po vnesen\u00ed dlahy zan\u00edtila a nehojila.<\/p>\n<p>Richard K\u00d6HLER,&#8220;Jeden steh byl prasklej a z toho vytejkalo. J\u00e1 \u0159\u00edk\u00e1m: m\u011bli byste tu dlahu vyndat. Tam se n\u011bco d\u011bje, tam n\u011bco hnije. A on \u0159\u00edk\u00e1: a kdepak jste \u0161tudoval, pane K\u00f6hlere?&#8220;<\/p>\n<p>L\u00e9ka\u0159e nep\u0159esv\u011bd\u010dil. Dlaha v noze z\u016fstala a z\u00e1n\u011bt nar\u016fstal. P\u0159ed u\u0159\u00edznut\u00edm nohy ho zachr\u00e1nili a\u017e l\u00e9ka\u0159i v Liberci, kte\u0159\u00ed mu ji museli zkr\u00e1tit a znehybnit kloub. B\u011b\u017en\u011b l\u00e9\u010diteln\u00e1 zlomenina nohy tak ud\u011blala z klemp\u00ed\u0159e invalidn\u00edho d\u016fchodce s m\u011bs\u00ed\u010dn\u00edm p\u0159\u00edjmem 4,5 tis\u00edce korun.<\/p>\n<p>Richard K\u00d6HLER, &#8222;Kdy\u017e se mi to stalo, j\u00e1 jsem m\u011bl leasing na auto, m\u011bl jsem hypot\u00e9ku, nebo m\u00e1me hypot\u00e9ku spole\u010dnou. Dneska to vid\u00edm, \u017ee j\u00e1 jsem za chvilku bezdomovec. Tvrd\u011b.&#8220;<\/p>\n<p>Te\u010f spol\u00e9h\u00e1 na soudn\u00ed spor, kter\u00fd s nemocnic\u00ed vede. Po\u017eaduje od\u0161kodn\u00e9 p\u016fl druh\u00e9ho milionu korun a dvacetitis\u00edcovou rentu. Verdikt v\u0161ak st\u00e1le nepadl. I kdy\u017e mu dal \u010d\u00e1ste\u010dn\u011b za pravdu posudek Kr\u00e1lov\u00e9hradeck\u00e9ho kraje, nemocnice m\u00e1 vlastn\u00ed.<\/p>\n<p>\u0158editele nemocnice a sen\u00e1tora Vladim\u00edra Drymla nakonec TV Barrandov dohnala a\u017e po telefonu.<\/p>\n<p>Vladim\u00edr DRYML&#8220;N\u00e1\u0161 postoj je jasn\u00fd, stejn\u011b tak jako postoj soudn\u00edho znalce. My jsme nepochybili a to je jedin\u00fd, co v\u00e1m k tomu m\u016f\u017eu \u0159\u00edct. Prost\u011b my jsme mu \u017e\u00e1dnou \u0161kodu nezp\u016fsobili.&#8220;<\/p>\n<p>Nemocnice ve Vrchlab\u00ed ale nen\u00ed p\u0159ed soudem poprv\u00e9. Letos policie obvinila jednoho z tamn\u00edch l\u00e9ka\u0159\u016f z usmrcen\u00ed pacienta z nedbalosti. A dal\u0161\u00ed dva p\u0159\u00edpady \u00famrt\u00ed prov\u011b\u0159uje.<\/p>\n<p>K\u00d6HLER,&#8220;Vn\u00edm\u00e1m to tak, \u017ee u\u017e tam v \u017eivot\u011b nep\u016fjdu. \u017de i kdybych um\u00edral, tak tam nep\u016fjdu.<\/p>\n<p>Podle televize Barrandov zaznamenala invArena<\/p>\n","protected":false},"excerpt":{"rendered":"<div class=\"mh-excerpt\"><p>Tvrd\u00ed, \u017ee l\u00e9ka\u0159i a jejich chyby z n\u011bj ud\u011blali mrz\u00e1ka \u017eij\u00edc\u00edho v b\u00edd\u011b. Richard K\u00f6hler ze Svobody nad \u00dapou si p\u0159ed t\u0159emi roky zlomil nohu. <a class=\"mh-excerpt-more\" href=\"https:\/\/www.invarena.cz\/?p=13896\" title=\"\u0158emesln\u00edk se stal invalidou. Te\u010f chce na nemocnici 1,5 milionu\">[&#8230;]<\/a><\/p>\n<\/div>","protected":false},"author":1,"featured_media":4333,"comment_status":"open","ping_status":"closed","sticky":false,"template":"","format":"standard","meta":{"footnotes":""},"categories":[7],"tags":[],"class_list":["post-13896","post","type-post","status-publish","format-standard","has-post-thumbnail","hentry","category-spolecnost"],"_links":{"self":[{"href":"https:\/\/www.invarena.cz\/index.php?rest_route=\/wp\/v2\/posts\/13896","targetHints":{"allow":["GET"]}}],"collection":[{"href":"https:\/\/www.invarena.cz\/index.php?rest_route=\/wp\/v2\/posts"}],"about":[{"href":"https:\/\/www.invarena.cz\/index.php?rest_route=\/wp\/v2\/types\/post"}],"author":[{"embeddable":true,"href":"https:\/\/www.invarena.cz\/index.php?rest_route=\/wp\/v2\/users\/1"}],"replies":[{"embeddable":true,"href":"https:\/\/www.invarena.cz\/index.php?rest_route=%2Fwp%2Fv2%2Fcomments&post=13896"}],"version-history":[{"count":0,"href":"https:\/\/www.invarena.cz\/index.php?rest_route=\/wp\/v2\/posts\/13896\/revisions"}],"wp:featuredmedia":[{"embeddable":true,"href":"https:\/\/www.invarena.cz\/index.php?rest_route=\/wp\/v2\/media\/4333"}],"wp:attachment":[{"href":"https:\/\/www.invarena.cz\/index.php?rest_route=%2Fwp%2Fv2%2Fmedia&parent=13896"}],"wp:term":[{"taxonomy":"category","embeddable":true,"href":"https:\/\/www.invarena.cz\/index.php?rest_route=%2Fwp%2Fv2%2Fcategories&post=13896"},{"taxonomy":"post_tag","embeddable":true,"href":"https:\/\/www.invarena.cz\/index.php?rest_route=%2Fwp%2Fv2%2Ftags&post=13896"}],"curies":[{"name":"wp","href":"https:\/\/api.w.org\/{rel}","templated":true}]}}