{"id":13929,"date":"2013-12-11T11:52:36","date_gmt":"2013-12-11T10:52:36","guid":{"rendered":"http:\/\/www.invarena.cz\/?p=13929"},"modified":"2013-12-11T22:18:27","modified_gmt":"2013-12-11T21:18:27","slug":"porad-o-socialni-pracovnici-jirine-dostalove-ziskal-cenu-rady-vlady-cr","status":"publish","type":"post","link":"https:\/\/www.invarena.cz\/?p=13929","title":{"rendered":"Po\u0159ad o soci\u00e1ln\u00ed pracovnici Ji\u0159in\u011b Dost\u00e1lov\u00e9 z\u00edskal Cenu Rady Vl\u00e1dy \u010cR"},"content":{"rendered":"<p><strong>Rozhlasov\u00fd dokument &#8222;Srdcem a rozumem proti nespravedlnosti sv\u011bta&#8220; z cyklu &#8222;Dobr\u00e1 v\u016fle&#8220;\u00a0 \u010cesk\u00e9ho rozhlasu z\u00edskal hlavn\u00ed ocen\u011bn\u00ed Ceny Rady vl\u00e1dy \u010cR v rozhlasov\u00e9 kategorii za publicistick\u00e9 pr\u00e1ce zam\u011b\u0159en\u00e9 na problematiku zdravotn\u00edho posti\u017een\u00ed.<\/strong><br \/>\n<!--more--><br \/>\nRozhlasov\u00fd dokument autorek Ivany Pust\u011bjovsk\u00e9 a Radky Kvasni\u010dkov\u00e9 z Centra zpravodajstv\u00ed \u010cRo je portr\u00e9tem chartistky a soci\u00e1ln\u00ed pracovnice Ji\u0159iny Dost\u00e1lov\u00e9 (na sn\u00edmku). Ta je dnes vedouc\u00ed soci\u00e1ln\u00edch slu\u017eeb Charity \u0160umperk, v ml\u00e1d\u00ed podepsala Chartu 77 a za\u017eila mnohahodinov\u00e9, policejn\u00ed v\u00fdslechy. V\u00fdhr\u016f\u017eek se nezalekla a neustoupila ze sv\u00fdch z\u00e1sad, a jak sama \u0159\u00edk\u00e1, v\u017edy m\u011bla pot\u0159ebu se rv\u00e1t za ostatn\u00ed, st\u00e1t si za sv\u00fdmi n\u00e1zory a br\u00e1nit nespravedlnosti. Pr\u00e1v\u011b tato tvrdohlavost ji p\u0159es r\u016fzn\u00e9 \u017eivotn\u00ed peripetie p\u0159ivedla do \u0161umpersk\u00e9 charity, kde se na prvn\u00edm m\u00edst\u011b v\u011bnuje senior\u016fm.<\/p>\n<p>&#8222;M\u00e1me z ocen\u011bn\u00ed velkou radost. Podobn\u00e9 p\u0159\u00edb\u011bhy jsou toti\u017e inspiruj\u00edc\u00ed i pro n\u00e1s, autorky. Je dobr\u00e9 v\u011bd\u011bt, \u017ee kolem n\u00e1s je st\u00e1le dost lid\u00ed s dobrou v\u016fl\u00ed, kte\u0159\u00ed pom\u00e1haj\u00ed jin\u00fdm, \u0159\u00edk\u00e1 jedna z autorek Radka Kvasni\u010dkov\u00e1. Druh\u00e1 z tandemu Ivana Pust\u011bjovsk\u00e1 k tomu z\u00e1rove\u0148 dod\u00e1v\u00e1:<\/p>\n<p>&#8222;Cenu jsme sice dostaly my, jako novin\u00e1\u0159ky, ale ona vlastn\u011b pat\u0159\u00ed i lidem, kte\u0159\u00ed jsou ochotni n\u00e1m p\u0159ed mikrofonem otev\u0159\u00edt sv\u00e1 srdce a nechat n\u00e1s nahl\u00e9dnout do sv\u00fdch \u017eivot\u016f. A je moc fajn, \u017ee v \u010cesk\u00e9m rozhlase je prostor pro podobn\u00e9 po\u0159ady.&#8220;<\/p>\n<p>Rozhlasov\u00fd cyklus Cyklu Dobr\u00e1 v\u016fle hled\u00e1 hrdiny, kte\u0159\u00ed nemysl\u00ed jenom na sebe a na sv\u016fj osobn\u00ed prosp\u011bch a nezi\u0161tn\u011b pom\u00e1haj\u00ed druh\u00fdm. Jejich nadstandardn\u00ed p\u0159\u00edstup &#8211; dobr\u00e1 v\u016fle &#8211; zasahuje do mnoha p\u0159\u00edb\u011bh\u016f, slo\u017eit\u00fdch situac\u00ed a osud\u016f, a \u010dasto zm\u011bn\u00ed jejich sm\u011br. \u017d\u00e1nr ka\u017ed\u00e9ho po\u0159adu ur\u010duje samo t\u00e9ma nebo prezentovan\u00fd p\u0159\u00edb\u011bh.<\/p>\n<p>M\u016f\u017ee tak j\u00edt o rozhovor, report\u00e1\u017e, report\u00e1\u017en\u00ed rozhovor, dokument atd. Auto\u0159i Dobr\u00e9 v\u016fle z\u00e1rove\u0148 pat\u0159\u00ed k nejlep\u0161\u00edm \u010desk\u00fdm rozhlasov\u00fdm dokumentarist\u016fm. Cyklus vys\u00edl\u00e1 Dvojka \u010cesk\u00e9ho rozhlasu ka\u017edou ned\u011bli od 18.05 hodin, pod n\u00e1zvem Dobr\u00e1 v\u016fle Plus pak \u010cesk\u00fd rozhlas Plus v p\u00e1tek ve 20.10.<\/p>\n<p>Cena Rada vl\u00e1dy \u010cR je vyhla\u0161ov\u00e1na ka\u017edoro\u010dn\u011b od roku 1994 s c\u00edlem upoutat pozornost m\u00e9di\u00ed k t\u00e9to problematice a jejich prost\u0159ednictv\u00edm pozitivn\u011b ovliv\u0148ovat m\u00edn\u011bn\u00ed a postoje ve\u0159ejnosti v\u016f\u010di osob\u00e1m se zdravotn\u00edm posti\u017een\u00edm. A je ud\u011blov\u00e1na ve t\u0159ech kategori\u00edch &#8211; televizn\u00ed, rozhlasov\u00e9 a tiskov\u00e9.<\/p>\n<p>Tiskov\u00e1 zpr\u00e1va \u010cesk\u00e9ho rozhlasu<\/p>\n<div id=\"main\">\n<h1>Vyhro\u017eovali, \u017ee j\u00ed vezmou dcerku<\/h1>\n<p>V roce 1987 podepsala Ji\u0159ina Dost\u00e1lov\u00e1 Chartu 77. Kr\u00e1tce nato za\u010dala poci\u0165ovat n\u00e1sledky sv\u00e9ho svobodn\u00e9ho vyj\u00e1d\u0159en\u00ed a n\u011bkolikr\u00e1t musela na v\u00fdslech na StB v Trutnov\u011b. P\u0159esto, \u017ee byl konec osmdes\u00e1t\u00fdch let, metody vyhro\u017eov\u00e1n\u00ed est\u00e9b\u00e1k\u016f se od t\u011bch v pades\u00e1t\u00fdch letech p\u0159\u00edli\u0161 neli\u0161ily. Ji\u0159inu Dost\u00e1lovou nezlomili, i kdy\u017e j\u00ed vyhro\u017eovali, \u017ee j\u00ed vezmou n\u011bkolikam\u011bs\u00ed\u010dn\u00ed Terezku. \u201eSna\u017eili se n\u00e1s r\u016fzn\u00fdmi zp\u016fsoby zlomit. Tak\u017ee slibovali, chv\u00e1lili, vyhro\u017eovali. N\u011bkdy to bylo hodn\u011b t\u011b\u017ek\u00e9. Pak mi za\u010dali vyhro\u017eovat, \u017ee mi vezmou dcerku. \u017de ji daj\u00ed do d\u011bc\u00e1ku a m\u011b zav\u0159ou, jestli mi to stoj\u00ed za to. V\u011bd\u011bla jsem, \u017ee kdy\u017e na m\u011b pou\u017eij\u00ed tenhle n\u00e1tlak a j\u00e1 povol\u00edm, \u017ee to bude \u0161patn\u00e9. Ve sv\u00e9 podstat\u011b jsem si nep\u0159ipou\u0161t\u011bla, \u017ee by mi ji doopravdy vzali, ale jak jsem pak zjistila, tak asi jo. J\u00e1 jsem \u0159ekla, \u017ee ne. \u017de \u017e\u00e1dn\u00e1 spolupr\u00e1ce se mnou nikdy nebude ani v tomhle p\u0159\u00edpad\u011b,\u201c vypr\u00e1v\u00ed Ji\u0159ina Dost\u00e1lov\u00e1, kter\u00e1 m\u00e1 v pam\u011bti je\u0161t\u011b jeden velmi poni\u017euj\u00edc\u00ed v\u00fdslech. \u201eTenkr\u00e1t jsem byla na tom v\u00fdslechu dvan\u00e1ct hodin. Bylo to hrozn\u00fd a poni\u017euj\u00edc\u00ed. Oni si d\u011blali pauzy a j\u00e1 jsem po\u0159\u00e1d sed\u011bla na t\u00e9 \u017eidli a celou tu dobu jsem se nesm\u011bla hnout. Byla jsem tak, jak m\u011b sebrali, v pantofl\u00edch, v tri\u010dku a tepl\u00e1k\u00e1ch a je\u0161t\u011b ke v\u0161emu jsem m\u011bla \u017eensk\u00fd probl\u00e9my a nikam jsem nesm\u011bla. Nakonec n\u011bco sepsali. J\u00e1 jsem \u0159ekla, \u017ee jim to nepodep\u00ed\u0161u, a oni \u0159ekli, a\u0165 vypadnu. Tak jsem \u0161la p\u0159es p\u016fl m\u011bsta dom\u016f v t\u011bch promo\u010den\u00fdch tepl\u00e1k\u00e1ch. Bylo to tenkr\u00e1t hrozn\u00fd. Kdy\u017e jsem do\u0161la dom\u016f, byli u n\u00e1s zn\u00e1m\u00ed. A kdy\u017e m\u011b vid\u011bli, tak to v\u016fbec nech\u00e1pali. Ptali se, pro\u010d to d\u011bl\u00e1m. Pro\u010d? Jak\u00fd d\u016fvod? V\u016fbec netu\u0161ili, \u017ee se u n\u00e1s n\u011bco takov\u00e9ho d\u011bje. To byl asi nejt\u011b\u017e\u0161\u00ed v\u00fdslech, co jsem m\u011bla.\u201c<\/p>\n<\/div>\n","protected":false},"excerpt":{"rendered":"<div class=\"mh-excerpt\"><p>Rozhlasov\u00fd dokument &#8222;Srdcem a rozumem proti nespravedlnosti sv\u011bta&#8220; z cyklu &#8222;Dobr\u00e1 v\u016fle&#8220;\u00a0 \u010cesk\u00e9ho rozhlasu z\u00edskal hlavn\u00ed ocen\u011bn\u00ed Ceny Rady vl\u00e1dy \u010cR v rozhlasov\u00e9 kategorii za <a class=\"mh-excerpt-more\" href=\"https:\/\/www.invarena.cz\/?p=13929\" title=\"Po\u0159ad o soci\u00e1ln\u00ed pracovnici Ji\u0159in\u011b Dost\u00e1lov\u00e9 z\u00edskal Cenu Rady Vl\u00e1dy \u010cR\">[&#8230;]<\/a><\/p>\n<\/div>","protected":false},"author":3,"featured_media":13931,"comment_status":"open","ping_status":"closed","sticky":false,"template":"","format":"standard","meta":{"footnotes":""},"categories":[7],"tags":[],"class_list":["post-13929","post","type-post","status-publish","format-standard","has-post-thumbnail","hentry","category-spolecnost"],"_links":{"self":[{"href":"https:\/\/www.invarena.cz\/index.php?rest_route=\/wp\/v2\/posts\/13929","targetHints":{"allow":["GET"]}}],"collection":[{"href":"https:\/\/www.invarena.cz\/index.php?rest_route=\/wp\/v2\/posts"}],"about":[{"href":"https:\/\/www.invarena.cz\/index.php?rest_route=\/wp\/v2\/types\/post"}],"author":[{"embeddable":true,"href":"https:\/\/www.invarena.cz\/index.php?rest_route=\/wp\/v2\/users\/3"}],"replies":[{"embeddable":true,"href":"https:\/\/www.invarena.cz\/index.php?rest_route=%2Fwp%2Fv2%2Fcomments&post=13929"}],"version-history":[{"count":0,"href":"https:\/\/www.invarena.cz\/index.php?rest_route=\/wp\/v2\/posts\/13929\/revisions"}],"wp:featuredmedia":[{"embeddable":true,"href":"https:\/\/www.invarena.cz\/index.php?rest_route=\/wp\/v2\/media\/13931"}],"wp:attachment":[{"href":"https:\/\/www.invarena.cz\/index.php?rest_route=%2Fwp%2Fv2%2Fmedia&parent=13929"}],"wp:term":[{"taxonomy":"category","embeddable":true,"href":"https:\/\/www.invarena.cz\/index.php?rest_route=%2Fwp%2Fv2%2Fcategories&post=13929"},{"taxonomy":"post_tag","embeddable":true,"href":"https:\/\/www.invarena.cz\/index.php?rest_route=%2Fwp%2Fv2%2Ftags&post=13929"}],"curies":[{"name":"wp","href":"https:\/\/api.w.org\/{rel}","templated":true}]}}