{"id":13943,"date":"2014-03-29T14:21:25","date_gmt":"2014-03-29T13:21:25","guid":{"rendered":"http:\/\/www.invarena.cz\/?p=13943"},"modified":"2014-10-20T20:01:29","modified_gmt":"2014-10-20T18:01:29","slug":"chybelo-zarizeni-pro-deti-matky-si-otevrely-vlastni","status":"publish","type":"post","link":"https:\/\/www.invarena.cz\/?p=13943","title":{"rendered":"Chyb\u011blo za\u0159\u00edzen\u00ed pro d\u011bti, matky si otev\u0159ely vlastn\u00ed"},"content":{"rendered":"<p><strong>P\u0159ed n\u011bkolika lety \u010deskobud\u011bjovick\u00e1 radnice zru\u0161ila provoz rehabilita\u010dn\u00edch jesl\u00ed. A m\u00edstn\u00ed matky nem\u011bly kam d\u00e1t sv\u00e9 d\u011bti. Zalo\u017eili si tak sv\u00e9 vlastn\u00ed.<\/strong><br \/>\n<!--more--><br \/>\n&#8222;Tak jsme se do toho my t\u0159i pustily. Za\u010d\u00ednaly jsme na kolen\u011b. Nem\u011bly jsme prakticky \u017e\u00e1dn\u00e9 zku\u0161enosti s provozov\u00e1n\u00edm takov\u00e9ho za\u0159\u00edzen\u00ed, s veden\u00edm kolektivu, se psan\u00edm projekt\u016f,&#8220; vzpom\u00edn\u00e1 Vanda Pol\u00edvkov\u00e1. V\u011bd\u011bly v\u0161ak, \u017ee nen\u00ed cesty zp\u011bt\u2026<\/p>\n<p>Dnes pat\u0159\u00ed Centrum Bazalka k nejv\u00fdznamn\u011bj\u0161\u00edm za\u0159\u00edzen\u00edm sv\u00e9ho druhu na jihu \u010cech. Vanda Pol\u00edvkov\u00e1 je jeho \u0159editelkou, V\u011bra Srde\u010dn\u00e1 z\u00e1stupkyn\u00ed a Martina Koudelkov\u00e1 je v dozor\u010d\u00ed rad\u011b.<\/p>\n<p><strong>&#8211; Nejprve jste z\u00edskaly dotace na rekonstrukci prostor. Pak jste pro\u0161ly nejr\u016fzn\u011bj\u0161\u00edmi kurzy a \u0161kolen\u00edmi, z\u00edskaly jste mezin\u00e1rodn\u00ed certifik\u00e1t pracovi\u0161t\u011b o\u0161et\u0159ovatelsk\u00e9ho konceptu baz\u00e1ln\u00ed stimulace\u2026<\/strong><\/p>\n<p>Kdy\u017e u\u017e jsme se do toho pustily, tak chceme nab\u00eddnout kvalitn\u00ed slu\u017eby. P\u0159ed p\u011bti lety jsme zalo\u017eily p\u0159i centru i soukromou speci\u00e1ln\u00ed mate\u0159skou a z\u00e1kladn\u00ed \u0161kolu. Tak\u017ee v\u0161echny \u0161kolou povinn\u00e9 d\u011bti maj\u00ed individu\u00e1ln\u00ed vzd\u011bl\u00e1vac\u00ed pl\u00e1ny a ka\u017ed\u00fd den se jim v\u011bnuj\u00ed pedagogov\u00e9, kte\u0159\u00ed rozv\u00edjej\u00ed jejich schopnosti v r\u00e1mci jejich mo\u017enost\u00ed. A otev\u0159ely jsme t\u00e9\u017e rehabilitaci.<\/p>\n<p><strong>&#8211; Kolik d\u011bt\u00ed v sou\u010dasnosti centrum nav\u0161t\u011bvuje?<\/strong><\/p>\n<p>Specializujeme se na ty, kter\u00e9 vy\u017eaduj\u00ed nejvy\u0161\u0161\u00ed m\u00edru podpory \u2013 laicky le\u017e\u00edc\u00ed d\u011bti s t\u011b\u017ek\u00fdm ment\u00e1ln\u00edm a fyzick\u00fdm omezen\u00edm. \u010casto v kombinaci s epilepsi\u00ed, posti\u017een\u00edm zraku \u010di sluchu, n\u011bkter\u00e9 maj\u00ed sondu do \u017ealudku. V posledn\u00edch letech si n\u00e1s tak\u00e9 na\u0161li rodi\u010de d\u011bt\u00ed s autismem, kter\u00e9 maj\u00ed z\u00e1rove\u0148 ment\u00e1ln\u00ed posti\u017een\u00ed. T\u00fddenn\u00ed stacion\u00e1\u0159 m\u00e1me nyn\u00ed pln\u011b obsazen\u00fd a v po\u0159adn\u00edku jsou dal\u0161\u00ed \u017eadatel\u00e9. P\u0159es t\u00fdden u n\u00e1s bydl\u00ed \u0161est d\u011bt\u00ed a dal\u0161\u00edch \u0161est p\u0159ich\u00e1z\u00ed na p\u00e1r dn\u00ed. Do denn\u00edho stacion\u00e1\u0159e doch\u00e1z\u00ed 24 d\u011bt\u00ed. \u0160kolu nav\u0161t\u011bvuje 18 \u017e\u00e1k\u016f, co\u017e je aktu\u00e1ln\u011b tak\u00e9 na\u0161e maximum. Ve \u0161kolce m\u00e1me \u0161est d\u011bt\u00ed.<\/p>\n<p><strong>&#8211; Jak je provoz financovan\u00fd?<\/strong><\/p>\n<p>Posledn\u00ed roky pom\u011br financov\u00e1n\u00ed soci\u00e1ln\u00edch slu\u017eeb vych\u00e1z\u00ed takhle: t\u0159etina st\u00e1tn\u00ed provozn\u00ed dotace, t\u0159etina platby rodi\u010d\u016f za slu\u017ebu. A t\u0159etinu mus\u00edme ka\u017ed\u00fd rok sehnat sponzorsky, co\u017e p\u0159edstavuje \u010d\u00e1stku zhruba t\u0159i miliony korun.<\/p>\n<p><strong>&#8211; Jak n\u00e1ro\u010dn\u00e9 je fungov\u00e1n\u00ed centra?<\/strong><\/p>\n<p>N\u011bkdy si \u0159\u00edk\u00e1me, \u017ee soudn\u00fd \u010dlov\u011bk by do takov\u00e9ho projektu nikdy ne\u0161el. Nem\u00e1me v\u016fbec \u017e\u00e1dn\u00e9 jistoty ohledn\u011b provozn\u00edch dotac\u00ed na soci\u00e1ln\u00ed slu\u017eby. Ka\u017ed\u00fd rok s obavami sledujeme v\u00fdsledky dota\u010dn\u00edch \u0159\u00edzen\u00ed a douf\u00e1me, \u017ee p\u0159e\u017eijeme. Ve \u0161kole je situace o trochu lep\u0161\u00ed \u2013 normativ na \u017e\u00e1ka je dan\u00fd ze z\u00e1kona.<\/p>\n<p><strong>&#8211; Co z dar\u016f plat\u00edte?<\/strong><\/p>\n<p>\u0158ada sponzor\u016f podporuje dlouhodob\u00e9 projekty, nap\u0159\u00edklad zachov\u00e1n\u00ed rehabilitace. Pro p\u0159edstavu \u2013 \u010d\u00e1stka 750 korun zajist\u00ed ka\u017edodenn\u00ed rehabilitaci pro jedno d\u00edt\u011b na cel\u00fd t\u00fdden. B\u011bhem roku tak\u00e9 b\u011b\u017e\u00ed projekty na n\u00e1kup konkr\u00e9tn\u00edch pom\u016fcek \u010di vybaven\u00ed \u2013 podvozky pro ort\u00e9zy, kter\u00e9 nehrad\u00ed poji\u0161\u0165ovna, polohovac\u00ed pom\u016fcky, zved\u00e1ky a spousty dal\u0161\u00edch v\u011bc\u00ed.<\/p>\n<p><strong>&#8211; P\u0159isp\u00edvaj\u00ed sp\u00ed\u0161e lid\u00e9, nebo firmy?<\/strong><\/p>\n<p>B\u011bhem let za\u010d\u00ednaj\u00ed p\u0159eva\u017eovat individu\u00e1ln\u00ed d\u00e1rci. U firem jsme zaznamenaly velk\u00fd propad p\u0159i n\u00e1stupu ekonomick\u00e9 krize. M\u00e1me v\u0161ak partnery, kte\u0159\u00ed s n\u00e1mi jsou od \u00fapln\u00e9ho za\u010d\u00e1tku.<\/p>\n<p><strong>&#8211; Jak d\u00e1rce oslovujete?<\/strong><\/p>\n<p>Po\u0159\u00e1d\u00e1n\u00edm benefi\u010dn\u00edch akc\u00ed, c\u00edlen\u011b dopisy se \u017e\u00e1dostmi, psan\u00edm projekt\u016f na r\u016fzn\u00e9 firemn\u00ed i ve\u0159ejn\u00e9 nadace a nada\u010dn\u00ed fondy. D\u00e1rci n\u00e1s mohou podpo\u0159it koup\u00ed v\u00fdrobk\u016f na\u0161ich klient\u016f nebo partner\u016f, kte\u0159\u00ed n\u00e1m v\u011bnuj\u00ed \u010d\u00e1st z prodeje. Je to mraven\u010d\u00ed pr\u00e1ce, je\u017e mus\u00ed \u010dlov\u011bka bavit \u2013 a mus\u00ed b\u00fdt p\u0159esv\u011bd\u010den o tom, \u017ee to d\u011bl\u00e1 pro dobrou v\u011bc.<\/p>\n<p>Kate\u0159ina Hovorkov\u00e1<br \/>\n<a href=\"http:\/\/www.idnes.cz\">Mlad\u00e1 fronta DNES<\/a><\/p>\n<p>ilustra\u010dn\u00ed foto: C&#8217;est moi! Flickr<\/p>\n","protected":false},"excerpt":{"rendered":"<div class=\"mh-excerpt\"><p>P\u0159ed n\u011bkolika lety \u010deskobud\u011bjovick\u00e1 radnice zru\u0161ila provoz rehabilita\u010dn\u00edch jesl\u00ed. A m\u00edstn\u00ed matky nem\u011bly kam d\u00e1t sv\u00e9 d\u011bti. Zalo\u017eili si tak sv\u00e9 vlastn\u00ed.<\/p>\n<\/div>","protected":false},"author":3,"featured_media":14681,"comment_status":"open","ping_status":"closed","sticky":false,"template":"","format":"standard","meta":{"footnotes":""},"categories":[7],"tags":[],"class_list":["post-13943","post","type-post","status-publish","format-standard","has-post-thumbnail","hentry","category-spolecnost"],"_links":{"self":[{"href":"https:\/\/www.invarena.cz\/index.php?rest_route=\/wp\/v2\/posts\/13943","targetHints":{"allow":["GET"]}}],"collection":[{"href":"https:\/\/www.invarena.cz\/index.php?rest_route=\/wp\/v2\/posts"}],"about":[{"href":"https:\/\/www.invarena.cz\/index.php?rest_route=\/wp\/v2\/types\/post"}],"author":[{"embeddable":true,"href":"https:\/\/www.invarena.cz\/index.php?rest_route=\/wp\/v2\/users\/3"}],"replies":[{"embeddable":true,"href":"https:\/\/www.invarena.cz\/index.php?rest_route=%2Fwp%2Fv2%2Fcomments&post=13943"}],"version-history":[{"count":0,"href":"https:\/\/www.invarena.cz\/index.php?rest_route=\/wp\/v2\/posts\/13943\/revisions"}],"wp:featuredmedia":[{"embeddable":true,"href":"https:\/\/www.invarena.cz\/index.php?rest_route=\/wp\/v2\/media\/14681"}],"wp:attachment":[{"href":"https:\/\/www.invarena.cz\/index.php?rest_route=%2Fwp%2Fv2%2Fmedia&parent=13943"}],"wp:term":[{"taxonomy":"category","embeddable":true,"href":"https:\/\/www.invarena.cz\/index.php?rest_route=%2Fwp%2Fv2%2Fcategories&post=13943"},{"taxonomy":"post_tag","embeddable":true,"href":"https:\/\/www.invarena.cz\/index.php?rest_route=%2Fwp%2Fv2%2Ftags&post=13943"}],"curies":[{"name":"wp","href":"https:\/\/api.w.org\/{rel}","templated":true}]}}