{"id":13944,"date":"2013-12-17T09:09:19","date_gmt":"2013-12-17T08:09:19","guid":{"rendered":"http:\/\/www.invarena.cz\/?p=13944"},"modified":"2013-12-17T09:09:19","modified_gmt":"2013-12-17T08:09:19","slug":"ktera-evropska-mesta-se-snazi-zjednodusit-pristup-handicapovanym","status":"publish","type":"post","link":"https:\/\/www.invarena.cz\/?p=13944","title":{"rendered":"Kter\u00e1 evropsk\u00e1 m\u011bsta se sna\u017e\u00ed zjednodu\u0161it p\u0159\u00edstup handicapovan\u00fdm?"},"content":{"rendered":"<p><strong>K p\u0159\u00edle\u017eitosti evropsk\u00e9ho dne lid\u00ed s posti\u017een\u00edm (3.12.) vyhl\u00e1sila evropsk\u00e1 komise na slavnostn\u00edm ceremoni\u00e1lu v Bruselu 3 v\u00edt\u011bzn\u00e1 m\u011bsta v presti\u017en\u00edm ocen\u011bn\u00ed Access City Award 2014. \u010cesk\u00e1 m\u011bsta v\u0161ak neusp\u011bla.<\/strong><br \/>\n<!--more--><br \/>\nTato iniciativa Evropsk\u00e9 komise ve spolupr\u00e1ci s Evropsk\u00fdm f\u00f3rem osob s posti\u017een\u00edm m\u00e1 za c\u00edl povzbudit a ocenit m\u011bsta nad 50 tis\u00edc obyvatel, aby sd\u00edlela sv\u00e9 zku\u0161enosti a nad\u00e1le podporovala iniciativy sna\u017e\u00edc\u00ed se zlep\u0161it p\u0159\u00edstupnost posti\u017een\u00fdm lidem v m\u011bstsk\u00e9m prost\u0159ed\u00ed.<\/p>\n<p>Absolutn\u00edm v\u00edt\u011bzem se stal \u0161v\u00e9dsk\u00fd <strong>Gothenburg<\/strong>, kter\u00e9mu n\u00e1le\u017e\u00ed cena za nejv\u00fdznamn\u011bj\u0161\u00ed pokrok, kter\u00fd m\u011bsto zaznamenalo ve zjednodu\u0161en\u00ed p\u0159\u00edstupnosti hendikepovan\u00fdch a senior\u016f. Druhou cenu z\u00edskal <strong>Grenoble<\/strong> (Francie) a t\u0159et\u00ed putuje do <strong>Poznan\u011b<\/strong> (Polsko).<\/p>\n<p>V minul\u00fdch letech se mezi osmi nejlep\u0161\u00edmi um\u00edstila tak\u00e9 Olomouc, kter\u00e1 se do sout\u011b\u017ee p\u0159ihl\u00e1sila s projektem Bezbari\u00e9rov\u00e1 Olomouc a bojovala o ocen\u011bn\u00ed Access city award 2012. Mezi 102 m\u011bsty z 23 evropsk\u00fdch zem\u00ed byla nyn\u00ed za\u0159azena i Praha a Jihlava, v leto\u0161n\u00edm roce v\u0161ak bohu\u017eel \u00fasp\u011bch nesklidily. Gratulujeme v\u00edt\u011bz\u016fm a p\u0159ejeme ostatn\u00edm m\u011bst\u016fm hodn\u011b zdaru v nadch\u00e1zej\u00edc\u00edch ro\u010dn\u00edc\u00edch sout\u011b\u017ee!<\/p>\n<p>Parlamentnilisty.cz<\/p>\n","protected":false},"excerpt":{"rendered":"<div class=\"mh-excerpt\"><p>K p\u0159\u00edle\u017eitosti evropsk\u00e9ho dne lid\u00ed s posti\u017een\u00edm (3.12.) vyhl\u00e1sila evropsk\u00e1 komise na slavnostn\u00edm ceremoni\u00e1lu v Bruselu 3 v\u00edt\u011bzn\u00e1 m\u011bsta v presti\u017en\u00edm ocen\u011bn\u00ed Access City Award <a class=\"mh-excerpt-more\" href=\"https:\/\/www.invarena.cz\/?p=13944\" title=\"Kter\u00e1 evropsk\u00e1 m\u011bsta se sna\u017e\u00ed zjednodu\u0161it p\u0159\u00edstup handicapovan\u00fdm?\">[&#8230;]<\/a><\/p>\n<\/div>","protected":false},"author":3,"featured_media":14017,"comment_status":"open","ping_status":"closed","sticky":false,"template":"","format":"standard","meta":{"footnotes":""},"categories":[7],"tags":[],"class_list":["post-13944","post","type-post","status-publish","format-standard","has-post-thumbnail","hentry","category-spolecnost"],"_links":{"self":[{"href":"https:\/\/www.invarena.cz\/index.php?rest_route=\/wp\/v2\/posts\/13944","targetHints":{"allow":["GET"]}}],"collection":[{"href":"https:\/\/www.invarena.cz\/index.php?rest_route=\/wp\/v2\/posts"}],"about":[{"href":"https:\/\/www.invarena.cz\/index.php?rest_route=\/wp\/v2\/types\/post"}],"author":[{"embeddable":true,"href":"https:\/\/www.invarena.cz\/index.php?rest_route=\/wp\/v2\/users\/3"}],"replies":[{"embeddable":true,"href":"https:\/\/www.invarena.cz\/index.php?rest_route=%2Fwp%2Fv2%2Fcomments&post=13944"}],"version-history":[{"count":0,"href":"https:\/\/www.invarena.cz\/index.php?rest_route=\/wp\/v2\/posts\/13944\/revisions"}],"wp:featuredmedia":[{"embeddable":true,"href":"https:\/\/www.invarena.cz\/index.php?rest_route=\/wp\/v2\/media\/14017"}],"wp:attachment":[{"href":"https:\/\/www.invarena.cz\/index.php?rest_route=%2Fwp%2Fv2%2Fmedia&parent=13944"}],"wp:term":[{"taxonomy":"category","embeddable":true,"href":"https:\/\/www.invarena.cz\/index.php?rest_route=%2Fwp%2Fv2%2Fcategories&post=13944"},{"taxonomy":"post_tag","embeddable":true,"href":"https:\/\/www.invarena.cz\/index.php?rest_route=%2Fwp%2Fv2%2Ftags&post=13944"}],"curies":[{"name":"wp","href":"https:\/\/api.w.org\/{rel}","templated":true}]}}