{"id":13945,"date":"2013-12-12T09:21:43","date_gmt":"2013-12-12T08:21:43","guid":{"rendered":"http:\/\/www.invarena.cz\/?p=13945"},"modified":"2013-12-12T09:40:23","modified_gmt":"2013-12-12T08:40:23","slug":"kohler-mohl-jsem-umrit","status":"publish","type":"post","link":"https:\/\/www.invarena.cz\/?p=13945","title":{"rendered":"Invalidn\u00ed d\u016fchodce: Mohl jsem um\u0159\u00edt"},"content":{"rendered":"<p><strong>Se sv\u00fdm tr\u00e1pen\u00edm se redakci invArena sv\u011b\u0159il invalidn\u00ed d\u016fchodce Richard K\u00f6hler ze Svobody nad \u00dapou, kter\u00fd se nyn\u00ed soud\u00ed s vrchlabskou nemocnic\u00ed kv\u016fli nezda\u0159en\u00e9 l\u00e9\u010db\u011b komplikovan\u00e9 zlomeniny. <!--more--><\/strong><\/p>\n<p>Probl\u00e9m je, \u017ee jsem mohl um\u0159\u00edt na celkovou sepsi a to po dobu \u0161esti m\u011bs\u00edc\u016f po aplikaci dlahy kdy se objevila sekrece 0.5 cm mal\u00e1 d\u00edra , kter\u00e1 se zv\u011bt\u0161ovala a zn\u00ed vyt\u00e9kal hnis, a to je i v l\u00e9ka\u0159sk\u00e9 dokumentaci, uvedl Richard K\u00f6hler ze Svobody nad \u00dapou s t\u00edm, \u017ee \u0159editel nemocnice Dryml hovo\u0159\u00ed o sp\u00edc\u00ed a skryt\u00e9 infekci.<\/p>\n<p>&#8222;Ale ta nebyla ani sp\u00edc\u00ed ani skryt\u00e1, byla viditeln\u00e1 a to dokl\u00e1d\u00e1 i l\u00e9ka\u0159sk\u00e1 dokumentace,&#8220; nam\u00edt\u00e1 Richard K\u00f6hler.<\/p>\n<p>Podle n\u011bj je zaj\u00edmav\u00e9, \u017ee posledn\u00ed l\u00e9ka\u0159sk\u00e1 zpr\u00e1va z Vrchlab\u00ed je podepsan\u00e1 prim\u00e1\u0159em Havlem a doktorem Mlin\u00e1rikem, kte\u0159\u00ed v ten den v nemocnici \u00fadajn\u011b nebyli. &#8222;Byl tam ciz\u00ed doktor, kter\u00e9ho jsem vid\u011bl poprv\u00e9 a naposled,&#8220; sd\u011blil.<\/p>\n<p>&#8222;Zaj\u00edmav\u00e9 je, \u017ee se p\u00ed\u0161e v t\u00e9 posledn\u00ed l\u00e9ka\u0159sk\u00e9 zpr\u00e1v\u011b, jestli souhlas\u00edm s postupem, toto bych j\u00e1 v \u017eivot\u011b nepodepsal a taky to nen\u00ed podepsan\u00fd a tak to bylo v\u00edckr\u00e1t, podepsan\u00fd jin\u00fd doktor ne\u017e ten, co mn\u011b prohl\u00ed\u017eel, soud nem\u016f\u017ee sehnat MUDr. Pr\u016fdiuse ani j\u00e1 ne,\u00a0 ani na internetu. Prost\u011b je to s.r.o., kter\u00e9 vyd\u011bl\u00e1v\u00e1, \u010d\u00edm v\u00edc z\u00e1krok\u016f, t\u00edm v\u00edc pen\u011bz pro nemocnici&#8230;,&#8220; p\u00ed\u0161e redakci invArena rozho\u0159\u010den\u011b K\u00f6hler.<\/p>\n<p>&nbsp;<\/p>\n<p><a href=\"https:\/\/www.invarena.cz\/wp-content\/uploads\/kohler-noha-po-operaci1.jpeg\"><img loading=\"lazy\" decoding=\"async\" class=\"alignleft size-full wp-image-13948\" alt=\"kohler noha po operaci1\" src=\"https:\/\/www.invarena.cz\/wp-content\/uploads\/kohler-noha-po-operaci1.jpeg\" width=\"240\" height=\"180\" \/><\/a> Noha po operaci v Liberci s nalo\u017eenou zevn\u00ed dlahou<\/p>\n<p>&nbsp;<\/p>\n<p>&nbsp;<\/p>\n<p>&nbsp;<\/p>\n<p>&nbsp;<\/p>\n<p>&nbsp;<\/p>\n<p><a href=\"https:\/\/www.invarena.cz\/wp-content\/uploads\/kohler-noha-po-operaci.jpeg\"><img loading=\"lazy\" decoding=\"async\" class=\"alignleft size-full wp-image-13947\" alt=\"kohler noha po operaci\" src=\"https:\/\/www.invarena.cz\/wp-content\/uploads\/kohler-noha-po-operaci.jpeg\" width=\"239\" height=\"180\" \/><\/a> Noha sto dn\u00ed po vyjmut\u00ed dlahy<\/p>\n<pre>\u00a0\r\n\r\n&nbsp;\r\n\r\n&nbsp;\r\n\r\n&nbsp;\r\n\r\n&nbsp;\r\n\r\n&nbsp;\r\n\r\n\r\n<a href=\"https:\/\/www.invarena.cz\/wp-content\/uploads\/aplikace-dlahy-na-kost-ve-Vrchlabsk\u00e9-nemocnici.jpeg\"><img loading=\"lazy\" decoding=\"async\" class=\"alignleft size-full wp-image-13949\" alt=\"aplikace dlahy na kost ve Vrchlabsk\u00e9 nemocnici\" src=\"https:\/\/www.invarena.cz\/wp-content\/uploads\/aplikace-dlahy-na-kost-ve-Vrchlabsk\u00e9-nemocnici.jpeg\" width=\"164\" height=\"240\" \/><\/a>\r\n\r\nAplikace dlahy na kost ve vrchlabsk\u00e9 nemocnici\r\n\r\n\r\n&nbsp;\r\n\r\n&nbsp;\r\n\r\n&nbsp;\r\n\r\n&nbsp;\r\n\r\n&nbsp;\r\n\r\n\r\n\r\n<a href=\"https:\/\/www.invarena.cz\/wp-content\/uploads\/z\u00e1v\u011bre\u010dn\u00e1-zpr\u00e1va.jpeg\"><img loading=\"lazy\" decoding=\"async\" class=\"alignleft size-full wp-image-13951\" alt=\"z\u00e1v\u011bre\u010dn\u00e1 zpr\u00e1va\" src=\"https:\/\/www.invarena.cz\/wp-content\/uploads\/z\u00e1v\u011bre\u010dn\u00e1-zpr\u00e1va.jpeg\" width=\"240\" height=\"190\" \/><\/a>Z\u00e1v\u011bre\u010dn\u00e1 zpr\u00e1va\r\n\r\n\r\n&nbsp;\r\n\r\n&nbsp;\r\n\r\n&nbsp;\r\n\r\n&nbsp;\r\n\r\n&nbsp;\r\n\r\nsouvisej\u00edc\u00ed \u010dl\u00e1nek <a href=\"https:\/\/www.invarena.cz\/?p=13896\"><strong>\u0158emesln\u00edk se stal invalidou. Te\u010f chce na nemocnici 1,5 milionu<\/strong><\/a><\/pre>\n","protected":false},"excerpt":{"rendered":"<div class=\"mh-excerpt\"><p>Se sv\u00fdm tr\u00e1pen\u00edm se redakci invArena sv\u011b\u0159il invalidn\u00ed d\u016fchodce Richard K\u00f6hler ze Svobody nad \u00dapou, kter\u00fd se nyn\u00ed soud\u00ed s vrchlabskou nemocnic\u00ed kv\u016fli nezda\u0159en\u00e9 l\u00e9\u010db\u011b <a class=\"mh-excerpt-more\" href=\"https:\/\/www.invarena.cz\/?p=13945\" title=\"Invalidn\u00ed d\u016fchodce: Mohl jsem um\u0159\u00edt\">[&#8230;]<\/a><\/p>\n<\/div>","protected":false},"author":1,"featured_media":0,"comment_status":"open","ping_status":"closed","sticky":false,"template":"","format":"standard","meta":{"footnotes":""},"categories":[7],"tags":[],"class_list":["post-13945","post","type-post","status-publish","format-standard","hentry","category-spolecnost"],"_links":{"self":[{"href":"https:\/\/www.invarena.cz\/index.php?rest_route=\/wp\/v2\/posts\/13945","targetHints":{"allow":["GET"]}}],"collection":[{"href":"https:\/\/www.invarena.cz\/index.php?rest_route=\/wp\/v2\/posts"}],"about":[{"href":"https:\/\/www.invarena.cz\/index.php?rest_route=\/wp\/v2\/types\/post"}],"author":[{"embeddable":true,"href":"https:\/\/www.invarena.cz\/index.php?rest_route=\/wp\/v2\/users\/1"}],"replies":[{"embeddable":true,"href":"https:\/\/www.invarena.cz\/index.php?rest_route=%2Fwp%2Fv2%2Fcomments&post=13945"}],"version-history":[{"count":0,"href":"https:\/\/www.invarena.cz\/index.php?rest_route=\/wp\/v2\/posts\/13945\/revisions"}],"wp:attachment":[{"href":"https:\/\/www.invarena.cz\/index.php?rest_route=%2Fwp%2Fv2%2Fmedia&parent=13945"}],"wp:term":[{"taxonomy":"category","embeddable":true,"href":"https:\/\/www.invarena.cz\/index.php?rest_route=%2Fwp%2Fv2%2Fcategories&post=13945"},{"taxonomy":"post_tag","embeddable":true,"href":"https:\/\/www.invarena.cz\/index.php?rest_route=%2Fwp%2Fv2%2Ftags&post=13945"}],"curies":[{"name":"wp","href":"https:\/\/api.w.org\/{rel}","templated":true}]}}