{"id":13964,"date":"2013-12-12T18:39:07","date_gmt":"2013-12-12T17:39:07","guid":{"rendered":"http:\/\/www.invarena.cz\/?p=13964"},"modified":"2013-12-12T18:42:41","modified_gmt":"2013-12-12T17:42:41","slug":"na-umirani-se-lide-nejvic-boji-ztraty-dustojnosti","status":"publish","type":"post","link":"https:\/\/www.invarena.cz\/?p=13964","title":{"rendered":"Na um\u00edr\u00e1n\u00ed se lid\u00e9 nejv\u00edc boj\u00ed ztr\u00e1ty d\u016fstojnosti"},"content":{"rendered":"<p><strong>Na um\u00edr\u00e1n\u00ed se lid\u00e9 nejv\u00edc boj\u00ed ztr\u00e1ty d\u016fstojnosti, necht\u011bj\u00ed b\u00fdt na obt\u00ed\u017e rodin\u011b. Z\u00e1rove\u0148 si ale 78 procent lid\u00ed p\u0159eje, aby mohli odej\u00edt ze sv\u011bta v dom\u00e1c\u00edm prost\u0159ed\u00ed. Uk\u00e1zal to dnes zve\u0159ejn\u011bn\u00fd pr\u016fzkum agentury STEM\/MARK.<!--more--><\/strong><\/p>\n<p>&nbsp;<\/p>\n<p>&nbsp;<\/p>\n<p>Cel\u00fdch 61 procent dot\u00e1zan\u00fdch s nik\u00fdm nerozeb\u00edralo, jak by si p\u0159edstavovali p\u00e9\u010di na sklonku \u017eivota. &#8222;My ne\u0159e\u0161\u00edme to, jak se o n\u00e1s m\u00e1 kdo starat, kdy\u017e budeme um\u00edrat, ne\u0159e\u0161\u00edme to, kdo m\u00e1 za n\u00e1s rozhodovat, kdy\u017e p\u0159ijdeme o tu schopnost rozhodovat sami, dokonce ne\u0159e\u0161\u00edme ani to, kdo m\u00e1 co pod\u011bdit a kdo se o tu poz\u016fstalost m\u00e1 postarat,&#8220; popsal v\u00fdsledky pr\u016fzkumu \u0161\u00e9f agentury Jan Tu\u010dek.<\/p>\n<p>V\u011bt\u0161in\u011b lid\u00ed je toto t\u00e9ma nep\u0159\u00edjemn\u00e9, kdy\u017e smrt je je\u0161t\u011b daleko, necht\u011bj\u00ed p\u0159ivol\u00e1vat ne\u0161t\u011bst\u00ed nebo \u0159e\u010dmi o smrti d\u011bsit sv\u00e9 bl\u00edzk\u00e9.<\/p>\n<p>Jako nejv\u011bt\u0161\u00ed obavu p\u0159i um\u00edr\u00e1n\u00ed uvedlo 47 procent lid\u00ed ztr\u00e1tu d\u016fstojnosti, 41 procent respondent\u016f se boj\u00ed bolesti a dal\u0161\u00ed tak\u00e9 odlou\u010den\u00ed od bl\u00edzk\u00fdch a osam\u011bn\u00ed. Necht\u011bj\u00ed tak\u00e9 odej\u00edt ze sv\u011bta v l\u00e9\u010debn\u011b dlouhodob\u011b nemocn\u00fdch, domovech senior\u016f nebo v hospici. Nej\u010dast\u011bji si lid\u00e9 p\u0159ej\u00ed skonat ve sp\u00e1nku, bezbolestn\u011b, v rodinn\u00e9m kruhu a pokud mo\u017eno rychle.<\/p>\n<p>Mluvit s pacientem o jeho bl\u00ed\u017e\u00edc\u00ed se smrti je ale podle pr\u016fzkumu nep\u0159\u00edjemn\u00e9 i pro zdravotn\u00edky. &#8222;\u010casto ta komunikace zdravotn\u00edk\u016f prob\u00edh\u00e1 tak, \u017ee oni vlastn\u011b nap\u0159ed s rodinou prob\u00edraj\u00ed, jestli ten pacient to chce sly\u0161et a jestli mu to maj\u00ed \u0159\u00edct,&#8220; vysv\u011btlil Tu\u010dek.<\/p>\n<p>P\u0159itom 62 procent lid\u00ed by si p\u0159\u00e1lo vyslechnout tuto zpr\u00e1vu o samot\u011b a a\u017e pak o tom p\u0159\u00edpadn\u011b zpravit sv\u00e9 bl\u00edzk\u00e9. L\u00e9ka\u0159i a sestry ale odhaduj\u00ed, \u017ee zhruba p\u011btina nevyl\u00e9\u010diteln\u011b nemocn\u00fdch si ve skute\u010dnosti nep\u0159eje v\u011bd\u011bt pravdu o sv\u00e9m zdravotn\u00edm stavu.<\/p>\n<p>T\u00e9m\u011b\u0159 t\u0159i \u010dtvrtiny dot\u00e1zan\u00fdch v\u010detn\u011b zdravotn\u00edk\u016f si tak\u00e9 mysl\u00ed, \u017ee l\u00e9ka\u0159i nemaj\u00ed na citliv\u00e9 sd\u011blen\u00ed \u0161patn\u00fdch zpr\u00e1v pacientovi a jeho rodin\u011b dost \u010dasu. V\u011bt\u0161inou se takov\u00fd rozhovor odehraje za \u010dtvrt hodiny, nej\u010dast\u011bji u l\u016f\u017eka pacienta nebo v ordinaci. Ide\u00e1ln\u00ed by pr\u00fd ale byla p\u016flhodina a civiln\u00ed m\u00edstnost. Kompletn\u00ed v\u00fdsledky pr\u016fzkumu jsou na webu.<\/p>\n<p>Pr\u016fzkum agentura provedla mezi 1147 lidmi star\u0161\u00edmi 15 let. Na t\u00e9ma um\u00edr\u00e1n\u00ed bylo dotazov\u00e1no tak\u00e9 883 zdravotn\u00edk\u016f, ti uvedli, \u017ee na sd\u011blov\u00e1n\u00ed \u0161patn\u00fdch zpr\u00e1v pacient\u016fm nemaj\u00ed dost \u010dasu ani vhodn\u00e9 prostory.<\/p>\n","protected":false},"excerpt":{"rendered":"<div class=\"mh-excerpt\"><p>Na um\u00edr\u00e1n\u00ed se lid\u00e9 nejv\u00edc boj\u00ed ztr\u00e1ty d\u016fstojnosti, necht\u011bj\u00ed b\u00fdt na obt\u00ed\u017e rodin\u011b. Z\u00e1rove\u0148 si ale 78 procent lid\u00ed p\u0159eje, aby mohli odej\u00edt ze sv\u011bta <a class=\"mh-excerpt-more\" href=\"https:\/\/www.invarena.cz\/?p=13964\" title=\"Na um\u00edr\u00e1n\u00ed se lid\u00e9 nejv\u00edc boj\u00ed ztr\u00e1ty d\u016fstojnosti\">[&#8230;]<\/a><\/p>\n<\/div>","protected":false},"author":1,"featured_media":0,"comment_status":"open","ping_status":"closed","sticky":false,"template":"","format":"standard","meta":{"footnotes":""},"categories":[7],"tags":[],"class_list":["post-13964","post","type-post","status-publish","format-standard","hentry","category-spolecnost"],"_links":{"self":[{"href":"https:\/\/www.invarena.cz\/index.php?rest_route=\/wp\/v2\/posts\/13964","targetHints":{"allow":["GET"]}}],"collection":[{"href":"https:\/\/www.invarena.cz\/index.php?rest_route=\/wp\/v2\/posts"}],"about":[{"href":"https:\/\/www.invarena.cz\/index.php?rest_route=\/wp\/v2\/types\/post"}],"author":[{"embeddable":true,"href":"https:\/\/www.invarena.cz\/index.php?rest_route=\/wp\/v2\/users\/1"}],"replies":[{"embeddable":true,"href":"https:\/\/www.invarena.cz\/index.php?rest_route=%2Fwp%2Fv2%2Fcomments&post=13964"}],"version-history":[{"count":0,"href":"https:\/\/www.invarena.cz\/index.php?rest_route=\/wp\/v2\/posts\/13964\/revisions"}],"wp:attachment":[{"href":"https:\/\/www.invarena.cz\/index.php?rest_route=%2Fwp%2Fv2%2Fmedia&parent=13964"}],"wp:term":[{"taxonomy":"category","embeddable":true,"href":"https:\/\/www.invarena.cz\/index.php?rest_route=%2Fwp%2Fv2%2Fcategories&post=13964"},{"taxonomy":"post_tag","embeddable":true,"href":"https:\/\/www.invarena.cz\/index.php?rest_route=%2Fwp%2Fv2%2Ftags&post=13964"}],"curies":[{"name":"wp","href":"https:\/\/api.w.org\/{rel}","templated":true}]}}