{"id":13977,"date":"2013-12-13T15:29:08","date_gmt":"2013-12-13T14:29:08","guid":{"rendered":"http:\/\/www.invarena.cz\/?p=13977"},"modified":"2014-10-20T20:08:47","modified_gmt":"2014-10-20T18:08:47","slug":"muzu-si-zit-svuj-zivot-chvali-si-paralympionik-vlastni-bydleni-2","status":"publish","type":"post","link":"https:\/\/www.invarena.cz\/?p=13977","title":{"rendered":"M\u016f\u017eu si \u017e\u00edt sv\u016fj \u017eivot, chv\u00e1l\u00ed si paralympionik vlastn\u00ed bydlen\u00ed"},"content":{"rendered":"<p><strong>Ve\u010de\u0159et to, na co m\u00e1m chu\u0165, nebo si p\u0159ispat o p\u016fl hodiny d\u00e9le. B\u011b\u017en\u00e9 v\u011bci, kter\u00e9 lid\u00e9 s t\u011blesn\u00fdm posti\u017een\u00edm v \u00fastavu neza\u017eij\u00ed. Lep\u0161\u00ed alternativu jim u\u017e rok nab\u00edz\u00ed nez\u00e1visl\u00e9 bydlen\u00ed v kampusu v Brn\u011b.<\/strong><br \/>\n<!--more--><br \/>\nBRNO Je\u0161t\u011b loni \u017eil Radovan K\u0159enek v \u00fastavu soci\u00e1ln\u00ed p\u00e9\u010de Koci\u00e1nka v Brn\u011b. V \u010dervnu lo\u0148sk\u00e9ho roku mu v\u0161ak ozn\u00e1mili, \u017ee u\u017e v Brn\u011b z\u016fstat nem\u016f\u017ee a na konci l\u00e9ta se mus\u00ed p\u0159est\u011bhovat do \u00fastavu v Habrovanech.<\/p>\n<p>&#8222;P\u0159i\u0161la za mnou soci\u00e1ln\u00ed pracovnice, \u017ee u\u017e pro m\u011b na Koci\u00e1nce nen\u00ed m\u00edsto. Tehdej\u0161\u00edmu \u0159editeli se je\u0161t\u011b poda\u0159ilo prodlou\u017eit m\u016fj pobyt do konce z\u00e1\u0159\u00ed, ale pak jsem musel pry\u010d,&#8220; vypr\u00e1v\u00ed K\u0159enek. V Brn\u011b nechal kamar\u00e1dy i bocciu, sport, d\u00edky kter\u00e9mu se s \u010desk\u00fdm t\u00fdmem dostal a\u017e na paralympi\u00e1du v Ath\u00e9n\u00e1ch. &#8222;Nikdo se m\u011b na nic neptal, zm\u011bnu mi prost\u011b ozn\u00e1mili,&#8220; zlob\u00ed se i po roce Radovan.<\/p>\n<p>V Habrovanech nakonec p\u0159\u00edli\u0161 dlouho z\u016fstat nemusel. Loni v listopadu vznikly v are\u00e1lu Univerzitn\u00edho kampusu v Bohunic\u00edch dva byty nez\u00e1visl\u00e9ho bydlen\u00ed, kam se s Hanou Teichmannovou, dal\u0161\u00ed klientkou Koci\u00e1nky, p\u0159est\u011bhoval.<\/p>\n<p>Po roce spole\u010dn\u00e9ho bydlen\u00ed si ani jeden z nich nest\u011b\u017euje. &#8222;Tady si m\u016f\u017eu sv\u016fj \u017eivot organizovat v\u00edcem\u00e9n\u011b podle sebe, v \u00fastavu je \u010dlov\u011bk z\u00e1visl\u00fd na denn\u00edm re\u017eimu i asistentech, kter\u00fdch je \u010dasto na cel\u00e9 odd\u011blen\u00ed m\u00e1lo. Kdy\u017e jsem pot\u0159eboval na z\u00e1chod, \u0159ekli mi, \u017ee mus\u00edm vydr\u017eet nebo mi daj\u00ed plenu,&#8220; popisuje nejv\u011bt\u0161\u00ed rozd\u00edl K\u0159enek. Nyn\u00ed m\u00e1 on i Hana asistenta k dispozici nep\u0159etr\u017eit\u011b 24 hodin denn\u011b, krom\u011b pomoci s ka\u017edodenn\u00ed hygienou je doprov\u00e1z\u00ed do stacion\u00e1\u0159e, na \u00fa\u0159ady, n\u00e1kupy nebo do divadla. Spole\u010dn\u011b tak\u00e9 va\u0159\u00ed a funguj\u00ed jako norm\u00e1ln\u00ed dom\u00e1cnost.<\/p>\n<p><strong>P\u016fl metru sal\u00e1mu, pros\u00edm<\/strong><\/p>\n<p>Sdru\u017een\u00ed Domov pro mne, kter\u00e9 byty provozuje, obnovil Libor Dole\u017eal v roce 2004. Nyn\u00ed je jeho \u0159editelem. &#8222;Bylo to hlavn\u011b kv\u016fli Radovanovi, cht\u011bl jsem, aby mohl \u017e\u00edt plnohodnotn\u00fd \u017eivot,&#8220; vysv\u011btluje.<\/p>\n<p>S\u00e1m pro\u017eil d\u011btstv\u00ed na Koci\u00e1nce, odkud se s Radovanem zn\u00e1, a do &#8222;norm\u00e1ln\u00ed&#8220; spole\u010dnosti se dostal d\u00edky spolu\u017e\u00e1k\u016fm z gymn\u00e1zia Integra v Brn\u011b-L\u00ed\u0161ni. &#8222;Nebylo to nic jednoduch\u00e9ho. P\u0159i\u0161el jsem t\u0159eba do \u0159eznictv\u00ed a cht\u011bl p\u016fl metru sal\u00e1mu. Nem\u011bl jsem tu\u0161en\u00ed, \u017ee se prod\u00e1v\u00e1 na v\u00e1hu,&#8220; popisuje st\u0159ety s realitou Dole\u017eal.<\/p>\n<p>C\u00edlem cel\u00e9ho projektu je podpo\u0159it za\u010dlen\u011bn\u00ed t\u011b\u017ece t\u011blesn\u011b posti\u017een\u00fdch do norm\u00e1ln\u00ed spole\u010dnosti. &#8222;Lid\u00e9 si \u010dasto mysl\u00ed, \u017ee t\u011blesn\u011b posti\u017een\u00fd \u010dlov\u011bk je z\u00e1rove\u0148 ment\u00e1ln\u011b posti\u017een\u00fd, to ale v\u016fbec nemus\u00ed b\u00fdt pravda,&#8220; upozor\u0148uje Dole\u017eal. &#8222;Takov\u00e9 situace \u010dasto za\u017e\u00edvaj\u00ed posti\u017een\u00ed na \u00fa\u0159adech \u2013 \u00fa\u0159edn\u00edci se s posti\u017een\u00fdm v\u016fbec nebav\u00ed, mluv\u00ed na asistenta. Nebo jim \u0159eknou, a\u0165 po\u010dkaj\u00ed, \u017ee vezmou n\u011bkoho, kdo pracuje. \u017de si posti\u017een\u00ed m\u016f\u017eou po\u010dkat. Jen\u017ee t\u0159eba Libor jako \u0159editel sdru\u017een\u00ed m\u00e1 cel\u00fd den co d\u011blat,&#8220; potvrzuje jeho slova mluv\u010d\u00ed sdru\u017een\u00ed Pavla St\u0159echov\u00e1.<\/p>\n<p>D\u016fle\u017eit\u00fd je podle n\u00ed rozd\u00edl mezi chr\u00e1n\u011bn\u00fdm a nez\u00e1visl\u00fdm bydlen\u00edm. &#8222;Chr\u00e1n\u011bn\u00e9 bydlen\u00ed je z\u00e1konem stanoven\u00e1 soci\u00e1ln\u00ed slu\u017eba a je v\u011bt\u0161inou ur\u010den\u00e1 pro lidi s ment\u00e1ln\u00edm posti\u017een\u00edm. Toto bydlen\u00ed (nez\u00e1visl\u00e9) je pro lidi produktivn\u00edho v\u011bku s t\u011blesn\u00fdm posti\u017een\u00edm, kte\u0159\u00ed nemaj\u00ed psychick\u00e9 nebo ment\u00e1ln\u00ed posti\u017een\u00ed,&#8220; vysv\u011btluje St\u0159echov\u00e1.<\/p>\n<p>&#8222;V bytech chr\u00e1n\u011bn\u00e9ho bydlen\u00ed mus\u00ed \u010dlov\u011bk vydr\u017eet n\u011bjakou dobu s\u00e1m. A to u takto t\u011b\u017ece t\u011blesn\u011b posti\u017een\u00fdch nejde, ti si ani nezavolaj\u00ed mobilem pro pomoc,&#8220; dod\u00e1v\u00e1 Libor Dole\u017eal.<\/p>\n<p>Finan\u010dn\u011b dr\u017e\u00ed projekt nad vodou pomoc sdru\u017een\u00ed, sponzor\u016f nebo dotace magistr\u00e1tu a kraje. I p\u0159esto ale chyb\u00ed pen\u00edze na provoz. &#8222;Pokud se n\u00e1m nepoda\u0159\u00ed sehnat b\u011bhem p\u016fl roku p\u016fl milionu korun, bude nez\u00e1visl\u00e9 bydlen\u00ed v\u00e1\u017en\u011b ohro\u017eeno,&#8220; potvrzuje Dole\u017eal.<\/p>\n<p>Kate\u0159ina \u0160majzrov\u00e1<br \/>\nMlad\u00e1 fronta DNES<\/p>\n","protected":false},"excerpt":{"rendered":"<div class=\"mh-excerpt\"><p>Ve\u010de\u0159et to, na co m\u00e1m chu\u0165, nebo si p\u0159ispat o p\u016fl hodiny d\u00e9le. B\u011b\u017en\u00e9 v\u011bci, kter\u00e9 lid\u00e9 s t\u011blesn\u00fdm posti\u017een\u00edm v \u00fastavu neza\u017eij\u00ed. Lep\u0161\u00ed alternativu <a class=\"mh-excerpt-more\" href=\"https:\/\/www.invarena.cz\/?p=13977\" title=\"M\u016f\u017eu si \u017e\u00edt sv\u016fj \u017eivot, chv\u00e1l\u00ed si paralympionik vlastn\u00ed bydlen\u00ed\">[&#8230;]<\/a><\/p>\n<\/div>","protected":false},"author":3,"featured_media":5533,"comment_status":"open","ping_status":"closed","sticky":false,"template":"","format":"standard","meta":{"footnotes":""},"categories":[7],"tags":[],"class_list":["post-13977","post","type-post","status-publish","format-standard","has-post-thumbnail","hentry","category-spolecnost"],"_links":{"self":[{"href":"https:\/\/www.invarena.cz\/index.php?rest_route=\/wp\/v2\/posts\/13977","targetHints":{"allow":["GET"]}}],"collection":[{"href":"https:\/\/www.invarena.cz\/index.php?rest_route=\/wp\/v2\/posts"}],"about":[{"href":"https:\/\/www.invarena.cz\/index.php?rest_route=\/wp\/v2\/types\/post"}],"author":[{"embeddable":true,"href":"https:\/\/www.invarena.cz\/index.php?rest_route=\/wp\/v2\/users\/3"}],"replies":[{"embeddable":true,"href":"https:\/\/www.invarena.cz\/index.php?rest_route=%2Fwp%2Fv2%2Fcomments&post=13977"}],"version-history":[{"count":0,"href":"https:\/\/www.invarena.cz\/index.php?rest_route=\/wp\/v2\/posts\/13977\/revisions"}],"wp:featuredmedia":[{"embeddable":true,"href":"https:\/\/www.invarena.cz\/index.php?rest_route=\/wp\/v2\/media\/5533"}],"wp:attachment":[{"href":"https:\/\/www.invarena.cz\/index.php?rest_route=%2Fwp%2Fv2%2Fmedia&parent=13977"}],"wp:term":[{"taxonomy":"category","embeddable":true,"href":"https:\/\/www.invarena.cz\/index.php?rest_route=%2Fwp%2Fv2%2Fcategories&post=13977"},{"taxonomy":"post_tag","embeddable":true,"href":"https:\/\/www.invarena.cz\/index.php?rest_route=%2Fwp%2Fv2%2Ftags&post=13977"}],"curies":[{"name":"wp","href":"https:\/\/api.w.org\/{rel}","templated":true}]}}