{"id":14003,"date":"2013-12-15T18:14:16","date_gmt":"2013-12-15T17:14:16","guid":{"rendered":"http:\/\/www.invarena.cz\/?p=14003"},"modified":"2013-12-15T18:14:51","modified_gmt":"2013-12-15T17:14:51","slug":"neziskovky-chteji-zvysit-odmeny-pestounum","status":"publish","type":"post","link":"https:\/\/www.invarena.cz\/?p=14003","title":{"rendered":"Neziskovky cht\u011bj\u00ed zv\u00fd\u0161it odm\u011bny p\u011bstoun\u016fm"},"content":{"rendered":"<p><strong>P\u0159\u00edli\u0161 mnoho nemocn\u00fdch a posti\u017een\u00fdch lid\u00ed \u017eije trvale v \u00fastavech, a to v\u010detn\u011b d\u011bt\u00ed. Upozornila na to sdru\u017een\u00ed, kter\u00e1 se zab\u00fdvaj\u00ed lidsk\u00fdmi pr\u00e1vy. Cht\u011bj\u00ed, aby p\u011bstouni, kte\u0159\u00ed se o n\u011b staraj\u00ed, dost\u00e1vali v\u00edce pen\u011bz.<!--more--><\/strong><\/p>\n<p>&nbsp;<\/p>\n<p>Podepsali se pod v\u00fdzvu, ve kter\u00e9 \u017e\u00e1daj\u00ed n\u00e1pravu. Probl\u00e9m je podle nich v syst\u00e9mu financov\u00e1n\u00ed. V\u00edce pen\u011bz by m\u011bly dost\u00e1vat rodiny a p\u011bstouni, kte\u0159\u00ed se o nemocn\u00e9 a posti\u017een\u00e9 staraj\u00ed. Uvedla to report\u00e1\u017e Prima FTV.<\/p>\n<p>7let\u00e1 Eli\u0161ka trp\u00ed herpetickou meningoencefalitidou. Neum\u00ed mluvit, m\u00e1 oboustrann\u00e9 po\u0161kozen\u00ed mozku, z\u0159ejm\u011b nebude nikdy chodit. P\u0159esto m\u00e1 \u0161t\u011bst\u00ed. Jej\u00ed matka si ji nechala doma.<\/p>\n<p>V \u00fastavech v \u010cesku p\u0159itom kon\u010d\u00ed lid\u00e9 s daleko leh\u010d\u00edmi posti\u017een\u00edmi i bez nich. V r\u016fzn\u00fdch \u00fastavn\u00edch za\u0159\u00edzen\u00edch u n\u00e1s \u017eije 100 tis\u00edc d\u011bt\u00ed a dosp\u011bl\u00fdch.<\/p>\n<p>Milena JOHNNOV\u00c1, Jednota pro deinstitucionalizaci:&#8220;Probl\u00e9mem je na\u0161e neschopnost t\u011bm lidem pomoci tak, aby mohli v tom p\u0159irozen\u00e9m prost\u0159ed\u00ed z\u016fstat.&#8220;<\/p>\n<p>V \u00fastavech vl\u00e1dne p\u0159\u00edsn\u00fd re\u017eim. Spole\u010dn\u00e9 j\u00eddlo v p\u0159esn\u011b danou dobu, hromadn\u00e9 koup\u00e1n\u00ed, kontroly n\u011bkolikr\u00e1t b\u011bhem noci. Soukrom\u00ed ve\u0161ker\u00e9 \u017e\u00e1dn\u00e9.<\/p>\n<p>N\u011bkte\u0159\u00ed tak pro\u017eij\u00ed cel\u00fd sv\u016fj \u017eivot. Nav\u00edc \u00fastavn\u00ed p\u00e9\u010de je drah\u00e1 a ne v\u0161echny pen\u00edze jdou na p\u00e9\u010di samotnou. Nemal\u00e1 \u010d\u00e1st jich padne na opravy a \u00fadr\u017ebu rozlehl\u00fdch are\u00e1l\u016f.<\/p>\n<p>Leona MARSCHAVELLOV\u00c1, Eli\u0161\u010dina matka:&#8220;Do \u00fastavu ur\u010dit\u011b nikdy, nikdy bych Elinku nedala.&#8220;<\/p>\n<p>Michaela N\u011aMCOV\u00c1 :&#8220;M\u00e1m ty d\u011bti 4 a ten m\u016fj syn s posti\u017een\u00edm chci, aby vyr\u016fstal stejn\u011b jako oni.&#8220;<\/p>\n<p>Pr\u00e1v\u011b d\u011bti s posti\u017een\u00edm pr\u00fd dopl\u00e1cej\u00ed na \u00fastavn\u00ed p\u00e9\u010de nejv\u00edc. V \u010cesku jich je tak\u0159ka tis\u00edc. Specializovan\u00fd \u00fastav je p\u0159itom jen jedin\u00fd. A tak velmi \u010dasto b\u00fdvaj\u00ed d\u011bti dohromady s dosp\u011bl\u00fdmi. Z are\u00e1lu se prakticky nedostanou. Nav\u0161t\u011bvuj\u00ed v nich i \u0161koly.<\/p>\n<p>Petra KA\u010c\u00cdRKOV\u00c1, organizace Lumos:&#8220;M\u00edsto aby jim to pom\u00e1halo rozv\u00edjet jejich potenci\u00e1l, kter\u00e9ho i p\u0159es sv\u00e9 posti\u017een\u00ed m\u016f\u017eou dos\u00e1hnout, tak stagnuj\u00ed nebo jdou \u010dasto dol\u016f.&#8220;<\/p>\n<p>\u010cesko za p\u0159\u00edli\u0161 velk\u00fd po\u010det v \u00fastavech kritizoval i evropsk\u00fd komisa\u0159 pro lidsk\u00e1 pr\u00e1va. Podle neziskov\u00fdch organizac\u00ed se situace hned tak nezm\u011bn\u00ed. Zm\u011bnit by se toti\u017e musel cel\u00fd zp\u016fsob financov\u00e1n\u00ed. V tom sou\u010dasn\u00e9m dotace st\u00e1le zv\u00fdhod\u0148uj\u00ed \u00fastavy p\u0159ed p\u0159irozen\u00fdm prost\u0159ed\u00edm.<\/p>\n<p>podle Prima FTV zaznamenala invArena<\/p>\n","protected":false},"excerpt":{"rendered":"<div class=\"mh-excerpt\"><p>P\u0159\u00edli\u0161 mnoho nemocn\u00fdch a posti\u017een\u00fdch lid\u00ed \u017eije trvale v \u00fastavech, a to v\u010detn\u011b d\u011bt\u00ed. Upozornila na to sdru\u017een\u00ed, kter\u00e1 se zab\u00fdvaj\u00ed lidsk\u00fdmi pr\u00e1vy. Cht\u011bj\u00ed, aby <a class=\"mh-excerpt-more\" href=\"https:\/\/www.invarena.cz\/?p=14003\" title=\"Neziskovky cht\u011bj\u00ed zv\u00fd\u0161it odm\u011bny p\u011bstoun\u016fm\">[&#8230;]<\/a><\/p>\n<\/div>","protected":false},"author":1,"featured_media":0,"comment_status":"open","ping_status":"closed","sticky":false,"template":"","format":"standard","meta":{"footnotes":""},"categories":[7],"tags":[],"class_list":["post-14003","post","type-post","status-publish","format-standard","hentry","category-spolecnost"],"_links":{"self":[{"href":"https:\/\/www.invarena.cz\/index.php?rest_route=\/wp\/v2\/posts\/14003","targetHints":{"allow":["GET"]}}],"collection":[{"href":"https:\/\/www.invarena.cz\/index.php?rest_route=\/wp\/v2\/posts"}],"about":[{"href":"https:\/\/www.invarena.cz\/index.php?rest_route=\/wp\/v2\/types\/post"}],"author":[{"embeddable":true,"href":"https:\/\/www.invarena.cz\/index.php?rest_route=\/wp\/v2\/users\/1"}],"replies":[{"embeddable":true,"href":"https:\/\/www.invarena.cz\/index.php?rest_route=%2Fwp%2Fv2%2Fcomments&post=14003"}],"version-history":[{"count":0,"href":"https:\/\/www.invarena.cz\/index.php?rest_route=\/wp\/v2\/posts\/14003\/revisions"}],"wp:attachment":[{"href":"https:\/\/www.invarena.cz\/index.php?rest_route=%2Fwp%2Fv2%2Fmedia&parent=14003"}],"wp:term":[{"taxonomy":"category","embeddable":true,"href":"https:\/\/www.invarena.cz\/index.php?rest_route=%2Fwp%2Fv2%2Fcategories&post=14003"},{"taxonomy":"post_tag","embeddable":true,"href":"https:\/\/www.invarena.cz\/index.php?rest_route=%2Fwp%2Fv2%2Ftags&post=14003"}],"curies":[{"name":"wp","href":"https:\/\/api.w.org\/{rel}","templated":true}]}}