{"id":14083,"date":"2013-12-20T21:36:01","date_gmt":"2013-12-20T20:36:01","guid":{"rendered":"http:\/\/www.invarena.cz\/?p=14083"},"modified":"2013-12-20T21:36:01","modified_gmt":"2013-12-20T20:36:01","slug":"jihoafricka-vlada-se-omluvila-neslysicim","status":"publish","type":"post","link":"https:\/\/www.invarena.cz\/?p=14083","title":{"rendered":"Jihoafrick\u00e1 vl\u00e1da se omluvila nesly\u0161\u00edc\u00edm"},"content":{"rendered":"<p><strong>Jihoafrick\u00e1 vl\u00e1da se omluvila nesly\u0161\u00edc\u00edm za to, \u017ee b\u011bhem ofici\u00e1ln\u00edho rozlou\u010den\u00ed s Nelsonem Mandelou vyu\u017eila slu\u017eeb fale\u0161n\u00e9ho p\u0159ekladatele do znakov\u00e9 \u0159e\u010di. Kabinet uklid\u0148uje Jihoafri\u010dany, \u017ee pov\u011bst zem\u011b v zahrani\u010d\u00ed kv\u016fli tomu neutrp\u011bla.<!--more--><\/strong><\/p>\n<p>&nbsp;<br \/>\n&#8222;Byl to nejhor\u0161\u00ed den v m\u00e9m \u017eivot\u011b,&#8220; uvedl pro televize ITN Thanske mu\u017e, kter\u00fd sv\u00fdm p\u0159ekladem nechvaln\u011b proslavil celou zemi. Jako tlumo\u010dn\u00edk do znakov\u00e9 \u0159e\u010di pr\u00fd pracuje dev\u011bt let.<\/p>\n<p>&#8222;Pokud s m\u00fdm p\u0159ekladem nebylo n\u011bco v po\u0159\u00e1dku, pro\u010d se organizace nesly\u0161\u00edc\u00edch neozvaly d\u0159\u00edve? Polo\u017ete si tuto ot\u00e1zku, ne\u017e m\u011b ozna\u010d\u00edte za podvodn\u00edka,&#8220; uvedl tlumo\u010dn\u00edk.<\/p>\n<p>Podle jihoafrick\u00fdch m\u00e9di\u00ed trp\u00ed Thanske schizofreni\u00ed. V minulosti \u010delil mnoha obvin\u011bn\u00edm, v\u010detn\u011b vra\u017edy a podvodu. St\u00e1le tak\u00e9 nen\u00ed jasn\u00e9, kdo si jeho slu\u017eby minul\u00e9 \u00fater\u00fd objednal.<\/p>\n<p>Z Johannesburgu Jarom\u00edr Marek, Radio\u017eurn\u00e1l<\/p>\n","protected":false},"excerpt":{"rendered":"<div class=\"mh-excerpt\"><p>Jihoafrick\u00e1 vl\u00e1da se omluvila nesly\u0161\u00edc\u00edm za to, \u017ee b\u011bhem ofici\u00e1ln\u00edho rozlou\u010den\u00ed s Nelsonem Mandelou vyu\u017eila slu\u017eeb fale\u0161n\u00e9ho p\u0159ekladatele do znakov\u00e9 \u0159e\u010di. Kabinet uklid\u0148uje Jihoafri\u010dany, \u017ee <a class=\"mh-excerpt-more\" href=\"https:\/\/www.invarena.cz\/?p=14083\" title=\"Jihoafrick\u00e1 vl\u00e1da se omluvila nesly\u0161\u00edc\u00edm\">[&#8230;]<\/a><\/p>\n<\/div>","protected":false},"author":1,"featured_media":13957,"comment_status":"open","ping_status":"closed","sticky":false,"template":"","format":"standard","meta":{"footnotes":""},"categories":[9],"tags":[],"class_list":["post-14083","post","type-post","status-publish","format-standard","has-post-thumbnail","hentry","category-zpravy"],"_links":{"self":[{"href":"https:\/\/www.invarena.cz\/index.php?rest_route=\/wp\/v2\/posts\/14083","targetHints":{"allow":["GET"]}}],"collection":[{"href":"https:\/\/www.invarena.cz\/index.php?rest_route=\/wp\/v2\/posts"}],"about":[{"href":"https:\/\/www.invarena.cz\/index.php?rest_route=\/wp\/v2\/types\/post"}],"author":[{"embeddable":true,"href":"https:\/\/www.invarena.cz\/index.php?rest_route=\/wp\/v2\/users\/1"}],"replies":[{"embeddable":true,"href":"https:\/\/www.invarena.cz\/index.php?rest_route=%2Fwp%2Fv2%2Fcomments&post=14083"}],"version-history":[{"count":0,"href":"https:\/\/www.invarena.cz\/index.php?rest_route=\/wp\/v2\/posts\/14083\/revisions"}],"wp:featuredmedia":[{"embeddable":true,"href":"https:\/\/www.invarena.cz\/index.php?rest_route=\/wp\/v2\/media\/13957"}],"wp:attachment":[{"href":"https:\/\/www.invarena.cz\/index.php?rest_route=%2Fwp%2Fv2%2Fmedia&parent=14083"}],"wp:term":[{"taxonomy":"category","embeddable":true,"href":"https:\/\/www.invarena.cz\/index.php?rest_route=%2Fwp%2Fv2%2Fcategories&post=14083"},{"taxonomy":"post_tag","embeddable":true,"href":"https:\/\/www.invarena.cz\/index.php?rest_route=%2Fwp%2Fv2%2Ftags&post=14083"}],"curies":[{"name":"wp","href":"https:\/\/api.w.org\/{rel}","templated":true}]}}