{"id":1409,"date":"2013-02-26T10:56:10","date_gmt":"2013-02-26T09:56:10","guid":{"rendered":"http:\/\/www.invarena.cz\/?p=1409"},"modified":"2013-03-04T12:59:57","modified_gmt":"2013-03-04T11:59:57","slug":"pardubicke-tyflocentrum-nema-na-sluzby-pro-nevidome-penize","status":"publish","type":"post","link":"https:\/\/www.invarena.cz\/?p=1409","title":{"rendered":"Pardubick\u00e9 tyflocentrum nem\u00e1 na slu\u017eby pro nevidom\u00e9 pen\u00edze"},"content":{"rendered":"<p>Omezov\u00e1n\u00ed soci\u00e1ln\u00edch slu\u017eeb a propou\u0161t\u011bn\u00ed zam\u011bstnanc\u016f, takov\u00e9 jsou krizov\u00e9 sc\u00e9n\u00e1\u0159e neziskov\u00fdch organizac\u00ed, kter\u00e9 dostaly m\u00e9n\u011b pen\u011bz na provoz. Kr\u00e1cen\u00ed dotac\u00ed podle report\u00e1\u017ee \u010cT 1 ohro\u017euje tak\u00e9 aktiviza\u010dn\u00ed slu\u017eby pardubick\u00e9ho Tyflocentra.<!--more--><\/p>\n<p>redaktor:<br \/>\nVyrazit do p\u0159\u00edrody na kolech, zkusit horolezeckou st\u011bnu nebo t\u0159eba ku\u017eelky, na aktiviza\u010dn\u00ed slu\u017eby pro nevidom\u00e9 a slabozrak\u00e9 pardubick\u00e9 Tyflocentrum nem\u00e1 pot\u0159ebn\u00e9 pen\u00edze.<\/p>\n<p>Dana Stoklasov\u00e1, \u0159editelka Tyflocentra Pardubice:<br \/>\nV roce 2010 jsme dostali dotaci 900 tis\u00edc a letos to je 545 tis\u00edc, co\u017e je propad o 355 tis\u00edc.<\/p>\n<p>redaktor:<br \/>\nA pr\u00e1v\u011b to znamen\u00e1 omezov\u00e1n\u00ed slu\u017eeb anebo propu\u0161t\u011bn\u00ed lid\u00ed, na kter\u00e9 nejsou pen\u00edze. Pro zrakov\u011b posti\u017een\u00e9 se p\u0159itom aktiviza\u010dn\u00ed slu\u017eby staly jedinou mo\u017enost\u00ed, jak \u017e\u00edt naplno.<\/p>\n<p>Milena Prskavcov\u00e1, klientka se zkrakov\u00fdm posti\u017een\u00edm:<br \/>\nD\u00edky tomu ty lidi nejsou tak izolovan\u00ed, kolikr\u00e1t nemaj\u00ed ty mo\u017enosti, aby na takov\u00fdhle akce \u0161ly, nebo nemaj\u00ed mo\u017enosti, aby \u0161el n\u011bkdo z jejich bl\u00edzk\u00fdch.<\/p>\n<p>redaktor:<br \/>\nAni na konci \u00fanora nem\u00e1 veden\u00ed Tyflocentra jistotu, s kolika pen\u011bzi bude letos hospoda\u0159it. O dal\u0161\u00edch mo\u017enostech jedn\u00e1 s Pardubick\u00fdm krajem.<\/p>\n<p>Dana Stoklasov\u00e1, Tyflocentrum Pardubice:<br \/>\nNev\u00edm, jak m\u00e1me pl\u00e1novat ty slu\u017eby, pouze 3 m\u011bs\u00edce dop\u0159edu, jak m\u00e1me stav\u011bt pracovn\u00ed smlouvy zam\u011bstnanc\u016fm, proto\u017ee nev\u00edme co vlastn\u011b bude za p\u016fl roku.<\/p>\n<p>redaktor:<br \/>\nKrize postihla v\u0161echny poskytovatele soci\u00e1ln\u00edch slu\u017eeb. V cel\u00e9m Pardubick\u00e9m kraji chyb\u00ed 55 milion\u016f korun.<\/p>\n<p>Pavel \u0160otola, radn\u00ed pro Pardubick\u00fd kraj \/Koalice pro Pardubick\u00fd kraj\/:<br \/>\nVzhledem k tomu, \u017ee u\u017e l\u00e9ta se v\u0161ichni sna\u017e\u00ed samoz\u0159ejm\u011b ten provoz zefektivnit, hledat vnit\u0159n\u00ed rezervy, tak si mysl\u00edm, \u017ee u\u017e jsou na hranici.<\/p>\n<p>redaktor:<br \/>\nTyflocentrum je nejv\u011bt\u0161\u00ed organizac\u00ed v Pardubick\u00e9m kraji, kter\u00e1 se v\u011bnuje nevidom\u00fdm a slabozrak\u00fdm. V sou\u010dasn\u00e9 dob\u011b je v \u00fazk\u00e9m kontaktu s v\u00edce ne\u017e 200 klienty. <\/p>\n<p>Michal Kloko\u010dn\u00edk, \u010cesk\u00e1 televize, Pardubick\u00fd kraj.<\/p>\n","protected":false},"excerpt":{"rendered":"<div class=\"mh-excerpt\"><p>Omezov\u00e1n\u00ed soci\u00e1ln\u00edch slu\u017eeb a propou\u0161t\u011bn\u00ed zam\u011bstnanc\u016f, takov\u00e9 jsou krizov\u00e9 sc\u00e9n\u00e1\u0159e neziskov\u00fdch organizac\u00ed, kter\u00e9 dostaly m\u00e9n\u011b pen\u011bz na provoz. Kr\u00e1cen\u00ed dotac\u00ed podle report\u00e1\u017ee \u010cT 1 ohro\u017euje <a class=\"mh-excerpt-more\" href=\"https:\/\/www.invarena.cz\/?p=1409\" title=\"Pardubick\u00e9 tyflocentrum nem\u00e1 na slu\u017eby pro nevidom\u00e9 pen\u00edze\">[&#8230;]<\/a><\/p>\n<\/div>","protected":false},"author":1,"featured_media":1410,"comment_status":"open","ping_status":"open","sticky":false,"template":"","format":"standard","meta":{"footnotes":""},"categories":[1],"tags":[],"class_list":["post-1409","post","type-post","status-publish","format-standard","has-post-thumbnail","hentry","category-nezarazene"],"_links":{"self":[{"href":"https:\/\/www.invarena.cz\/index.php?rest_route=\/wp\/v2\/posts\/1409","targetHints":{"allow":["GET"]}}],"collection":[{"href":"https:\/\/www.invarena.cz\/index.php?rest_route=\/wp\/v2\/posts"}],"about":[{"href":"https:\/\/www.invarena.cz\/index.php?rest_route=\/wp\/v2\/types\/post"}],"author":[{"embeddable":true,"href":"https:\/\/www.invarena.cz\/index.php?rest_route=\/wp\/v2\/users\/1"}],"replies":[{"embeddable":true,"href":"https:\/\/www.invarena.cz\/index.php?rest_route=%2Fwp%2Fv2%2Fcomments&post=1409"}],"version-history":[{"count":0,"href":"https:\/\/www.invarena.cz\/index.php?rest_route=\/wp\/v2\/posts\/1409\/revisions"}],"wp:featuredmedia":[{"embeddable":true,"href":"https:\/\/www.invarena.cz\/index.php?rest_route=\/wp\/v2\/media\/1410"}],"wp:attachment":[{"href":"https:\/\/www.invarena.cz\/index.php?rest_route=%2Fwp%2Fv2%2Fmedia&parent=1409"}],"wp:term":[{"taxonomy":"category","embeddable":true,"href":"https:\/\/www.invarena.cz\/index.php?rest_route=%2Fwp%2Fv2%2Fcategories&post=1409"},{"taxonomy":"post_tag","embeddable":true,"href":"https:\/\/www.invarena.cz\/index.php?rest_route=%2Fwp%2Fv2%2Ftags&post=1409"}],"curies":[{"name":"wp","href":"https:\/\/api.w.org\/{rel}","templated":true}]}}