{"id":14092,"date":"2013-12-22T20:30:18","date_gmt":"2013-12-22T19:30:18","guid":{"rendered":"http:\/\/www.invarena.cz\/?p=14092"},"modified":"2013-12-22T20:31:07","modified_gmt":"2013-12-22T19:31:07","slug":"uradum-prace-chybi-pracovnici","status":"publish","type":"post","link":"https:\/\/www.invarena.cz\/?p=14092","title":{"rendered":"\u00da\u0159ad\u016fm pr\u00e1ce chyb\u00ed pracovn\u00edci"},"content":{"rendered":"<p><strong>\u00da\u0159ad\u016fm pr\u00e1ce chyb\u00ed na 1200 soci\u00e1ln\u00edch pracovn\u00edk\u016f, kte\u0159\u00ed by se v\u011bnovali agend\u011b d\u00e1vek pro posti\u017een\u00e9 nebo d\u00e1vek v hmotn\u00e9 nouzi. Pro agendu zam\u011bstnanosti m\u00e1 p\u0159\u00ed\u0161t\u00ed rok \u00fa\u0159ad p\u0159ijmout dal\u0161\u00edch asi 380 lid\u00ed.\u00a0\u00a0 <!--more--><\/strong><\/p>\n<p>&nbsp;<\/p>\n<p><strong>\u00da\u0159edn\u00edci te\u010f toti\u017e nest\u00edhaj\u00ed pr\u016fb\u011b\u017en\u011b ov\u011b\u0159ovat, jestli se p\u0159\u00edsp\u011bvky vyd\u00e1vaj\u00ed spr\u00e1vn\u011b a zda n\u011b lid\u00e9 maj\u00ed n\u00e1rok. \u0158ekla gener\u00e1ln\u00ed \u0159editelka \u00da\u0159adu pr\u00e1ce \u010cR Marie B\u00edlkov\u00e1. Bude usilovat o pos\u00edlen\u00ed person\u00e1lu.<\/strong><\/p>\n<p>&#8222;Obrovsky p\u0159ib\u00fdv\u00e1 \u017e\u00e1dost\u00ed o d\u00e1vky, rostou i vyplacen\u00e9 sumy. Bez pr\u016fb\u011b\u017en\u00e9ho \u0161et\u0159en\u00ed, kter\u00e9 p\u0159edstavuje i kontrolu, nev\u00edme, zda u klient\u016f podm\u00ednky pro vypl\u00e1cen\u00ed d\u00e1vek st\u00e1le plat\u00ed. Nejsme ale schopni ho zajistit. Mus\u00edme proto vyu\u017e\u00edvat pracovn\u00edky na dohodu,&#8220; uvedla B\u00edlkov\u00e1. Podle n\u00ed by se p\u0159ijet\u00ed dal\u0161\u00edch zam\u011bstnanc\u016f st\u00e1tu dlouhodob\u011b vyplatilo, mohl by u\u0161et\u0159it na d\u00e1vk\u00e1ch.<\/p>\n<p>Letos od ledna do konce \u0159\u00edjna vyplatily \u00fa\u0159ady pr\u00e1ce na d\u00e1vk\u00e1ch hmotn\u00e9 nouze 8,65 miliardy korun. To je o t\u00e9m\u011b\u0159 38 procent v\u00edc ne\u017e za stejn\u00e9 obdob\u00ed loni.<\/p>\n<p>V\u00fddaje na d\u00e1vky pro posti\u017een\u00e9 \u010dinily za prvn\u00edch deset m\u011bs\u00edc\u016f 1,59 miliardy korun, tedy o \u010dtvrtinu v\u00edc ne\u017e loni.<\/p>\n<p>P\u0159\u00edsp\u011bvek na mobilitu dost\u00e1valo v \u0159\u00edjnu 234.200 lid\u00ed. P\u0159\u00edsp\u011bvek na p\u00e9\u010di pak pob\u00edralo 324.800 lid\u00ed, letos do konce \u0159\u00edjna jim st\u00e1t poskytl 16,22 miliardy.<\/p>\n<p>Strukturu \u00fa\u0159ad\u016f pr\u00e1ce zm\u011bnila reforma exministra Jarom\u00edra Dr\u00e1bka (TOP 09). V dubnu 2011 vznikl &#8222;super\u00fa\u0159ad pr\u00e1ce&#8220; s krajsk\u00fdmi pobo\u010dkami a kontaktn\u00edmi m\u00edsty po republice. Loni v lednu se \u00fa\u0159edn\u00edci p\u0159estali v\u011bnovat jen problematice zam\u011bstnanosti, ale p\u0159evzali i \u010d\u00e1st agendy od radnic a za\u010dali vypl\u00e1cet d\u00e1vky. Z\u00edskali i nov\u00fd po\u010d\u00edta\u010dov\u00fd syst\u00e9m, kter\u00fd p\u016fsobil pot\u00ed\u017ee.<\/p>\n<h4>Obnovit funk\u010dnost \u00fa\u0159ad\u016f pr\u00e1ce<\/h4>\n<p>B\u00edlkov\u00e1 se u\u017e d\u0159\u00edv zm\u00ednila o tom, \u017ee se \u00fa\u0159edn\u00edci v\u011bt\u0161inou mus\u00ed soust\u0159edit na vypl\u00e1cen\u00ed d\u00e1vek. Dnes \u0159ekla, \u017ee nov\u00fd informa\u010dn\u00ed syst\u00e9m je nav\u00edc &#8222;m\u00e1lo u\u017eivatelsky p\u0159\u00edv\u011btiv\u00fd&#8220;, pomal\u00fd, obsluha je pracn\u00e1 a chyb\u011bj\u00ed mnoh\u00e9 funkce. Aby \u00fa\u0159ad pr\u00e1ce op\u011bt pos\u00edlil agendu zam\u011bstnanosti, p\u0159ijal dal\u0161\u00ed pracovn\u00edky. Letos jich m\u011blo nastoupit 319, dal\u0161\u00edch asi 380 jich m\u00e1 p\u0159ij\u00edt p\u0159\u00ed\u0161t\u00ed rok.<\/p>\n<p>Vznikaj\u00edc\u00ed vl\u00e1da v koali\u010dn\u00ed smlouv\u011b uvedla, \u017ee chce &#8222;obnovit funk\u010dnost \u00fa\u0159ad\u016f pr\u00e1ce&#8220;. Mimo jin\u00e9 by se m\u011bla zm\u011bnit struktura, znovu by m\u011bly za\u010d\u00edt fungovat okresn\u00ed pobo\u010dky. B\u00edlkov\u00e1 podotkla, \u017ee i po p\u0159\u00edpadn\u00e9 reorganizaci ale st\u00e1le budou pracovn\u00ed s\u00edly chyb\u011bt.<\/p>\n<p>&#8222;P\u0159ijmout 1200 nov\u00fdch soci\u00e1ln\u00edch pracovn\u00edk\u016f, to chce od st\u00e1tu odvahu. A\u0165 u\u017e z\u016fstanou v \u00fa\u0159adech pr\u00e1ce \u010di jinde, bez person\u00e1ln\u00edho pos\u00edlen\u00ed se to p\u0159i nyn\u011bj\u0161\u00edm modelu neobejde,&#8220; dodala \u0159editelka \u00fa\u0159adu pr\u00e1ce. Podle n\u00ed je nutn\u00e9 z\u00e1le\u017eitost \u0159e\u0161it syst\u00e9mov\u011b. \u0160patn\u00e9 pracovn\u00ed podm\u00ednky a p\u0159et\u00ed\u017eenost pr\u00fd vedou k velk\u00e9 fluktuaci zam\u011bstnanc\u016f.<\/p>\n","protected":false},"excerpt":{"rendered":"<div class=\"mh-excerpt\"><p>\u00da\u0159ad\u016fm pr\u00e1ce chyb\u00ed na 1200 soci\u00e1ln\u00edch pracovn\u00edk\u016f, kte\u0159\u00ed by se v\u011bnovali agend\u011b d\u00e1vek pro posti\u017een\u00e9 nebo d\u00e1vek v hmotn\u00e9 nouzi. Pro agendu zam\u011bstnanosti m\u00e1 p\u0159\u00ed\u0161t\u00ed <a class=\"mh-excerpt-more\" href=\"https:\/\/www.invarena.cz\/?p=14092\" title=\"\u00da\u0159ad\u016fm pr\u00e1ce chyb\u00ed pracovn\u00edci\">[&#8230;]<\/a><\/p>\n<\/div>","protected":false},"author":1,"featured_media":1077,"comment_status":"open","ping_status":"closed","sticky":false,"template":"","format":"standard","meta":{"footnotes":""},"categories":[9],"tags":[],"class_list":["post-14092","post","type-post","status-publish","format-standard","has-post-thumbnail","hentry","category-zpravy"],"_links":{"self":[{"href":"https:\/\/www.invarena.cz\/index.php?rest_route=\/wp\/v2\/posts\/14092","targetHints":{"allow":["GET"]}}],"collection":[{"href":"https:\/\/www.invarena.cz\/index.php?rest_route=\/wp\/v2\/posts"}],"about":[{"href":"https:\/\/www.invarena.cz\/index.php?rest_route=\/wp\/v2\/types\/post"}],"author":[{"embeddable":true,"href":"https:\/\/www.invarena.cz\/index.php?rest_route=\/wp\/v2\/users\/1"}],"replies":[{"embeddable":true,"href":"https:\/\/www.invarena.cz\/index.php?rest_route=%2Fwp%2Fv2%2Fcomments&post=14092"}],"version-history":[{"count":0,"href":"https:\/\/www.invarena.cz\/index.php?rest_route=\/wp\/v2\/posts\/14092\/revisions"}],"wp:featuredmedia":[{"embeddable":true,"href":"https:\/\/www.invarena.cz\/index.php?rest_route=\/wp\/v2\/media\/1077"}],"wp:attachment":[{"href":"https:\/\/www.invarena.cz\/index.php?rest_route=%2Fwp%2Fv2%2Fmedia&parent=14092"}],"wp:term":[{"taxonomy":"category","embeddable":true,"href":"https:\/\/www.invarena.cz\/index.php?rest_route=%2Fwp%2Fv2%2Fcategories&post=14092"},{"taxonomy":"post_tag","embeddable":true,"href":"https:\/\/www.invarena.cz\/index.php?rest_route=%2Fwp%2Fv2%2Ftags&post=14092"}],"curies":[{"name":"wp","href":"https:\/\/api.w.org\/{rel}","templated":true}]}}