{"id":14100,"date":"2013-12-23T13:52:04","date_gmt":"2013-12-23T12:52:04","guid":{"rendered":"http:\/\/www.invarena.cz\/?p=14100"},"modified":"2014-10-20T20:08:46","modified_gmt":"2014-10-20T18:08:46","slug":"ted-rozdava-usmevy-pacientum","status":"publish","type":"post","link":"https:\/\/www.invarena.cz\/?p=14100","title":{"rendered":"Te\u010f rozd\u00e1v\u00e1 \u00fasm\u011bvy pacient\u016fm"},"content":{"rendered":"<p><strong>Dlouh\u00e9 chv\u00edle v hradeck\u00e9 nemocnici se nov\u011b pokou\u0161\u00ed pacient\u016fm zp\u0159\u00edjemnit dobrovoln\u00edci. Jednou z nich je Ester Hilovsk\u00e1, kter\u00e1 vyhledala Dobrovolnick\u00e9 centrum Diec\u00e9zn\u00ed charity Hradec Kr\u00e1lov\u00e9.<!--more--><\/strong>\/ilustra\u010dn\u00ed sn\u00edmek\/<\/p>\n<p>S pacienty si pov\u00eddaj\u00ed, p\u0159ed\u010d\u00edtaj\u00ed jim z novin \u010di \u010dasopis\u016f, sko\u010d\u00ed pro drobnost do obchodu, vyraz\u00ed s nimi na proch\u00e1zku nebo je doprovod\u00ed na vy\u0161et\u0159en\u00ed, aby nemuseli sami bloudit po are\u00e1lu nemocnice.<\/p>\n<p>&#8222;V\u017edy zaklepu na pokoj, usm\u011bju se a zept\u00e1m se, jestli n\u011bco pot\u0159ebuj\u00ed, \u017ee si s nimi m\u016f\u017eu popov\u00eddat,&#8220; vypr\u00e1v\u00ed dvaapades\u00e1tilet\u00e1 Ester Hilovsk\u00e1, jedna ze t\u0159\u00ed dobrovoln\u00edk\u016f, kte\u0159\u00ed od listopadu nav\u0161t\u011bvuj\u00ed pacienty v hradeck\u00e9 fakultn\u00ed nemocnici.<\/p>\n<p>Dobrovoln\u00edci zde maj\u00ed vlastn\u00ed sk\u0159\u00ed\u0148ku a poka\u017ed\u00e9 se p\u0159evl\u00e9kaj\u00ed do tri\u010dek s logem Charity \u010cesk\u00e9 republiky. A brzy k nim p\u0159ibudou dal\u0161\u00ed t\u0159i, v\u0161ichni bez n\u00e1roku na odm\u011bnu tr\u00e1v\u00ed s pacienty sv\u016fj voln\u00fd \u010das.<\/p>\n<p>Do nemocnice chod\u00ed Ester Hilovsk\u00e1 dvakr\u00e1t t\u00fddn\u011b &#8211; v \u00fater\u00fd a ve \u010dtvrtek v\u017edy na dv\u011b hodiny. \u0158\u00edk\u00e1, \u017ee to d\u011bl\u00e1 z k\u0159es\u0165ansk\u00e9 l\u00e1sky, ale zdaleka ne v\u0161ichni dobrovoln\u00edci jsou v\u011b\u0159\u00edc\u00ed. Sna\u017e\u00ed se pobyt v nemocnici uleh\u010dit hlavn\u011b star\u0161\u00edm lidem, kte\u0159\u00ed se l\u00e9\u010d\u00ed na klinik\u00e1ch zdej\u0161\u00ed interny.<\/p>\n<p>&nbsp;<\/p>\n<p><b>Ta pr\u00e1ce m\u011b hrozn\u011b napl\u0148uje<\/b><\/p>\n<p>&nbsp;<\/p>\n<p>&#8222;Pacienti pob\u00fdvaj\u00edc\u00ed v nemocnici cel\u00e9 dny maj\u00ed d\u00edky dobrovoln\u00edkovi mo\u017enost na chv\u00edli zapomenout na svoji nemoc. P\u0159ich\u00e1z\u00ed k nim \u010dlov\u011bk, kter\u00fd si chce popov\u00eddat, vyslechne je, povzbud\u00ed,&#8220; vysv\u011btluje Jana \u0160ebov\u00e1 z hradeck\u00e9 diec\u00e9zn\u00ed charity, kter\u00e1 m\u00e1 dobrovolnick\u00fd program v nemocnici na starosti.<\/p>\n<p>&#8222;U\u017e jsem to d\u011blala skoro dva roky v nemocnici v D\u011b\u010d\u00edn\u011b a hrozn\u011b m\u011b to napl\u0148ovalo. Je to obrovsk\u00e1 slu\u017eba lidem a stra\u0161n\u011b r\u00e1da to d\u011bl\u00e1m. Oni t\u011b\u0161\u00ed m\u011b, j\u00e1 zase je,&#8220; vypr\u00e1v\u00ed dobrovolnice Ester, kter\u00e1 se z D\u011b\u010d\u00edna p\u0159est\u011bhovala do Hradce Kr\u00e1lov\u00e9 p\u0159ed rokem a p\u016fl.<\/p>\n<p>&#8222;Mluv\u00edm s nimi, nebo jim sko\u010d\u00edm koupit \u010dasopis, pit\u00ed nebo kafe z automatu, ale chci vyvinout iniciativu a zkus\u00edm se zeptat, jestli bych nemohla t\u0159eba dov\u00e9zt pacienta na vy\u0161et\u0159en\u00ed nebo s n\u00edm jet na proch\u00e1zku,&#8220; \u0159\u00edk\u00e1 dobrovolnice.<\/p>\n<p>S negativn\u00ed reakc\u00ed se setkala jen jednou. &#8222;V\u011bt\u0161inou pacienti reaguj\u00ed p\u0159\u00edjemn\u011b nebo se div\u00ed, proto\u017ee takovou slu\u017ebu neznaj\u00ed. Jen jednou se stalo, \u017ee se m\u011b jeden p\u00e1n zeptal: A v\u011bd\u00ed o v\u00e1s? Co tady jako chcete? Ale \u0161la jsem tam znovu asi za t\u00fdden a p\u00e1n u\u017e byl v \u00fapln\u011b jin\u00e9 n\u00e1lad\u011b a nakonec jsme si porozum\u011bli,&#8220; usm\u00edv\u00e1 se Hilovsk\u00e1. Je vyu\u010den\u00e1 krej\u010dov\u00e1, ale o pr\u00e1ci v oboru nem\u016f\u017ee zavadit u\u017e l\u00e9ta.<\/p>\n<p>&nbsp;<\/p>\n<p><b>Povodn\u011b jako pr\u016fprava<\/b><\/p>\n<p>&#8222;Taky jsem byla dost nemocn\u00e1 a ve\u0161ker\u00fd voln\u00fd \u010das jsem v\u011bnovala v\u00fdchov\u011b sv\u00fdch t\u0159\u00ed d\u011bt\u00ed. Bez pr\u00e1ce u\u017e jsem dlouho a d\u011bti u\u017e m\u00e1m velk\u00e9, tak jsem si ud\u011blala kurz na soci\u00e1ln\u00edho pracovn\u00edka,&#8220; vysv\u011btluje. P\u0159ed dobrovolnictv\u00edm v nemocnici zhruba p\u016fl roku jezdila pom\u00e1hat do kojeneck\u00e9ho \u00fastavu nedaleko Pardubic a s organizac\u00ed Adra spolupracovala tak\u00e9 b\u011bhem povodn\u00ed.<\/p>\n<p>&#8222;Dva m\u011bs\u00edce jsem u nich jen tak z l\u00e1sky pom\u00e1hala a vyplatilo se mi to, proto\u017ee m\u011b pak zam\u011bstnali na cel\u00fd rok. Jezdili jsme s \u0159idi\u010dem po b\u0159ehu Labe od D\u011b\u010d\u00edna po \u00dast\u00ed, uklid\u0148ovali jsme lidi a vozili jim samoz\u0159ejm\u011b pot\u0159ebn\u00e9 v\u011bci. D\u011blala jsem sp\u00ed\u0161 takov\u00e9ho psychologa, \u0161koda, \u017ee jsem psychologii nevystudovala,&#8220; posteskne si Hilovsk\u00e1. V D\u011b\u010d\u00edn\u011b dobrovoln\u011b pom\u00e1hala tak\u00e9 v mate\u0159sk\u00e9 \u0161kole a pracovala s ment\u00e1ln\u011b posti\u017een\u00fdmi d\u011btmi. Na podobnou pr\u00e1ci j\u00ed ale chyb\u00ed pat\u0159i\u010dn\u00e9 vzd\u011bl\u00e1n\u00ed.<\/p>\n<p>&#8222;Je to napln\u011bn\u00ed v \u017eivot\u011b,&#8220; \u0159\u00edk\u00e1 dobrovolnice Ester a pracovn\u00edci Charity jsou z jej\u00edho p\u0159\u00edstupu nad\u0161en\u00ed. &#8222;Tohle je ide\u00e1ln\u00ed p\u0159\u00edpad, m\u00e1 u\u017e zku\u0161enosti a bav\u00ed ji to,&#8220; \u0159\u00edk\u00e1 hradeck\u00e1 koordin\u00e1torka dobrovolnictv\u00ed Tereza \u0160taudov\u00e1.<\/p>\n<p>&#8222;Zat\u00edm se n\u00e1m dobrovoln\u00edci hl\u00e1s\u00ed sami, z\u00e1jem projevili i ti st\u00e1vaj\u00edc\u00ed, kte\u0159\u00ed chodili do domov\u016f d\u016fchodc\u016f v Hradci a Chlumci nad Cidlinou,&#8220; vypr\u00e1v\u00ed \u0160taudov\u00e1. Dobrovoln\u00edky si pracovn\u00edci Charity pe\u010dliv\u011b vyb\u00edraj\u00ed, up\u0159ednost\u0148uj\u00ed ty dlouhodob\u00e9, d\u016fraz kladou na jejich pro\u0161kolen\u00ed, sepisuj\u00ed s nimi smlouvu a na pravideln\u00fdch spole\u010dn\u00fdch setk\u00e1n\u00edch se staraj\u00ed o zp\u011btnou vazbu.<\/p>\n<p>Mlad\u00e1 fronta DNES<\/p>\n<p>Kate\u0159ina V\u00edtkov\u00e1<\/p>\n","protected":false},"excerpt":{"rendered":"<div class=\"mh-excerpt\"><p>Dlouh\u00e9 chv\u00edle v hradeck\u00e9 nemocnici se nov\u011b pokou\u0161\u00ed pacient\u016fm zp\u0159\u00edjemnit dobrovoln\u00edci. Jednou z nich je Ester Hilovsk\u00e1, kter\u00e1 vyhledala Dobrovolnick\u00e9 centrum Diec\u00e9zn\u00ed charity Hradec Kr\u00e1lov\u00e9.<\/p>\n<\/div>","protected":false},"author":1,"featured_media":6107,"comment_status":"open","ping_status":"closed","sticky":false,"template":"","format":"standard","meta":{"footnotes":""},"categories":[7],"tags":[],"class_list":["post-14100","post","type-post","status-publish","format-standard","has-post-thumbnail","hentry","category-spolecnost"],"_links":{"self":[{"href":"https:\/\/www.invarena.cz\/index.php?rest_route=\/wp\/v2\/posts\/14100","targetHints":{"allow":["GET"]}}],"collection":[{"href":"https:\/\/www.invarena.cz\/index.php?rest_route=\/wp\/v2\/posts"}],"about":[{"href":"https:\/\/www.invarena.cz\/index.php?rest_route=\/wp\/v2\/types\/post"}],"author":[{"embeddable":true,"href":"https:\/\/www.invarena.cz\/index.php?rest_route=\/wp\/v2\/users\/1"}],"replies":[{"embeddable":true,"href":"https:\/\/www.invarena.cz\/index.php?rest_route=%2Fwp%2Fv2%2Fcomments&post=14100"}],"version-history":[{"count":0,"href":"https:\/\/www.invarena.cz\/index.php?rest_route=\/wp\/v2\/posts\/14100\/revisions"}],"wp:featuredmedia":[{"embeddable":true,"href":"https:\/\/www.invarena.cz\/index.php?rest_route=\/wp\/v2\/media\/6107"}],"wp:attachment":[{"href":"https:\/\/www.invarena.cz\/index.php?rest_route=%2Fwp%2Fv2%2Fmedia&parent=14100"}],"wp:term":[{"taxonomy":"category","embeddable":true,"href":"https:\/\/www.invarena.cz\/index.php?rest_route=%2Fwp%2Fv2%2Fcategories&post=14100"},{"taxonomy":"post_tag","embeddable":true,"href":"https:\/\/www.invarena.cz\/index.php?rest_route=%2Fwp%2Fv2%2Ftags&post=14100"}],"curies":[{"name":"wp","href":"https:\/\/api.w.org\/{rel}","templated":true}]}}