{"id":14111,"date":"2013-12-23T13:58:28","date_gmt":"2013-12-23T12:58:28","guid":{"rendered":"http:\/\/www.invarena.cz\/?p=14111"},"modified":"2014-10-20T20:08:46","modified_gmt":"2014-10-20T18:08:46","slug":"pani-ucitelka-rozzarily-se-deti-vozik-nikomu-neprekazel","status":"publish","type":"post","link":"https:\/\/www.invarena.cz\/?p=14111","title":{"rendered":"Pan\u00ed u\u010ditelka! rozz\u00e1\u0159ily se d\u011bti. Voz\u00edk nikomu nep\u0159ek\u00e1\u017eel"},"content":{"rendered":"<p><strong>MF DNES pro v\u00e1no\u010dn\u00ed vyd\u00e1n\u00ed vybrala p\u0159\u00edb\u011bhy, kter\u00e9 p\u0159inesl leto\u0161n\u00ed rok. T\u00edm nejsiln\u011bj\u0161\u00edm byl bezesporu n\u00e1vrat u\u010ditelky Hany Volfov\u00e9 (foto), kter\u00e1 je na voz\u00edku.<!--more--><\/strong><\/p>\n<p>&nbsp;<\/p>\n<p>&#8222;Nic jsem jim ne\u0159ekl, bude to p\u0159ekvapen\u00ed,&#8220; t\u011b\u0161\u00ed se \u0159editel Milan Kn\u00e1pek. Zaklepe a r\u00e1zn\u011b vezme za kliku t\u0159\u00eddy.<\/p>\n<p>Jen\u017ee 6. B je zam\u010den\u00e1.<\/p>\n<p>Stoj\u00edme na chodb\u011b Z\u00e1kladn\u00ed \u0161koly \u017derot\u00ednova ve Vala\u0161sk\u00e9m Mezi\u0159\u00ed\u010d\u00ed a sm\u011bjeme se.<\/p>\n<p>Kn\u00e1pka to v\u0161ak z m\u00edry nevyvede. &#8222;Najdu je,&#8220; hned slibuje a sp\u011b\u0161n\u011b odch\u00e1z\u00ed.<\/p>\n<p>Spole\u010dn\u011b s u\u010ditelkou Hanou Volfovou se vyd\u00e1v\u00e1me za n\u00edm. Kola voz\u00edku, na kter\u00e9m sed\u00ed, ti\u0161e klou\u017eou po podlaze.<\/p>\n<p>U\u017e nacvi\u010den\u00fdmi pohyby proj\u00ed\u017ed\u00ed sedma\u010dty\u0159icetilet\u00e1 \u017eena dve\u0159mi na chodb\u011b a obsluhuje schodolez, kter\u00fd ji vyveze do druh\u00e9ho patra.<\/p>\n<p>Jezd\u00ed tudy od z\u00e1\u0159\u00ed a podle dostupn\u00fdch informac\u00ed je jedinou u\u010ditelkou v \u010desk\u00fdch z\u00e1kladn\u00edch a st\u0159edn\u00edch \u0161kol\u00e1ch, upoutanou na voz\u00edk. Vr\u00e1tila se sice &#8222;jen&#8220; na dva dny v t\u00fddnu, a ne zrovna za katedru, ale i tak to byl n\u00e1vrat slavn\u00fd a p\u0159iv\u00edt\u00e1n\u00ed d\u011bt\u00ed a\u017e dojemn\u00e9.<\/p>\n<p>&#8222;Neexistuj\u00ed na to statistiky, ale nikdy jsem nesly\u0161el o \u017e\u00e1dn\u00e9m u\u010diteli, kter\u00fd by u\u010dil z voz\u00edku. P\u00e1r jich je a\u017e na vysok\u00fdch \u0161kol\u00e1ch,&#8220; potvrzuje p\u0159edseda N\u00e1rodn\u00ed rady osob se zdravotn\u00edm posti\u017een\u00edm V\u00e1clav Kr\u00e1sa a nad\u0161en\u011b dod\u00e1v\u00e1, \u017ee jde o &#8222;v\u00fdbornou zpr\u00e1vu&#8220;.<\/p>\n<p>&#8222;Je to dob\u0159e pro v\u0161echny. D\u011bti nebudou rozli\u0161ovat lidi s posti\u017een\u00edm a bez,&#8220; souhlas\u00ed Volfov\u00e1.<\/p>\n<p>Jej\u00ed \u017eivotn\u00ed osud je natolik ojedin\u011bl\u00fd, \u017ee jej region\u00e1ln\u00ed redakce MF DNES vybrala jako nejzaj\u00edmav\u011bj\u0161\u00ed p\u0159\u00edb\u011bh leto\u0161n\u00edho roku.<\/p>\n<p>&nbsp;<\/p>\n<p><strong>Sta\u010dil jedin\u00fd pohyb<\/strong><\/p>\n<p>Kdy\u017e Volfov\u00e1 ze \u0161koly p\u0159ed dv\u011bma lety na konci \u010dervna odch\u00e1zela na pr\u00e1zdniny, byla naprosto zdrav\u00e1. Rozlou\u010dila se s d\u011btmi, kter\u00e9 vedla od prvn\u00ed do t\u0159et\u00ed t\u0159\u00eddy, a t\u011b\u0161ila se na dovolenou i na to, \u017ee po pr\u00e1zdnin\u00e1ch p\u0159ijdou dal\u0161\u00ed prv\u0148\u00e1ci.<\/p>\n<p>Pak sta\u010dil jedin\u00fd pohyb a v\u0161echno bylo jinak.<\/p>\n<p>&#8222;Sklonila jsem se k zemi, a kdy\u017e jsem se narovnala, za\u010dalo m\u011b hrozn\u011b bolet b\u0159icho,&#8220; vzpom\u00edn\u00e1 na prvn\u00ed okam\u017eiky ud\u00e1lost\u00ed, kter\u00e9 ji posadily na voz\u00edk.<\/p>\n<p>Psal se 7. \u010dervenec 2010.<\/p>\n<p>L\u00e9ka\u0159i pozd\u011bji zjistili, \u017ee Volfov\u00e9 vyh\u0159ezla plot\u00fdnka. Na n\u00ed byl v\u00fdr\u016fstek, kter\u00fd se ulomil a dostal se do m\u00edchy.<\/p>\n<p>Te\u010f ale nen\u00ed na vzpom\u00ednky \u010das, m\u00edsto toho m\u00ed\u0159\u00edme \u0161koln\u00ed chodbou za d\u011btmi, kter\u00e9 u\u010dila p\u0159ed \u00farazem. &#8222;Pan\u00ed u\u010ditelka,&#8220; vyk\u0159iknou, kdy\u017e se Volfov\u00e1 objev\u00ed ve dve\u0159\u00edch. Je zn\u00e1t, \u017ee maj\u00ed radost. Nevid\u00ed se toti\u017e \u010dasto, Volfov\u00e1 je ve \u0161kole v\u011bt\u0161inou a\u017e odpoledne.<\/p>\n<p>&#8222;Jdu jen pozdravit, u\u017e mi po v\u00e1s bylo smutno,&#8220; \u0159\u00edk\u00e1 d\u011btem a omlouv\u00e1 se kolegyni, \u017ee j\u00ed vyru\u0161ila hodinu d\u011bjepisu. Jen\u017ee te\u010f u\u017e stejn\u011b maj\u00ed v\u0161ichni plnou hlavu V\u00e1noc.<\/p>\n<p>D\u011bti se seb\u011bhnou kolem Volfov\u00e9, n\u011bkter\u00e9 ji obejmou, jin\u00e9 aspo\u0148 pohlad\u00ed po rameni.<\/p>\n<p>Kdy\u017e je u\u010dila, byla mnohem vy\u0161\u0161\u00ed ne\u017e ony, te\u010f se mezi nimi drobn\u00e1 a viditeln\u011b dojat\u00e1 blond\u00fdnka na invalidn\u00edm voz\u00edku ztr\u00e1c\u00ed.<\/p>\n<p>Jen\u017ee nezd\u00e1 se, \u017ee by si toho kdokoliv v\u0161\u00edmal. Tereza hl\u00e1s\u00ed, \u017ee po\u0159\u00e1d hraje na fl\u00e9tnu, ale u\u017e m\u00e1 v\u011bt\u0161\u00ed, Michal z\u016fstal u fotbalu. Proberou p\u0159\u00edpravy na V\u00e1noce i to, kdo zlob\u00ed. Samoz\u0159ejm\u011b nikdo.<\/p>\n<p>Pak u\u017e se Volfov\u00e1 rozlou\u010d\u00ed, mus\u00ed se dostat zp\u00e1tky do sv\u00e9 pracovny dole v p\u0159\u00edzem\u00ed. A to chvilku trv\u00e1.<\/p>\n<p>Vystudovala speci\u00e1ln\u00ed pedagogiku a k n\u00ed se te\u010f zase vr\u00e1tila. Soust\u0159ed\u00ed se na logopedii, tedy n\u00e1pravu v\u00fdslovnosti.<\/p>\n<p>Vr\u00e1tit se na pln\u00fd \u00favazek zat\u00edm nezvl\u00e1dne, v\u011bt\u0161inu \u010dasu j\u00ed zabere cvi\u010den\u00ed. S voz\u00edkem ve t\u0159\u00edd\u011b by nav\u00edc byly pot\u00ed\u017ee.<\/p>\n<p>&#8222;Sama pot\u0159ebuji pomoc. Spoustu v\u011bc\u00ed nedok\u00e1\u017eu, nedos\u00e1hnu na n\u011b. A t\u0159eba o t\u011blocviku nem\u016f\u017eu ani uva\u017eovat,&#8220; p\u0159em\u00fd\u0161l\u00ed Volfov\u00e1, zat\u00edmco se pomali\u010dku \u0161ine s plo\u0161inou ze schod\u016f.<\/p>\n<p>Prvn\u00ed kroky k samostatnosti u\u017e m\u00e1 za sebou. D\u00edky ve\u0159ejn\u00fdm sb\u00edrk\u00e1m m\u00e1 bezbari\u00e9rov\u00fd byt a speci\u00e1ln\u011b upraven\u00e9 auto.<\/p>\n<p>&#8222;Lid\u00e9 mi neuv\u011b\u0159iteln\u011b pomohli. Nejbli\u017e\u0161\u00ed, kamar\u00e1di i ciz\u00ed lid\u00e9. Takovou solidaritu jsem ne\u010dekala,&#8220; pod\u011bkovala Volfov\u00e1. Zvyknout si na jin\u00e9 \u0159\u00edzen\u00ed pr\u00fd nebyl probl\u00e9m. Do auta a z n\u011bj se ale sama nedostane.<\/p>\n<p>Je sk\u00e1lopevn\u011b p\u0159esv\u011bd\u010den\u00e1, \u017ee voz\u00edk je jen do\u010dasn\u00e1 pom\u016fcka. Odhodlan\u00e1 je tak moc, \u017ee u\u017e si m\u00e1lem ubl\u00ed\u017eila. &#8222;P\u0159ehnala jsem cvi\u010den\u00ed, nev\u011bd\u011bla jsem, \u017ee to d\u011bl\u00e1m \u0161patn\u011b,&#8220; p\u0159izn\u00e1v\u00e1. Narazila toti\u017e na fyzioterapeuta, kter\u00fd j\u00ed \u0159ekl, \u017ee v jej\u00edm p\u0159\u00edpad\u011b je zbyte\u010dn\u00e9 se sna\u017eit.<\/p>\n<p>Zafungovalo to jako \u010derven\u00fd hadr na b\u00fdka. Volfov\u00e1 za\u010dala cvi\u010dit sama podle toho, co znala z d\u0159\u00edv\u011bj\u0161ka. A proto\u017ee opravdu d\u0159ela, vych\u00fdlila si p\u00e1nev.<\/p>\n<p>Dal\u0161\u00ed odborn\u00edk, kter\u00e9mu se dostala do ruky, u\u017e j\u00ed nad\u011bje nebral. Napravil, co se j\u00ed stalo, a vede ji dodnes. Ochrnut\u00e1 byla od prsou dol\u016f, te\u010f u\u017e c\u00edt\u00ed svaly na b\u0159i\u0161e i z\u00e1dech. Trochu reaguje i jedna noha.<\/p>\n<p>&#8222;Pot\u0159ebuji se postavit, abych se mohla vr\u00e1tit do \u0161koly,&#8220; p\u0159eje si mezi\u0159\u00ed\u010dsk\u00e1 u\u010ditelka. A z o\u010d\u00ed j\u00ed s\u00e1l\u00e1 v\u00edra, \u017ee to dok\u00e1\u017ee.<\/p>\n<p>Mlad\u00e1 fronta DNES<\/p>\n<p>Petra Proch\u00e1zkov\u00e1<\/p>\n<p><a href=\"http:\/\/zpravy.idnes.cz\/mfdnes.asp\" target=\"_blank\">http:\/\/zpravy.idnes.cz\/mfdnes.asp<\/a><\/p>\n","protected":false},"excerpt":{"rendered":"<div class=\"mh-excerpt\"><p>MF DNES pro v\u00e1no\u010dn\u00ed vyd\u00e1n\u00ed vybrala p\u0159\u00edb\u011bhy, kter\u00e9 p\u0159inesl leto\u0161n\u00ed rok. T\u00edm nejsiln\u011bj\u0161\u00edm byl bezesporu n\u00e1vrat u\u010ditelky Hany Volfov\u00e9 (foto), kter\u00e1 je na voz\u00edku.<\/p>\n<\/div>","protected":false},"author":1,"featured_media":6731,"comment_status":"open","ping_status":"closed","sticky":false,"template":"","format":"standard","meta":{"footnotes":""},"categories":[7],"tags":[],"class_list":["post-14111","post","type-post","status-publish","format-standard","has-post-thumbnail","hentry","category-spolecnost"],"_links":{"self":[{"href":"https:\/\/www.invarena.cz\/index.php?rest_route=\/wp\/v2\/posts\/14111","targetHints":{"allow":["GET"]}}],"collection":[{"href":"https:\/\/www.invarena.cz\/index.php?rest_route=\/wp\/v2\/posts"}],"about":[{"href":"https:\/\/www.invarena.cz\/index.php?rest_route=\/wp\/v2\/types\/post"}],"author":[{"embeddable":true,"href":"https:\/\/www.invarena.cz\/index.php?rest_route=\/wp\/v2\/users\/1"}],"replies":[{"embeddable":true,"href":"https:\/\/www.invarena.cz\/index.php?rest_route=%2Fwp%2Fv2%2Fcomments&post=14111"}],"version-history":[{"count":0,"href":"https:\/\/www.invarena.cz\/index.php?rest_route=\/wp\/v2\/posts\/14111\/revisions"}],"wp:featuredmedia":[{"embeddable":true,"href":"https:\/\/www.invarena.cz\/index.php?rest_route=\/wp\/v2\/media\/6731"}],"wp:attachment":[{"href":"https:\/\/www.invarena.cz\/index.php?rest_route=%2Fwp%2Fv2%2Fmedia&parent=14111"}],"wp:term":[{"taxonomy":"category","embeddable":true,"href":"https:\/\/www.invarena.cz\/index.php?rest_route=%2Fwp%2Fv2%2Fcategories&post=14111"},{"taxonomy":"post_tag","embeddable":true,"href":"https:\/\/www.invarena.cz\/index.php?rest_route=%2Fwp%2Fv2%2Ftags&post=14111"}],"curies":[{"name":"wp","href":"https:\/\/api.w.org\/{rel}","templated":true}]}}