{"id":14112,"date":"2013-12-24T09:12:09","date_gmt":"2013-12-24T08:12:09","guid":{"rendered":"http:\/\/www.invarena.cz\/?p=14112"},"modified":"2014-10-20T20:08:46","modified_gmt":"2014-10-20T18:08:46","slug":"pf-ditko-prani-jen-e-mailem-a-penize-nemocnym-detem","status":"publish","type":"post","link":"https:\/\/www.invarena.cz\/?p=14112","title":{"rendered":"PF d\u00edtko: p\u0159\u00e1n\u00ed jen e-mailem a pen\u00edze nemocn\u00fdm d\u011btem"},"content":{"rendered":"<p><strong>\u00a0Letos pod strome\u010dek dostane dvouap\u016fllet\u00fd Martin Punda z Chodova pod strome\u010dek vedle aut\u00ed\u010dek tak\u00e9 finan\u010dn\u00ed pomoc od spole\u010dnosti Witte Nejdek. Mohou za to pap\u00edrov\u00e1 a novoro\u010dn\u00ed p\u0159\u00e1n\u00ed, kter\u00e9 v\u00fdrobce autod\u00edl\u016f z\u00e1sadn\u011b nepos\u00edl\u00e1 po\u0161tou. <!--more--><\/strong><\/p>\n<p>&nbsp;<\/p>\n<p>U\u0161et\u0159en\u00e9 pen\u00edze toti\u017e z\u00edskaj\u00ed hendikepovan\u00e9 d\u011bti. Za deset let tradice to je 300 tis\u00edc korun.<\/p>\n<p>Kdy\u017e p\u0159ivezla dom\u016f do Chodova sanita z \u00fasteck\u00e9 nemocnice sedm dn\u00ed po porodu mal\u00e9ho Martina rodi\u010d\u016fm Ev\u011b Kolitschov\u00e9 a Martinovi Pundovi, l\u00e9ka\u0159i p\u0159edpov\u00eddali, \u017ee clapec bude v pozd\u011bj\u0161\u00edm v\u011bku maxim\u00e1ln\u011b dyslektik a dysgrafik.<\/p>\n<p>&#8222;Potom se ale b\u011bhem r\u016fstu uk\u00e1zalo, \u017ee kv\u016fli poporodn\u00edmu otoku na mozku to bude hor\u0161\u00ed. \u0160ance, \u017ee d\u00edt\u011b za\u010dne chodit, st\u00e1le je. Jen se mus\u00ed p\u0159i cvi\u010den\u00ed po\u0159\u00e1dn\u011b makat, i kdy\u017e to n\u00e1\u0161 Mart\u00ednek nem\u00e1 r\u00e1d,&#8220; uvedli rodi\u010de.<\/p>\n<p>Obdr\u017een\u00fdch patn\u00e1ct tis\u00edc korun pova\u017euj\u00ed za hezk\u00fd d\u00e1rek pod strome\u010dek. Pou\u017eij\u00ed je mimo jin\u00e9 zjara na l\u00e1zn\u011b. &#8222;Pen\u00edze v rodin\u011b ub\u00fdvaj\u00ed a Martin l\u00e1zn\u011b pot\u0159ebuje. Po prvn\u00edm l\u00e9\u010debn\u00e9m pobytu se poprv\u00e9 v ko\u010d\u00e1rku posadil. Kdy\u017e jsme se vr\u00e1tili z druh\u00fdch l\u00e1zn\u00ed, otev\u0159el ru\u010di\u010dku,&#8220; uvedla Eva Kolitschov\u00e1.<\/p>\n<p>S \u00fasm\u011bvem dodala, \u017ee pen\u00edze letos z\u016fstaly v rodin\u011b. Pan Punda je toti\u017e zam\u011bstnancem Witte Nejdek a Martinova maminka tam l\u00e9ta pracovala na lince a\u017e do n\u00e1stupu na mate\u0159skou dovolenou.<\/p>\n<p>Druh\u00fdm leto\u0161n\u00edm PF Witte d\u00edtkem je p\u011btilet\u00fd Tom\u00e1\u0161 Jan\u00e1\u010dek z Nejdku. Tak\u00e9 on m\u00e1 hendikep a jeho maminka rovn\u011b\u017e pracuje ve Witte. Ka\u017ed\u00e9 z obou rodin zam\u011bstnavatel p\u0159ilep\u0161il z u\u0161et\u0159en\u00fdch pen\u011bz za &#8222;p\u00e9efka&#8220; 15 tis\u00edc korun. I Jan\u00e1\u010dkovi vyu\u017eij\u00ed pen\u00edze na l\u00e1zn\u011b.<\/p>\n<p>V\u00e1noce budou Martinovi rodi\u010de tr\u00e1vit sami doma. &#8222;Kluk m\u00e1 sice pohybov\u00e9 probl\u00e9my, ale mozek mu pracuje dob\u0159e. Na \u017eensk\u00e9 se sm\u011bje, ale chlapy nemus\u00ed. Vn\u00edm\u00e1, rozum\u00ed, ch\u00e1pe z\u00e1kazy. Na\u0161t\u011bst\u00ed nem\u00e1 bezduch\u00fd v\u00fdraz s otev\u0159enou pusou jako bohu\u017eel n\u011bkter\u00e9 d\u011bti, kter\u00e9 vid\u00edme v l\u00e1zn\u00edch,&#8220; uvedla maminka Eva.<\/p>\n<p>P\u0159i sledov\u00e1n\u00ed televize d\u011bl\u00e1 Martin t\u00e1tovi par\u0165\u00e1ka. P\u0159ednost d\u00e1v\u00e1 ledn\u00edmu hokeji, fotbalu a z\u00e1vod\u016fm formule, i kdy\u017e se vydr\u017e\u00ed d\u00edvat maxim\u00e1ln\u011b dvacet minut.<\/p>\n<p>Pen\u00edze od zam\u011bstnavatele se hod\u00ed i jinak. Speci\u00e1ln\u00ed seda\u010dka na doma p\u0159ijde na devades\u00e1t tis\u00edc korun. V\u011bt\u0161inu n\u00e1klad\u016f nakonec zaplatila poji\u0161\u0165ovna a nadace.<\/p>\n<p>Na my\u0161lenku finan\u010dn\u00edch dar\u016f p\u0159i\u0161el zakladatel firmy Witte Nejdek V\u00e1clav Jeni\u0161ta. &#8222;Mysl\u00edm, \u017ee za deset let tradice si firmy zvykly, \u017ee od n\u00e1s dost\u00e1vaj\u00ed v\u00fdhradn\u011b elektronick\u00e1 p\u0159\u00e1n\u00ed. A tak\u00e9 samoz\u0159ejm\u011b p\u0159ejeme partner\u016fm osobn\u011b,&#8220; uvedla mluv\u010d\u00ed druh\u00e9ho nejv\u011bt\u0161\u00edho zam\u011bstnavatele v regionu Martina Po\u0161tov\u00e1.<\/p>\n<p>Deset let z\u016fst\u00e1v\u00e1 v\u00fdrobce zamykac\u00edch syst\u00e9m\u016f v Nejdku se svoj\u00ed iniciativou osamocen\u00fd. Ale u\u017e p\u0159\u00ed\u0161t\u00ed rok by mohl m\u00edt t\u0159eba prvn\u00edho n\u00e1sledovn\u00edka. Z\u00e1le\u017e\u00ed to na tom, jestli n\u011bkdo usly\u0161\u00ed v\u00fdzvu. &#8222;Na V\u00e1noce chceme pom\u00e1hat opravdu pot\u0159ebn\u00fdm. P\u0159idejte se k n\u00e1m,&#8220; vzkazuj\u00ed v\u0161em auto\u0159i projektu Witte PF d\u00edtko.<\/p>\n<p>Mlad\u00e1 fronta DNES<\/p>\n<table>\n<tbody>\n<tr>\n<td>Vladim\u00edr Zedn\u00edk<\/td>\n<\/tr>\n<tr>\n<td>Odkaz:<\/td>\n<td><a href=\"http:\/\/zpravy.idnes.cz\/mfdnes.asp\" target=\"_blank\">http:\/\/zpravy.idnes.cz\/ mfdnes.asp<\/a><\/td>\n<\/tr>\n<\/tbody>\n<\/table>\n","protected":false},"excerpt":{"rendered":"<div class=\"mh-excerpt\"><p>\u00a0Letos pod strome\u010dek dostane dvouap\u016fllet\u00fd Martin Punda z Chodova pod strome\u010dek vedle aut\u00ed\u010dek tak\u00e9 finan\u010dn\u00ed pomoc od spole\u010dnosti Witte Nejdek. Mohou za to pap\u00edrov\u00e1 a <a class=\"mh-excerpt-more\" href=\"https:\/\/www.invarena.cz\/?p=14112\" title=\"PF d\u00edtko: p\u0159\u00e1n\u00ed jen e-mailem a pen\u00edze nemocn\u00fdm d\u011btem\">[&#8230;]<\/a><\/p>\n<\/div>","protected":false},"author":1,"featured_media":14122,"comment_status":"open","ping_status":"closed","sticky":false,"template":"","format":"standard","meta":{"footnotes":""},"categories":[7],"tags":[],"class_list":["post-14112","post","type-post","status-publish","format-standard","has-post-thumbnail","hentry","category-spolecnost"],"_links":{"self":[{"href":"https:\/\/www.invarena.cz\/index.php?rest_route=\/wp\/v2\/posts\/14112","targetHints":{"allow":["GET"]}}],"collection":[{"href":"https:\/\/www.invarena.cz\/index.php?rest_route=\/wp\/v2\/posts"}],"about":[{"href":"https:\/\/www.invarena.cz\/index.php?rest_route=\/wp\/v2\/types\/post"}],"author":[{"embeddable":true,"href":"https:\/\/www.invarena.cz\/index.php?rest_route=\/wp\/v2\/users\/1"}],"replies":[{"embeddable":true,"href":"https:\/\/www.invarena.cz\/index.php?rest_route=%2Fwp%2Fv2%2Fcomments&post=14112"}],"version-history":[{"count":0,"href":"https:\/\/www.invarena.cz\/index.php?rest_route=\/wp\/v2\/posts\/14112\/revisions"}],"wp:featuredmedia":[{"embeddable":true,"href":"https:\/\/www.invarena.cz\/index.php?rest_route=\/wp\/v2\/media\/14122"}],"wp:attachment":[{"href":"https:\/\/www.invarena.cz\/index.php?rest_route=%2Fwp%2Fv2%2Fmedia&parent=14112"}],"wp:term":[{"taxonomy":"category","embeddable":true,"href":"https:\/\/www.invarena.cz\/index.php?rest_route=%2Fwp%2Fv2%2Fcategories&post=14112"},{"taxonomy":"post_tag","embeddable":true,"href":"https:\/\/www.invarena.cz\/index.php?rest_route=%2Fwp%2Fv2%2Ftags&post=14112"}],"curies":[{"name":"wp","href":"https:\/\/api.w.org\/{rel}","templated":true}]}}